{"id":7647,"date":"2015-02-27T11:23:32","date_gmt":"2015-02-27T10:23:32","guid":{"rendered":"https:\/\/www.strukturholding.de\/fr\/generale\/gute-resonanz-bei-den-industrie-und-gewerbeflaechen-im-saarland-neue-ansiedlung-am-lisdorfer-berg\/"},"modified":"2017-07-05T09:49:14","modified_gmt":"2017-07-05T07:49:14","slug":"echos-positifs-pour-les-surfaces-industrielles-et-commerciales-en-sarre-nouvelle-implantation-au-lisdorfer-berg","status":"publish","type":"post","link":"https:\/\/www.strukturholding.de\/fr\/echos-positifs-pour-les-surfaces-industrielles-et-commerciales-en-sarre-nouvelle-implantation-au-lisdorfer-berg\/","title":{"rendered":"\u00c9chos positifs pour les surfaces industrielles et commerciales en Sarre \u2013 Nouvelle implantation au Lisdorfer Berg"},"content":{"rendered":"<h1><b>\u00c9chos positifs pour les surfaces industrielles et commerciales en Sarre \u2013 Nouvelle implantation au Lisdorfer Berg<\/b><\/h1>\n<p class=\"bodytext\">De nombreuses soci\u00e9t\u00e9s sarroises, mais aussi des entreprises d\u2019autres r\u00e9gions europ\u00e9ennes, profitent de cette offre du Masterplan, cofinanc\u00e9 par l\u2019Union europ\u00e9enne. Voici peu, l\u2019\u00e9quipementier automobile Braun CarTec avec ses 172 collaborateurs actuels a d\u00e9cid\u00e9 de faire construire son nouveau hall de production sur une surface de 80 000 m\u00e8tres carr\u00e9s dans l\u2019int\u00e9ressante zone industrielle du \u00ab GI Lisdorfer Berg \u00bb. C\u2019est bien la preuve que la mise \u00e0 disposition de zones industrielles \u00e9tendues non seulement attire des entreprises ext\u00e9rieures, mais aussi que ces zones sont indispensables pour les perspectives de croissance des entreprises d\u00e9j\u00e0 \u00e9tablies sur place.\u00a0Anke Rehlinger, ministre de l&rsquo;\u00e9conomie, le confirme : \u00ab Les surfaces que nous proposons sont \u00e0 la fois bien desservies et proches de la fronti\u00e8re : des avantages de poids pour les entreprises qui s\u2019y installeront, car elles seront ainsi en mesure de servir les march\u00e9s europ\u00e9ens de fa\u00e7on rapide et efficace. Il n&rsquo;est donc pas \u00e9tonnant que de tels terrains soient si convoit\u00e9s. \u00bb<\/p>\n<p class=\"bodytext\">Les investisseurs suivants se sont d\u00e9j\u00e0 d\u00e9cid\u00e9s pour le Lisdorf : Helvetia Packaging, un fabricant d\u2019emballages de boissons, l\u2019entreprise Mewa Textil-Service qui souhaite \u00e9tablir une nouvelle blanchisserie industrielle, Lakal Rolladen und Tortechnik, l\u2019entreprise Stahl- und Montagebau S.U.M.M.A, l\u2019atelier de galvanisation Coatinc Becker auxquels s\u2019ajoute maintenant l\u2019entreprise BraunCartec.<\/p>\n<p class=\"bodytext\">Le Lisdorfer Berg est d\u2019ailleurs le domaine le plus vaste dans l\u2019offre du plan avec au total 100 hectares de zone constructible une fois qu\u2019aura \u00e9t\u00e9 termin\u00e9e, en 2016, la deuxi\u00e8me partie du chantier. 45 pour cent des surfaces y sont d\u00e9j\u00e0 vendues. Si l\u2019on additionne toutes les quatre zones industrielles, le Masterplan offre des surfaces sur environ 200 hectares.<\/p>\n<p class=\"bodytext\">On s\u2019active aussi beaucoup au \u00ab GI Am Zunderbaum \u00bb pr\u00e8s de Homburg, o\u00f9 la premi\u00e8re partie des travaux sera achev\u00e9e en mai de cette ann\u00e9e. Huit investisseurs, venant en grande partie de la r\u00e9gion, se sont d\u00e9j\u00e0 d\u00e9cid\u00e9s pour cet emplacement. On compte parmi eux l\u2019entreprise Batz (jardinage et am\u00e9nagement paysager), l\u2019entreprise de transport M\u00fcller, l\u2019entreprise ambulanci\u00e8re Ambulanz Frisch et la soci\u00e9t\u00e9 commerciale de tuyaux Saro. S\u2019y ajoute la soci\u00e9t\u00e9 Creos (autrefois Saar Ferngas). Cette entreprise approvisionne en gaz naturel la Sarre et la Rh\u00e9nanie-Palatinat \u00e0 l\u2019aide de son propre r\u00e9seau long de plus de 1 700 kilom\u00e8tres. Son si\u00e8ge actuel se trouvant encore \u00e0 Sarrebruck, Creos emm\u00e9nagera \u00e9galement dans l\u2019arrondissement de Sarre-Palatinat.<\/p>\n<p class=\"bodytext\">Environ 65 pour cent de la zone industrielle Am Zunderbaum sont d\u00e9j\u00e0 attribu\u00e9s.<\/p>\n<p class=\"bodytext\"><b>Le concept du Masterplan Industriefl\u00e4chen Saarland a enti\u00e8rement port\u00e9 ses fruits.<\/b><\/p>\n<p class=\"bodytext\">Il r\u00e9pond \u00e0 une demande toujours aussi forte des entreprises qui veulent d\u2019une part des surfaces grandes et d\u2019un seul tenant et d\u2019autre part des surfaces petites et pouvant \u00eatre parcellis\u00e9es individuellement.<\/p>\n<p class=\"bodytext\">\u00ab Les choses bougent d\u00e9j\u00e0 pas mal. Nous avons re\u00e7u encore davantage de demandes prometteuses et concr\u00e8tes \u00bb se r\u00e9jouit Thomas Schuck, g\u00e9rant de la gwSaar, une filiale de la SHS, charg\u00e9e par le gouvernement du Land de la viabilisation des surfaces et de leur commercialisation.<\/p>\n<p><a href=\"http:\/\/www.masterplan-saarland.de\" target=\"_blank\">\u00bb www.masterplan-saarland.de<\/a><\/p>\n<hr \/>\n<p class=\"bodytext\"><b>GEWISS &#8211; Gewerbefl\u00e4chen-Informationssystem Saar (syst\u00e8me d\u2019information sur les surfaces commerciales en Sarre)<\/b><\/p>\n<p class=\"bodytext\">Toutes les surfaces disponibles en Sarre pour des implantations sont r\u00e9pertori\u00e9es dans le syst\u00e8me d\u2019information sur les surfaces commerciales en Sarre (\u00ab Gewiss \u00bb). Le catalogue en ligne des surfaces commerciales (www.gewiss-saarland.de) a fait l\u2019objet l\u2019ann\u00e9e derni\u00e8re de 14 000 consultations. Les internautes y trouveront une carte de la Sarre avec les surfaces marqu\u00e9es de diff\u00e9rentes couleurs. Les surfaces grises sont occup\u00e9es, les surfaces bleues sont disponibles de fa\u00e7on relativement rapide. Les surfaces vertes sont disponibles dans les quatre \u00e0 douze mois et les surfaces jaunes indiquent les endroits avec une dur\u00e9e d\u2019attente plus longue. \u00c0 l\u2019heure actuelle, en Sarre, 246 terrains d\u2019une surface totale de 253 hectares sont imm\u00e9diatement disponibles \u00e0 des fins industrielles ou commerciales.<\/p>\n<p class=\"bodytext\">\u00c0 l\u2019automne de chaque ann\u00e9e, des experts des offices de la construction et des biens fonciers des 52 communes de la Sarre sont consult\u00e9s sur l\u2019\u00e9tat actuel de la planification. Sont \u00e9galement pris en compte les propri\u00e9taires de biens fonciers commerciaux disponibles pour implantations, comme la multinationale mini\u00e8re RAG ou les entreprises portuaires. Les donn\u00e9es font l\u2019objet d\u2019une \u00e9valuation chez SHS Strukturholding Saar. Au d\u00e9but de chaque ann\u00e9e, le registre des surfaces est mis \u00e0 jour.<\/p>\n<p class=\"bodytext\">Initi\u00e9 par le minist\u00e8re de l\u2019\u00e9conomie, du travail, de l\u2019\u00e9nergie et des transports de la Sarre et par la gwSaar (soci\u00e9t\u00e9 pour le d\u00e9veloppement \u00e9conomique en Sarre), une filiale de la SHS, ce catalogue en ligne des surfaces commerciales a \u00e9t\u00e9 r\u00e9alis\u00e9 avec le soutien des villes et communes sarroises.<\/p>\n<p class=\"bodytext\">\u00c0 noter que, dans toute l\u2019Allemagne, la Sarre est le seul Land \u00e0 offrir un service de ce genre.<\/p>\n<h2><a href=\"http:\/\/www.gewiss-saarland.de\" target=\"_blank\">\u00bb www.gewiss-saarland.de<\/a><\/h2>\n","protected":false},"excerpt":{"rendered":"<p>\u00c9chos positifs pour les surfaces industrielles et commerciales en Sarre \u2013 Nouvelle implantation au Lisdorfer<\/p>\n","protected":false},"author":2,"featured_media":0,"comment_status":"closed","ping_status":"open","sticky":false,"template":"","format":"standard","meta":{"_acf_changed":false,"footnotes":""},"categories":[18,99,98,60,17],"tags":[],"class_list":["post-7647","post","type-post","status-publish","format-standard","hentry","category-actualites","category-archives","category-archives-2015","category-gwsaar-fr","category-nouvelles"],"acf":[],"yoast_head":"<!-- This site is optimized with the Yoast SEO plugin v27.4 - https:\/\/yoast.com\/product\/yoast-seo-wordpress\/ -->\n<title>\u00c9chos positifs pour les surfaces industrielles et commerciales en Sarre \u2013 Nouvelle implantation au Lisdorfer Berg - SHS | Strukturholding Saar<\/title>\n<meta name=\"robots\" content=\"index, follow, max-snippet:-1, max-image-preview:large, max-video-preview:-1\" \/>\n<link rel=\"canonical\" href=\"https:\/\/www.strukturholding.de\/fr\/echos-positifs-pour-les-surfaces-industrielles-et-commerciales-en-sarre-nouvelle-implantation-au-lisdorfer-berg\/\" \/>\n<meta property=\"og:locale\" content=\"fr_FR\" \/>\n<meta property=\"og:type\" content=\"article\" \/>\n<meta property=\"og:title\" content=\"\u00c9chos positifs pour les surfaces industrielles et commerciales en Sarre \u2013 Nouvelle implantation au Lisdorfer Berg - SHS | Strukturholding Saar\" \/>\n<meta property=\"og:description\" content=\"\u00c9chos positifs pour les surfaces industrielles et commerciales en Sarre \u2013 Nouvelle implantation au Lisdorfer\" \/>\n<meta property=\"og:url\" content=\"https:\/\/www.strukturholding.de\/fr\/echos-positifs-pour-les-surfaces-industrielles-et-commerciales-en-sarre-nouvelle-implantation-au-lisdorfer-berg\/\" \/>\n<meta property=\"og:site_name\" content=\"SHS | Strukturholding Saar\" \/>\n<meta property=\"article:published_time\" content=\"2015-02-27T10:23:32+00:00\" \/>\n<meta property=\"article:modified_time\" content=\"2017-07-05T07:49:14+00:00\" \/>\n<meta property=\"og:image\" content=\"https:\/\/www.strukturholding.de\/wp-content\/uploads\/2016\/10\/og_image_strukturholding.jpg\" \/>\n\t<meta property=\"og:image:width\" content=\"1200\" \/>\n\t<meta property=\"og:image:height\" content=\"630\" \/>\n\t<meta property=\"og:image:type\" content=\"image\/jpeg\" \/>\n<meta name=\"author\" content=\"fm2H2@frmtn.de\" \/>\n<meta name=\"twitter:label1\" content=\"\u00c9crit par\" \/>\n\t<meta name=\"twitter:data1\" content=\"fm2H2@frmtn.de\" \/>\n\t<meta name=\"twitter:label2\" content=\"Dur\u00e9e de lecture estim\u00e9e\" \/>\n\t<meta name=\"twitter:data2\" content=\"4 minutes\" \/>\n<script type=\"application\/ld+json\" class=\"yoast-schema-graph\">{\"@context\":\"https:\\\/\\\/schema.org\",\"@graph\":[{\"@type\":\"Article\",\"@id\":\"https:\\\/\\\/www.strukturholding.de\\\/fr\\\/echos-positifs-pour-les-surfaces-industrielles-et-commerciales-en-sarre-nouvelle-implantation-au-lisdorfer-berg\\\/#article\",\"isPartOf\":{\"@id\":\"https:\\\/\\\/www.strukturholding.de\\\/fr\\\/echos-positifs-pour-les-surfaces-industrielles-et-commerciales-en-sarre-nouvelle-implantation-au-lisdorfer-berg\\\/\"},\"author\":{\"name\":\"fm2H2@frmtn.de\",\"@id\":\"https:\\\/\\\/www.strukturholding.de\\\/#\\\/schema\\\/person\\\/0bdda3f38102ef76ca8a1ea485f9e7d7\"},\"headline\":\"\u00c9chos positifs pour les surfaces industrielles et commerciales en Sarre \u2013 Nouvelle implantation au Lisdorfer Berg\",\"datePublished\":\"2015-02-27T10:23:32+00:00\",\"dateModified\":\"2017-07-05T07:49:14+00:00\",\"mainEntityOfPage\":{\"@id\":\"https:\\\/\\\/www.strukturholding.de\\\/fr\\\/echos-positifs-pour-les-surfaces-industrielles-et-commerciales-en-sarre-nouvelle-implantation-au-lisdorfer-berg\\\/\"},\"wordCount\":878,\"articleSection\":[\"Actualites\",\"Archives\",\"Archives 2015\",\"gwSaar\",\"Nouvelles\"],\"inLanguage\":\"fr-FR\"},{\"@type\":\"WebPage\",\"@id\":\"https:\\\/\\\/www.strukturholding.de\\\/fr\\\/echos-positifs-pour-les-surfaces-industrielles-et-commerciales-en-sarre-nouvelle-implantation-au-lisdorfer-berg\\\/\",\"url\":\"https:\\\/\\\/www.strukturholding.de\\\/fr\\\/echos-positifs-pour-les-surfaces-industrielles-et-commerciales-en-sarre-nouvelle-implantation-au-lisdorfer-berg\\\/\",\"name\":\"\u00c9chos positifs pour les surfaces industrielles et commerciales en Sarre \u2013 Nouvelle implantation au Lisdorfer Berg - SHS | Strukturholding Saar\",\"isPartOf\":{\"@id\":\"https:\\\/\\\/www.strukturholding.de\\\/#website\"},\"datePublished\":\"2015-02-27T10:23:32+00:00\",\"dateModified\":\"2017-07-05T07:49:14+00:00\",\"author\":{\"@id\":\"https:\\\/\\\/www.strukturholding.de\\\/#\\\/schema\\\/person\\\/0bdda3f38102ef76ca8a1ea485f9e7d7\"},\"breadcrumb\":{\"@id\":\"https:\\\/\\\/www.strukturholding.de\\\/fr\\\/echos-positifs-pour-les-surfaces-industrielles-et-commerciales-en-sarre-nouvelle-implantation-au-lisdorfer-berg\\\/#breadcrumb\"},\"inLanguage\":\"fr-FR\",\"potentialAction\":[{\"@type\":\"ReadAction\",\"target\":[\"https:\\\/\\\/www.strukturholding.de\\\/fr\\\/echos-positifs-pour-les-surfaces-industrielles-et-commerciales-en-sarre-nouvelle-implantation-au-lisdorfer-berg\\\/\"]}]},{\"@type\":\"BreadcrumbList\",\"@id\":\"https:\\\/\\\/www.strukturholding.de\\\/fr\\\/echos-positifs-pour-les-surfaces-industrielles-et-commerciales-en-sarre-nouvelle-implantation-au-lisdorfer-berg\\\/#breadcrumb\",\"itemListElement\":[{\"@type\":\"ListItem\",\"position\":1,\"name\":\"Startseite\",\"item\":\"https:\\\/\\\/www.strukturholding.de\\\/fr\\\/\"},{\"@type\":\"ListItem\",\"position\":2,\"name\":\"\u00c9chos positifs pour les surfaces industrielles et commerciales en Sarre \u2013 Nouvelle implantation au Lisdorfer Berg\"}]},{\"@type\":\"WebSite\",\"@id\":\"https:\\\/\\\/www.strukturholding.de\\\/#website\",\"url\":\"https:\\\/\\\/www.strukturholding.de\\\/\",\"name\":\"SHS | Strukturholding Saar\",\"description\":\"\",\"potentialAction\":[{\"@type\":\"SearchAction\",\"target\":{\"@type\":\"EntryPoint\",\"urlTemplate\":\"https:\\\/\\\/www.strukturholding.de\\\/?s={search_term_string}\"},\"query-input\":{\"@type\":\"PropertyValueSpecification\",\"valueRequired\":true,\"valueName\":\"search_term_string\"}}],\"inLanguage\":\"fr-FR\"},{\"@type\":\"Person\",\"@id\":\"https:\\\/\\\/www.strukturholding.de\\\/#\\\/schema\\\/person\\\/0bdda3f38102ef76ca8a1ea485f9e7d7\",\"name\":\"fm2H2@frmtn.de\",\"url\":\"https:\\\/\\\/www.strukturholding.de\\\/fr\\\/author\\\/hdw\\\/\"}]}<\/script>\n<!-- \/ Yoast SEO plugin. -->","yoast_head_json":{"title":"\u00c9chos positifs pour les surfaces industrielles et commerciales en Sarre \u2013 Nouvelle implantation au Lisdorfer Berg - SHS | Strukturholding Saar","robots":{"index":"index","follow":"follow","max-snippet":"max-snippet:-1","max-image-preview":"max-image-preview:large","max-video-preview":"max-video-preview:-1"},"canonical":"https:\/\/www.strukturholding.de\/fr\/echos-positifs-pour-les-surfaces-industrielles-et-commerciales-en-sarre-nouvelle-implantation-au-lisdorfer-berg\/","og_locale":"fr_FR","og_type":"article","og_title":"\u00c9chos positifs pour les surfaces industrielles et commerciales en Sarre \u2013 Nouvelle implantation au Lisdorfer Berg - SHS | Strukturholding Saar","og_description":"\u00c9chos positifs pour les surfaces industrielles et commerciales en Sarre \u2013 Nouvelle implantation au Lisdorfer","og_url":"https:\/\/www.strukturholding.de\/fr\/echos-positifs-pour-les-surfaces-industrielles-et-commerciales-en-sarre-nouvelle-implantation-au-lisdorfer-berg\/","og_site_name":"SHS | Strukturholding Saar","article_published_time":"2015-02-27T10:23:32+00:00","article_modified_time":"2017-07-05T07:49:14+00:00","og_image":[{"width":1200,"height":630,"url":"https:\/\/www.strukturholding.de\/wp-content\/uploads\/2016\/10\/og_image_strukturholding.jpg","type":"image\/jpeg"}],"author":"fm2H2@frmtn.de","twitter_misc":{"\u00c9crit par":"fm2H2@frmtn.de","Dur\u00e9e de lecture estim\u00e9e":"4 minutes"},"schema":{"@context":"https:\/\/schema.org","@graph":[{"@type":"Article","@id":"https:\/\/www.strukturholding.de\/fr\/echos-positifs-pour-les-surfaces-industrielles-et-commerciales-en-sarre-nouvelle-implantation-au-lisdorfer-berg\/#article","isPartOf":{"@id":"https:\/\/www.strukturholding.de\/fr\/echos-positifs-pour-les-surfaces-industrielles-et-commerciales-en-sarre-nouvelle-implantation-au-lisdorfer-berg\/"},"author":{"name":"fm2H2@frmtn.de","@id":"https:\/\/www.strukturholding.de\/#\/schema\/person\/0bdda3f38102ef76ca8a1ea485f9e7d7"},"headline":"\u00c9chos positifs pour les surfaces industrielles et commerciales en Sarre \u2013 Nouvelle implantation au Lisdorfer Berg","datePublished":"2015-02-27T10:23:32+00:00","dateModified":"2017-07-05T07:49:14+00:00","mainEntityOfPage":{"@id":"https:\/\/www.strukturholding.de\/fr\/echos-positifs-pour-les-surfaces-industrielles-et-commerciales-en-sarre-nouvelle-implantation-au-lisdorfer-berg\/"},"wordCount":878,"articleSection":["Actualites","Archives","Archives 2015","gwSaar","Nouvelles"],"inLanguage":"fr-FR"},{"@type":"WebPage","@id":"https:\/\/www.strukturholding.de\/fr\/echos-positifs-pour-les-surfaces-industrielles-et-commerciales-en-sarre-nouvelle-implantation-au-lisdorfer-berg\/","url":"https:\/\/www.strukturholding.de\/fr\/echos-positifs-pour-les-surfaces-industrielles-et-commerciales-en-sarre-nouvelle-implantation-au-lisdorfer-berg\/","name":"\u00c9chos positifs pour les surfaces industrielles et commerciales en Sarre \u2013 Nouvelle implantation au Lisdorfer Berg - SHS | Strukturholding Saar","isPartOf":{"@id":"https:\/\/www.strukturholding.de\/#website"},"datePublished":"2015-02-27T10:23:32+00:00","dateModified":"2017-07-05T07:49:14+00:00","author":{"@id":"https:\/\/www.strukturholding.de\/#\/schema\/person\/0bdda3f38102ef76ca8a1ea485f9e7d7"},"breadcrumb":{"@id":"https:\/\/www.strukturholding.de\/fr\/echos-positifs-pour-les-surfaces-industrielles-et-commerciales-en-sarre-nouvelle-implantation-au-lisdorfer-berg\/#breadcrumb"},"inLanguage":"fr-FR","potentialAction":[{"@type":"ReadAction","target":["https:\/\/www.strukturholding.de\/fr\/echos-positifs-pour-les-surfaces-industrielles-et-commerciales-en-sarre-nouvelle-implantation-au-lisdorfer-berg\/"]}]},{"@type":"BreadcrumbList","@id":"https:\/\/www.strukturholding.de\/fr\/echos-positifs-pour-les-surfaces-industrielles-et-commerciales-en-sarre-nouvelle-implantation-au-lisdorfer-berg\/#breadcrumb","itemListElement":[{"@type":"ListItem","position":1,"name":"Startseite","item":"https:\/\/www.strukturholding.de\/fr\/"},{"@type":"ListItem","position":2,"name":"\u00c9chos positifs pour les surfaces industrielles et commerciales en Sarre \u2013 Nouvelle implantation au Lisdorfer Berg"}]},{"@type":"WebSite","@id":"https:\/\/www.strukturholding.de\/#website","url":"https:\/\/www.strukturholding.de\/","name":"SHS | Strukturholding Saar","description":"","potentialAction":[{"@type":"SearchAction","target":{"@type":"EntryPoint","urlTemplate":"https:\/\/www.strukturholding.de\/?s={search_term_string}"},"query-input":{"@type":"PropertyValueSpecification","valueRequired":true,"valueName":"search_term_string"}}],"inLanguage":"fr-FR"},{"@type":"Person","@id":"https:\/\/www.strukturholding.de\/#\/schema\/person\/0bdda3f38102ef76ca8a1ea485f9e7d7","name":"fm2H2@frmtn.de","url":"https:\/\/www.strukturholding.de\/fr\/author\/hdw\/"}]}},"_links":{"self":[{"href":"https:\/\/www.strukturholding.de\/fr\/wp-json\/wp\/v2\/posts\/7647","targetHints":{"allow":["GET"]}}],"collection":[{"href":"https:\/\/www.strukturholding.de\/fr\/wp-json\/wp\/v2\/posts"}],"about":[{"href":"https:\/\/www.strukturholding.de\/fr\/wp-json\/wp\/v2\/types\/post"}],"author":[{"embeddable":true,"href":"https:\/\/www.strukturholding.de\/fr\/wp-json\/wp\/v2\/users\/2"}],"replies":[{"embeddable":true,"href":"https:\/\/www.strukturholding.de\/fr\/wp-json\/wp\/v2\/comments?post=7647"}],"version-history":[{"count":0,"href":"https:\/\/www.strukturholding.de\/fr\/wp-json\/wp\/v2\/posts\/7647\/revisions"}],"wp:attachment":[{"href":"https:\/\/www.strukturholding.de\/fr\/wp-json\/wp\/v2\/media?parent=7647"}],"wp:term":[{"taxonomy":"category","embeddable":true,"href":"https:\/\/www.strukturholding.de\/fr\/wp-json\/wp\/v2\/categories?post=7647"},{"taxonomy":"post_tag","embeddable":true,"href":"https:\/\/www.strukturholding.de\/fr\/wp-json\/wp\/v2\/tags?post=7647"}],"curies":[{"name":"wp","href":"https:\/\/api.w.org\/{rel}","templated":true}]}}