{"id":7627,"date":"2015-05-20T14:26:20","date_gmt":"2015-05-20T12:26:20","guid":{"rendered":"https:\/\/www.strukturholding.de\/fr\/generale\/la-zone-industrielle-gi-holz-sadapte-aux-besoins-des-entreprises-regionales\/"},"modified":"2017-07-07T08:46:12","modified_gmt":"2017-07-07T06:46:12","slug":"la-zone-industrielle-gi-holz-sadapte-aux-besoins-des-entreprises-regionales","status":"publish","type":"post","link":"https:\/\/www.strukturholding.de\/fr\/la-zone-industrielle-gi-holz-sadapte-aux-besoins-des-entreprises-regionales\/","title":{"rendered":"La zone industrielle \u00ab GI Holz \u00bb s&rsquo;adapte aux besoins des entreprises r\u00e9gionales"},"content":{"rendered":"<h1>La zone industrielle \u00ab GI Holz \u00bb s&rsquo;adapte aux besoins des entreprises r\u00e9gionales<\/h1>\n<p>L\u2019emplacement du plan directeur dans le Nord de la Sarre, avec acc\u00e8s direct \u00e0 la B268, a \u00e9t\u00e9 enti\u00e8rement viabilis\u00e9 et d\u00e9velopp\u00e9 par la gwSaar (soci\u00e9t\u00e9 pour le d\u00e9veloppement \u00e9conomique en Sarre) dans le cadre du plan directeur des surfaces industrielles de la Sarre sponsoris\u00e9 par l\u2019UE. \u00ab La r\u00e9gion qui entoure la zone industrielle et commerciale GI Holz est en plein essor. Nous savons que de nombreuses entreprises ont des projets d\u2019extension. En offrant maintenant la possibilit\u00e9 de cr\u00e9er de petites parcelles, nous r\u00e9pondons aux besoins de ces entreprises \u00bb explique Thomas Schuck, PDG de gwSaar. La nouvelle viabilisation permet d\u00e8s maintenant des surfaces individuelles de terrain \u00e0 partir de 2 000 m\u00e8tres carr\u00e9s.<\/p>\n<p>&nbsp;<\/p>\n<p>Facilement accessible depuis les autoroutes allemandes A620, A1 ainsi que A8, la zone qui entoure la commune de Losheim jouit d\u2019une situation tr\u00e8s favorable en ce qui concerne les moyens de transport. Comptant \u00e0 l\u2019heure actuelle 16 400 habitants, la commune de Losheim est un des centres \u00e9conomiques les plus importants de l\u2019arrondissement de Mercy-Waderen (Merzig Wadern). La structure \u00e9conomique de la commune est caract\u00e9ris\u00e9e particuli\u00e8rement par des PME familiales dans les secteurs de la production et de la prestation, mais \u00e9galement par des entreprises qui op\u00e8rent sur les plans europ\u00e9en et international.<\/p>\n","protected":false},"excerpt":{"rendered":"<p>La zone industrielle \u00ab GI Holz \u00bb s&rsquo;adapte aux besoins des entreprises r\u00e9gionales L\u2019emplacement du<\/p>\n","protected":false},"author":2,"featured_media":0,"comment_status":"closed","ping_status":"closed","sticky":false,"template":"","format":"standard","meta":{"_acf_changed":false,"footnotes":""},"categories":[18,99,98,60,17],"tags":[],"class_list":["post-7627","post","type-post","status-publish","format-standard","hentry","category-actualites","category-archives","category-archives-2015","category-gwsaar-fr","category-nouvelles"],"acf":[],"yoast_head":"<!-- This site is optimized with the Yoast SEO plugin v27.4 - https:\/\/yoast.com\/product\/yoast-seo-wordpress\/ -->\n<title>La zone industrielle \u00ab GI Holz \u00bb s&#039;adapte aux besoins des entreprises r\u00e9gionales - SHS | Strukturholding Saar<\/title>\n<meta name=\"robots\" content=\"index, follow, max-snippet:-1, max-image-preview:large, max-video-preview:-1\" \/>\n<link rel=\"canonical\" href=\"https:\/\/www.strukturholding.de\/fr\/la-zone-industrielle-gi-holz-sadapte-aux-besoins-des-entreprises-regionales\/\" \/>\n<meta property=\"og:locale\" content=\"fr_FR\" \/>\n<meta property=\"og:type\" content=\"article\" \/>\n<meta property=\"og:title\" content=\"La zone industrielle \u00ab GI Holz \u00bb s&#039;adapte aux besoins des entreprises r\u00e9gionales - SHS | Strukturholding Saar\" \/>\n<meta property=\"og:description\" content=\"La zone industrielle \u00ab GI Holz \u00bb s&rsquo;adapte aux besoins des entreprises r\u00e9gionales L\u2019emplacement du\" \/>\n<meta property=\"og:url\" content=\"https:\/\/www.strukturholding.de\/fr\/la-zone-industrielle-gi-holz-sadapte-aux-besoins-des-entreprises-regionales\/\" \/>\n<meta property=\"og:site_name\" content=\"SHS | Strukturholding Saar\" \/>\n<meta property=\"article:published_time\" content=\"2015-05-20T12:26:20+00:00\" \/>\n<meta property=\"article:modified_time\" content=\"2017-07-07T06:46:12+00:00\" \/>\n<meta property=\"og:image\" content=\"https:\/\/www.strukturholding.de\/wp-content\/uploads\/2016\/10\/og_image_strukturholding.jpg\" \/>\n\t<meta property=\"og:image:width\" content=\"1200\" \/>\n\t<meta property=\"og:image:height\" content=\"630\" \/>\n\t<meta property=\"og:image:type\" content=\"image\/jpeg\" \/>\n<meta name=\"author\" content=\"fm2H2@frmtn.de\" \/>\n<meta name=\"twitter:label1\" content=\"\u00c9crit par\" \/>\n\t<meta name=\"twitter:data1\" content=\"fm2H2@frmtn.de\" \/>\n\t<meta name=\"twitter:label2\" content=\"Dur\u00e9e de lecture estim\u00e9e\" \/>\n\t<meta name=\"twitter:data2\" content=\"1 minute\" \/>\n<script type=\"application\/ld+json\" class=\"yoast-schema-graph\">{\"@context\":\"https:\\\/\\\/schema.org\",\"@graph\":[{\"@type\":\"Article\",\"@id\":\"https:\\\/\\\/www.strukturholding.de\\\/fr\\\/la-zone-industrielle-gi-holz-sadapte-aux-besoins-des-entreprises-regionales\\\/#article\",\"isPartOf\":{\"@id\":\"https:\\\/\\\/www.strukturholding.de\\\/fr\\\/la-zone-industrielle-gi-holz-sadapte-aux-besoins-des-entreprises-regionales\\\/\"},\"author\":{\"name\":\"fm2H2@frmtn.de\",\"@id\":\"https:\\\/\\\/www.strukturholding.de\\\/#\\\/schema\\\/person\\\/0bdda3f38102ef76ca8a1ea485f9e7d7\"},\"headline\":\"La zone industrielle \u00ab GI Holz \u00bb s&rsquo;adapte aux besoins des entreprises r\u00e9gionales\",\"datePublished\":\"2015-05-20T12:26:20+00:00\",\"dateModified\":\"2017-07-07T06:46:12+00:00\",\"mainEntityOfPage\":{\"@id\":\"https:\\\/\\\/www.strukturholding.de\\\/fr\\\/la-zone-industrielle-gi-holz-sadapte-aux-besoins-des-entreprises-regionales\\\/\"},\"wordCount\":247,\"articleSection\":[\"Actualites\",\"Archives\",\"Archives 2015\",\"gwSaar\",\"Nouvelles\"],\"inLanguage\":\"fr-FR\"},{\"@type\":\"WebPage\",\"@id\":\"https:\\\/\\\/www.strukturholding.de\\\/fr\\\/la-zone-industrielle-gi-holz-sadapte-aux-besoins-des-entreprises-regionales\\\/\",\"url\":\"https:\\\/\\\/www.strukturholding.de\\\/fr\\\/la-zone-industrielle-gi-holz-sadapte-aux-besoins-des-entreprises-regionales\\\/\",\"name\":\"La zone industrielle \u00ab GI Holz \u00bb s'adapte aux besoins des entreprises r\u00e9gionales - SHS | Strukturholding Saar\",\"isPartOf\":{\"@id\":\"https:\\\/\\\/www.strukturholding.de\\\/#website\"},\"datePublished\":\"2015-05-20T12:26:20+00:00\",\"dateModified\":\"2017-07-07T06:46:12+00:00\",\"author\":{\"@id\":\"https:\\\/\\\/www.strukturholding.de\\\/#\\\/schema\\\/person\\\/0bdda3f38102ef76ca8a1ea485f9e7d7\"},\"breadcrumb\":{\"@id\":\"https:\\\/\\\/www.strukturholding.de\\\/fr\\\/la-zone-industrielle-gi-holz-sadapte-aux-besoins-des-entreprises-regionales\\\/#breadcrumb\"},\"inLanguage\":\"fr-FR\",\"potentialAction\":[{\"@type\":\"ReadAction\",\"target\":[\"https:\\\/\\\/www.strukturholding.de\\\/fr\\\/la-zone-industrielle-gi-holz-sadapte-aux-besoins-des-entreprises-regionales\\\/\"]}]},{\"@type\":\"BreadcrumbList\",\"@id\":\"https:\\\/\\\/www.strukturholding.de\\\/fr\\\/la-zone-industrielle-gi-holz-sadapte-aux-besoins-des-entreprises-regionales\\\/#breadcrumb\",\"itemListElement\":[{\"@type\":\"ListItem\",\"position\":1,\"name\":\"Startseite\",\"item\":\"https:\\\/\\\/www.strukturholding.de\\\/fr\\\/\"},{\"@type\":\"ListItem\",\"position\":2,\"name\":\"La zone industrielle \u00ab GI Holz \u00bb s&rsquo;adapte aux besoins des entreprises r\u00e9gionales\"}]},{\"@type\":\"WebSite\",\"@id\":\"https:\\\/\\\/www.strukturholding.de\\\/#website\",\"url\":\"https:\\\/\\\/www.strukturholding.de\\\/\",\"name\":\"SHS | Strukturholding Saar\",\"description\":\"\",\"potentialAction\":[{\"@type\":\"SearchAction\",\"target\":{\"@type\":\"EntryPoint\",\"urlTemplate\":\"https:\\\/\\\/www.strukturholding.de\\\/?s={search_term_string}\"},\"query-input\":{\"@type\":\"PropertyValueSpecification\",\"valueRequired\":true,\"valueName\":\"search_term_string\"}}],\"inLanguage\":\"fr-FR\"},{\"@type\":\"Person\",\"@id\":\"https:\\\/\\\/www.strukturholding.de\\\/#\\\/schema\\\/person\\\/0bdda3f38102ef76ca8a1ea485f9e7d7\",\"name\":\"fm2H2@frmtn.de\",\"url\":\"https:\\\/\\\/www.strukturholding.de\\\/fr\\\/author\\\/hdw\\\/\"}]}<\/script>\n<!-- \/ Yoast SEO plugin. -->","yoast_head_json":{"title":"La zone industrielle \u00ab GI Holz \u00bb s'adapte aux besoins des entreprises r\u00e9gionales - SHS | Strukturholding Saar","robots":{"index":"index","follow":"follow","max-snippet":"max-snippet:-1","max-image-preview":"max-image-preview:large","max-video-preview":"max-video-preview:-1"},"canonical":"https:\/\/www.strukturholding.de\/fr\/la-zone-industrielle-gi-holz-sadapte-aux-besoins-des-entreprises-regionales\/","og_locale":"fr_FR","og_type":"article","og_title":"La zone industrielle \u00ab GI Holz \u00bb s'adapte aux besoins des entreprises r\u00e9gionales - SHS | Strukturholding Saar","og_description":"La zone industrielle \u00ab GI Holz \u00bb s&rsquo;adapte aux besoins des entreprises r\u00e9gionales L\u2019emplacement du","og_url":"https:\/\/www.strukturholding.de\/fr\/la-zone-industrielle-gi-holz-sadapte-aux-besoins-des-entreprises-regionales\/","og_site_name":"SHS | Strukturholding Saar","article_published_time":"2015-05-20T12:26:20+00:00","article_modified_time":"2017-07-07T06:46:12+00:00","og_image":[{"width":1200,"height":630,"url":"https:\/\/www.strukturholding.de\/wp-content\/uploads\/2016\/10\/og_image_strukturholding.jpg","type":"image\/jpeg"}],"author":"fm2H2@frmtn.de","twitter_misc":{"\u00c9crit par":"fm2H2@frmtn.de","Dur\u00e9e de lecture estim\u00e9e":"1 minute"},"schema":{"@context":"https:\/\/schema.org","@graph":[{"@type":"Article","@id":"https:\/\/www.strukturholding.de\/fr\/la-zone-industrielle-gi-holz-sadapte-aux-besoins-des-entreprises-regionales\/#article","isPartOf":{"@id":"https:\/\/www.strukturholding.de\/fr\/la-zone-industrielle-gi-holz-sadapte-aux-besoins-des-entreprises-regionales\/"},"author":{"name":"fm2H2@frmtn.de","@id":"https:\/\/www.strukturholding.de\/#\/schema\/person\/0bdda3f38102ef76ca8a1ea485f9e7d7"},"headline":"La zone industrielle \u00ab GI Holz \u00bb s&rsquo;adapte aux besoins des entreprises r\u00e9gionales","datePublished":"2015-05-20T12:26:20+00:00","dateModified":"2017-07-07T06:46:12+00:00","mainEntityOfPage":{"@id":"https:\/\/www.strukturholding.de\/fr\/la-zone-industrielle-gi-holz-sadapte-aux-besoins-des-entreprises-regionales\/"},"wordCount":247,"articleSection":["Actualites","Archives","Archives 2015","gwSaar","Nouvelles"],"inLanguage":"fr-FR"},{"@type":"WebPage","@id":"https:\/\/www.strukturholding.de\/fr\/la-zone-industrielle-gi-holz-sadapte-aux-besoins-des-entreprises-regionales\/","url":"https:\/\/www.strukturholding.de\/fr\/la-zone-industrielle-gi-holz-sadapte-aux-besoins-des-entreprises-regionales\/","name":"La zone industrielle \u00ab GI Holz \u00bb s'adapte aux besoins des entreprises r\u00e9gionales - SHS | Strukturholding Saar","isPartOf":{"@id":"https:\/\/www.strukturholding.de\/#website"},"datePublished":"2015-05-20T12:26:20+00:00","dateModified":"2017-07-07T06:46:12+00:00","author":{"@id":"https:\/\/www.strukturholding.de\/#\/schema\/person\/0bdda3f38102ef76ca8a1ea485f9e7d7"},"breadcrumb":{"@id":"https:\/\/www.strukturholding.de\/fr\/la-zone-industrielle-gi-holz-sadapte-aux-besoins-des-entreprises-regionales\/#breadcrumb"},"inLanguage":"fr-FR","potentialAction":[{"@type":"ReadAction","target":["https:\/\/www.strukturholding.de\/fr\/la-zone-industrielle-gi-holz-sadapte-aux-besoins-des-entreprises-regionales\/"]}]},{"@type":"BreadcrumbList","@id":"https:\/\/www.strukturholding.de\/fr\/la-zone-industrielle-gi-holz-sadapte-aux-besoins-des-entreprises-regionales\/#breadcrumb","itemListElement":[{"@type":"ListItem","position":1,"name":"Startseite","item":"https:\/\/www.strukturholding.de\/fr\/"},{"@type":"ListItem","position":2,"name":"La zone industrielle \u00ab GI Holz \u00bb s&rsquo;adapte aux besoins des entreprises r\u00e9gionales"}]},{"@type":"WebSite","@id":"https:\/\/www.strukturholding.de\/#website","url":"https:\/\/www.strukturholding.de\/","name":"SHS | Strukturholding Saar","description":"","potentialAction":[{"@type":"SearchAction","target":{"@type":"EntryPoint","urlTemplate":"https:\/\/www.strukturholding.de\/?s={search_term_string}"},"query-input":{"@type":"PropertyValueSpecification","valueRequired":true,"valueName":"search_term_string"}}],"inLanguage":"fr-FR"},{"@type":"Person","@id":"https:\/\/www.strukturholding.de\/#\/schema\/person\/0bdda3f38102ef76ca8a1ea485f9e7d7","name":"fm2H2@frmtn.de","url":"https:\/\/www.strukturholding.de\/fr\/author\/hdw\/"}]}},"_links":{"self":[{"href":"https:\/\/www.strukturholding.de\/fr\/wp-json\/wp\/v2\/posts\/7627","targetHints":{"allow":["GET"]}}],"collection":[{"href":"https:\/\/www.strukturholding.de\/fr\/wp-json\/wp\/v2\/posts"}],"about":[{"href":"https:\/\/www.strukturholding.de\/fr\/wp-json\/wp\/v2\/types\/post"}],"author":[{"embeddable":true,"href":"https:\/\/www.strukturholding.de\/fr\/wp-json\/wp\/v2\/users\/2"}],"replies":[{"embeddable":true,"href":"https:\/\/www.strukturholding.de\/fr\/wp-json\/wp\/v2\/comments?post=7627"}],"version-history":[{"count":0,"href":"https:\/\/www.strukturholding.de\/fr\/wp-json\/wp\/v2\/posts\/7627\/revisions"}],"wp:attachment":[{"href":"https:\/\/www.strukturholding.de\/fr\/wp-json\/wp\/v2\/media?parent=7627"}],"wp:term":[{"taxonomy":"category","embeddable":true,"href":"https:\/\/www.strukturholding.de\/fr\/wp-json\/wp\/v2\/categories?post=7627"},{"taxonomy":"post_tag","embeddable":true,"href":"https:\/\/www.strukturholding.de\/fr\/wp-json\/wp\/v2\/tags?post=7627"}],"curies":[{"name":"wp","href":"https:\/\/api.w.org\/{rel}","templated":true}]}}