{"id":7347,"date":"2016-08-01T17:03:48","date_gmt":"2016-08-01T15:03:48","guid":{"rendered":"https:\/\/www.strukturholding.de\/fr\/archiv\/archiv-2013\/eroeffnung-alm-express-eine-erste-testfahrt-mit-dem-alm-express-konnten-40-leser-der-saarbruecker-zeitung-unternehmen\/"},"modified":"2017-07-07T08:43:44","modified_gmt":"2017-07-07T06:43:44","slug":"eroeffnung-alm-express-eine-erste-testfahrt-mit-dem-alm-express-konnten-40-leser-der-saarbruecker-zeitung-unternehmen","status":"publish","type":"post","link":"https:\/\/www.strukturholding.de\/fr\/eroeffnung-alm-express-eine-erste-testfahrt-mit-dem-alm-express-konnten-40-leser-der-saarbruecker-zeitung-unternehmen\/","title":{"rendered":"Er\u00f6ffnung Alm-Express: Eine erste Testfahrt mit dem Alm-Express f\u00fcr 40 Leser der Saarbr\u00fccker Zeitung"},"content":{"rendered":"<h1>Er\u00f6ffnung Alm-Express: Eine erste Testfahrt mit dem Alm-Express f\u00fcr 40 Leser der Saarbr\u00fccker Zeitung<\/h1>\n<p>Gemeinsam mit LEG-Gesch\u00e4ftsf\u00fchrer Bernd Therre (Mitte), Standort-Manager Heinz-Peter Klein (r.) und SZ-Redaktionsleiter Manfred Krause (l.) begaben sie sich auf den steilen Weg hoch zum Redener Almplateau. Komplikationen gab es keine; alle konnten bei sonnigem Wetter den herrlichen Panoramablick genie\u00dfen.<\/p>\n<p>Vom 13. August an wird der Alm-Express an Wochenenden und Feiertagen regelm\u00e4\u00dfig vom P 2 aus verkehren. F\u00fcr Erwachsene betr\u00e4gt der Fahrpreis 2,50 \u20ac, f\u00fcr Kinder ab 12 Jahren 1 \u20ac. Die Bahn startet vom P 2 aus alle 45 Minuten, samstags ab 14:30 Uhr, sonn- und feiertags von 12 bis 20 Uhr.<\/p>\n","protected":false},"excerpt":{"rendered":"<p>Er\u00f6ffnung Alm-Express: Eine erste Testfahrt mit dem Alm-Express f\u00fcr 40 Leser der Saarbr\u00fccker Zeitung Gemeinsam<\/p>\n","protected":false},"author":2,"featured_media":0,"comment_status":"closed","ping_status":"closed","sticky":false,"template":"","format":"standard","meta":{"_acf_changed":false,"footnotes":""},"categories":[18,85,17,59],"tags":[],"class_list":["post-7347","post","type-post","status-publish","format-standard","hentry","category-actualites","category-legsaar-fr","category-nouvelles","category-shs-fr"],"acf":[],"yoast_head":"<!-- This site is optimized with the Yoast SEO plugin v27.4 - https:\/\/yoast.com\/product\/yoast-seo-wordpress\/ -->\n<title>Er\u00f6ffnung Alm-Express: Eine erste Testfahrt mit dem Alm-Express f\u00fcr 40 Leser der Saarbr\u00fccker Zeitung - SHS | Strukturholding Saar<\/title>\n<meta name=\"robots\" content=\"index, follow, max-snippet:-1, max-image-preview:large, max-video-preview:-1\" \/>\n<link rel=\"canonical\" href=\"https:\/\/www.strukturholding.de\/fr\/eroeffnung-alm-express-eine-erste-testfahrt-mit-dem-alm-express-konnten-40-leser-der-saarbruecker-zeitung-unternehmen\/\" \/>\n<meta property=\"og:locale\" content=\"fr_FR\" \/>\n<meta property=\"og:type\" content=\"article\" \/>\n<meta property=\"og:title\" content=\"Er\u00f6ffnung Alm-Express: Eine erste Testfahrt mit dem Alm-Express f\u00fcr 40 Leser der Saarbr\u00fccker Zeitung - SHS | Strukturholding Saar\" \/>\n<meta property=\"og:description\" content=\"Er\u00f6ffnung Alm-Express: Eine erste Testfahrt mit dem Alm-Express f\u00fcr 40 Leser der Saarbr\u00fccker Zeitung Gemeinsam\" \/>\n<meta property=\"og:url\" content=\"https:\/\/www.strukturholding.de\/fr\/eroeffnung-alm-express-eine-erste-testfahrt-mit-dem-alm-express-konnten-40-leser-der-saarbruecker-zeitung-unternehmen\/\" \/>\n<meta property=\"og:site_name\" content=\"SHS | Strukturholding Saar\" \/>\n<meta property=\"article:published_time\" content=\"2016-08-01T15:03:48+00:00\" \/>\n<meta property=\"article:modified_time\" content=\"2017-07-07T06:43:44+00:00\" \/>\n<meta property=\"og:image\" content=\"https:\/\/www.strukturholding.de\/wp-content\/uploads\/2016\/10\/og_image_strukturholding.jpg\" \/>\n\t<meta property=\"og:image:width\" content=\"1200\" \/>\n\t<meta property=\"og:image:height\" content=\"630\" \/>\n\t<meta property=\"og:image:type\" content=\"image\/jpeg\" \/>\n<meta name=\"author\" content=\"fm2H2@frmtn.de\" \/>\n<meta name=\"twitter:label1\" content=\"\u00c9crit par\" \/>\n\t<meta name=\"twitter:data1\" content=\"fm2H2@frmtn.de\" \/>\n\t<meta name=\"twitter:label2\" content=\"Dur\u00e9e de lecture estim\u00e9e\" \/>\n\t<meta name=\"twitter:data2\" content=\"1 minute\" \/>\n<script type=\"application\/ld+json\" class=\"yoast-schema-graph\">{\"@context\":\"https:\\\/\\\/schema.org\",\"@graph\":[{\"@type\":\"Article\",\"@id\":\"https:\\\/\\\/www.strukturholding.de\\\/fr\\\/eroeffnung-alm-express-eine-erste-testfahrt-mit-dem-alm-express-konnten-40-leser-der-saarbruecker-zeitung-unternehmen\\\/#article\",\"isPartOf\":{\"@id\":\"https:\\\/\\\/www.strukturholding.de\\\/fr\\\/eroeffnung-alm-express-eine-erste-testfahrt-mit-dem-alm-express-konnten-40-leser-der-saarbruecker-zeitung-unternehmen\\\/\"},\"author\":{\"name\":\"fm2H2@frmtn.de\",\"@id\":\"https:\\\/\\\/www.strukturholding.de\\\/#\\\/schema\\\/person\\\/0bdda3f38102ef76ca8a1ea485f9e7d7\"},\"headline\":\"Er\u00f6ffnung Alm-Express: Eine erste Testfahrt mit dem Alm-Express f\u00fcr 40 Leser der Saarbr\u00fccker Zeitung\",\"datePublished\":\"2016-08-01T15:03:48+00:00\",\"dateModified\":\"2017-07-07T06:43:44+00:00\",\"mainEntityOfPage\":{\"@id\":\"https:\\\/\\\/www.strukturholding.de\\\/fr\\\/eroeffnung-alm-express-eine-erste-testfahrt-mit-dem-alm-express-konnten-40-leser-der-saarbruecker-zeitung-unternehmen\\\/\"},\"wordCount\":119,\"articleSection\":[\"Actualites\",\"LEG Saar\",\"Nouvelles\",\"SHS\"],\"inLanguage\":\"fr-FR\"},{\"@type\":\"WebPage\",\"@id\":\"https:\\\/\\\/www.strukturholding.de\\\/fr\\\/eroeffnung-alm-express-eine-erste-testfahrt-mit-dem-alm-express-konnten-40-leser-der-saarbruecker-zeitung-unternehmen\\\/\",\"url\":\"https:\\\/\\\/www.strukturholding.de\\\/fr\\\/eroeffnung-alm-express-eine-erste-testfahrt-mit-dem-alm-express-konnten-40-leser-der-saarbruecker-zeitung-unternehmen\\\/\",\"name\":\"Er\u00f6ffnung Alm-Express: Eine erste Testfahrt mit dem Alm-Express f\u00fcr 40 Leser der Saarbr\u00fccker Zeitung - SHS | Strukturholding Saar\",\"isPartOf\":{\"@id\":\"https:\\\/\\\/www.strukturholding.de\\\/#website\"},\"datePublished\":\"2016-08-01T15:03:48+00:00\",\"dateModified\":\"2017-07-07T06:43:44+00:00\",\"author\":{\"@id\":\"https:\\\/\\\/www.strukturholding.de\\\/#\\\/schema\\\/person\\\/0bdda3f38102ef76ca8a1ea485f9e7d7\"},\"breadcrumb\":{\"@id\":\"https:\\\/\\\/www.strukturholding.de\\\/fr\\\/eroeffnung-alm-express-eine-erste-testfahrt-mit-dem-alm-express-konnten-40-leser-der-saarbruecker-zeitung-unternehmen\\\/#breadcrumb\"},\"inLanguage\":\"fr-FR\",\"potentialAction\":[{\"@type\":\"ReadAction\",\"target\":[\"https:\\\/\\\/www.strukturholding.de\\\/fr\\\/eroeffnung-alm-express-eine-erste-testfahrt-mit-dem-alm-express-konnten-40-leser-der-saarbruecker-zeitung-unternehmen\\\/\"]}]},{\"@type\":\"BreadcrumbList\",\"@id\":\"https:\\\/\\\/www.strukturholding.de\\\/fr\\\/eroeffnung-alm-express-eine-erste-testfahrt-mit-dem-alm-express-konnten-40-leser-der-saarbruecker-zeitung-unternehmen\\\/#breadcrumb\",\"itemListElement\":[{\"@type\":\"ListItem\",\"position\":1,\"name\":\"Startseite\",\"item\":\"https:\\\/\\\/www.strukturholding.de\\\/fr\\\/\"},{\"@type\":\"ListItem\",\"position\":2,\"name\":\"Er\u00f6ffnung Alm-Express: Eine erste Testfahrt mit dem Alm-Express f\u00fcr 40 Leser der Saarbr\u00fccker Zeitung\"}]},{\"@type\":\"WebSite\",\"@id\":\"https:\\\/\\\/www.strukturholding.de\\\/#website\",\"url\":\"https:\\\/\\\/www.strukturholding.de\\\/\",\"name\":\"SHS | Strukturholding Saar\",\"description\":\"\",\"potentialAction\":[{\"@type\":\"SearchAction\",\"target\":{\"@type\":\"EntryPoint\",\"urlTemplate\":\"https:\\\/\\\/www.strukturholding.de\\\/?s={search_term_string}\"},\"query-input\":{\"@type\":\"PropertyValueSpecification\",\"valueRequired\":true,\"valueName\":\"search_term_string\"}}],\"inLanguage\":\"fr-FR\"},{\"@type\":\"Person\",\"@id\":\"https:\\\/\\\/www.strukturholding.de\\\/#\\\/schema\\\/person\\\/0bdda3f38102ef76ca8a1ea485f9e7d7\",\"name\":\"fm2H2@frmtn.de\",\"url\":\"https:\\\/\\\/www.strukturholding.de\\\/fr\\\/author\\\/hdw\\\/\"}]}<\/script>\n<!-- \/ Yoast SEO plugin. -->","yoast_head_json":{"title":"Er\u00f6ffnung Alm-Express: Eine erste Testfahrt mit dem Alm-Express f\u00fcr 40 Leser der Saarbr\u00fccker Zeitung - SHS | Strukturholding Saar","robots":{"index":"index","follow":"follow","max-snippet":"max-snippet:-1","max-image-preview":"max-image-preview:large","max-video-preview":"max-video-preview:-1"},"canonical":"https:\/\/www.strukturholding.de\/fr\/eroeffnung-alm-express-eine-erste-testfahrt-mit-dem-alm-express-konnten-40-leser-der-saarbruecker-zeitung-unternehmen\/","og_locale":"fr_FR","og_type":"article","og_title":"Er\u00f6ffnung Alm-Express: Eine erste Testfahrt mit dem Alm-Express f\u00fcr 40 Leser der Saarbr\u00fccker Zeitung - SHS | Strukturholding Saar","og_description":"Er\u00f6ffnung Alm-Express: Eine erste Testfahrt mit dem Alm-Express f\u00fcr 40 Leser der Saarbr\u00fccker Zeitung Gemeinsam","og_url":"https:\/\/www.strukturholding.de\/fr\/eroeffnung-alm-express-eine-erste-testfahrt-mit-dem-alm-express-konnten-40-leser-der-saarbruecker-zeitung-unternehmen\/","og_site_name":"SHS | Strukturholding Saar","article_published_time":"2016-08-01T15:03:48+00:00","article_modified_time":"2017-07-07T06:43:44+00:00","og_image":[{"width":1200,"height":630,"url":"https:\/\/www.strukturholding.de\/wp-content\/uploads\/2016\/10\/og_image_strukturholding.jpg","type":"image\/jpeg"}],"author":"fm2H2@frmtn.de","twitter_misc":{"\u00c9crit par":"fm2H2@frmtn.de","Dur\u00e9e de lecture estim\u00e9e":"1 minute"},"schema":{"@context":"https:\/\/schema.org","@graph":[{"@type":"Article","@id":"https:\/\/www.strukturholding.de\/fr\/eroeffnung-alm-express-eine-erste-testfahrt-mit-dem-alm-express-konnten-40-leser-der-saarbruecker-zeitung-unternehmen\/#article","isPartOf":{"@id":"https:\/\/www.strukturholding.de\/fr\/eroeffnung-alm-express-eine-erste-testfahrt-mit-dem-alm-express-konnten-40-leser-der-saarbruecker-zeitung-unternehmen\/"},"author":{"name":"fm2H2@frmtn.de","@id":"https:\/\/www.strukturholding.de\/#\/schema\/person\/0bdda3f38102ef76ca8a1ea485f9e7d7"},"headline":"Er\u00f6ffnung Alm-Express: Eine erste Testfahrt mit dem Alm-Express f\u00fcr 40 Leser der Saarbr\u00fccker Zeitung","datePublished":"2016-08-01T15:03:48+00:00","dateModified":"2017-07-07T06:43:44+00:00","mainEntityOfPage":{"@id":"https:\/\/www.strukturholding.de\/fr\/eroeffnung-alm-express-eine-erste-testfahrt-mit-dem-alm-express-konnten-40-leser-der-saarbruecker-zeitung-unternehmen\/"},"wordCount":119,"articleSection":["Actualites","LEG Saar","Nouvelles","SHS"],"inLanguage":"fr-FR"},{"@type":"WebPage","@id":"https:\/\/www.strukturholding.de\/fr\/eroeffnung-alm-express-eine-erste-testfahrt-mit-dem-alm-express-konnten-40-leser-der-saarbruecker-zeitung-unternehmen\/","url":"https:\/\/www.strukturholding.de\/fr\/eroeffnung-alm-express-eine-erste-testfahrt-mit-dem-alm-express-konnten-40-leser-der-saarbruecker-zeitung-unternehmen\/","name":"Er\u00f6ffnung Alm-Express: Eine erste Testfahrt mit dem Alm-Express f\u00fcr 40 Leser der Saarbr\u00fccker Zeitung - SHS | Strukturholding Saar","isPartOf":{"@id":"https:\/\/www.strukturholding.de\/#website"},"datePublished":"2016-08-01T15:03:48+00:00","dateModified":"2017-07-07T06:43:44+00:00","author":{"@id":"https:\/\/www.strukturholding.de\/#\/schema\/person\/0bdda3f38102ef76ca8a1ea485f9e7d7"},"breadcrumb":{"@id":"https:\/\/www.strukturholding.de\/fr\/eroeffnung-alm-express-eine-erste-testfahrt-mit-dem-alm-express-konnten-40-leser-der-saarbruecker-zeitung-unternehmen\/#breadcrumb"},"inLanguage":"fr-FR","potentialAction":[{"@type":"ReadAction","target":["https:\/\/www.strukturholding.de\/fr\/eroeffnung-alm-express-eine-erste-testfahrt-mit-dem-alm-express-konnten-40-leser-der-saarbruecker-zeitung-unternehmen\/"]}]},{"@type":"BreadcrumbList","@id":"https:\/\/www.strukturholding.de\/fr\/eroeffnung-alm-express-eine-erste-testfahrt-mit-dem-alm-express-konnten-40-leser-der-saarbruecker-zeitung-unternehmen\/#breadcrumb","itemListElement":[{"@type":"ListItem","position":1,"name":"Startseite","item":"https:\/\/www.strukturholding.de\/fr\/"},{"@type":"ListItem","position":2,"name":"Er\u00f6ffnung Alm-Express: Eine erste Testfahrt mit dem Alm-Express f\u00fcr 40 Leser der Saarbr\u00fccker Zeitung"}]},{"@type":"WebSite","@id":"https:\/\/www.strukturholding.de\/#website","url":"https:\/\/www.strukturholding.de\/","name":"SHS | Strukturholding Saar","description":"","potentialAction":[{"@type":"SearchAction","target":{"@type":"EntryPoint","urlTemplate":"https:\/\/www.strukturholding.de\/?s={search_term_string}"},"query-input":{"@type":"PropertyValueSpecification","valueRequired":true,"valueName":"search_term_string"}}],"inLanguage":"fr-FR"},{"@type":"Person","@id":"https:\/\/www.strukturholding.de\/#\/schema\/person\/0bdda3f38102ef76ca8a1ea485f9e7d7","name":"fm2H2@frmtn.de","url":"https:\/\/www.strukturholding.de\/fr\/author\/hdw\/"}]}},"_links":{"self":[{"href":"https:\/\/www.strukturholding.de\/fr\/wp-json\/wp\/v2\/posts\/7347","targetHints":{"allow":["GET"]}}],"collection":[{"href":"https:\/\/www.strukturholding.de\/fr\/wp-json\/wp\/v2\/posts"}],"about":[{"href":"https:\/\/www.strukturholding.de\/fr\/wp-json\/wp\/v2\/types\/post"}],"author":[{"embeddable":true,"href":"https:\/\/www.strukturholding.de\/fr\/wp-json\/wp\/v2\/users\/2"}],"replies":[{"embeddable":true,"href":"https:\/\/www.strukturholding.de\/fr\/wp-json\/wp\/v2\/comments?post=7347"}],"version-history":[{"count":0,"href":"https:\/\/www.strukturholding.de\/fr\/wp-json\/wp\/v2\/posts\/7347\/revisions"}],"wp:attachment":[{"href":"https:\/\/www.strukturholding.de\/fr\/wp-json\/wp\/v2\/media?parent=7347"}],"wp:term":[{"taxonomy":"category","embeddable":true,"href":"https:\/\/www.strukturholding.de\/fr\/wp-json\/wp\/v2\/categories?post=7347"},{"taxonomy":"post_tag","embeddable":true,"href":"https:\/\/www.strukturholding.de\/fr\/wp-json\/wp\/v2\/tags?post=7347"}],"curies":[{"name":"wp","href":"https:\/\/api.w.org\/{rel}","templated":true}]}}