{"id":27622,"date":"2026-04-30T14:16:31","date_gmt":"2026-04-30T12:16:31","guid":{"rendered":"https:\/\/www.strukturholding.de\/?p=27622"},"modified":"2026-04-30T14:16:31","modified_gmt":"2026-04-30T12:16:31","slug":"apres-midi-bbq-pour-celebrer-louverture-des-nouvelles-residences-etudiantes-au-campus-universitaire-de-sarrebruck","status":"publish","type":"post","link":"https:\/\/www.strukturholding.de\/fr\/apres-midi-bbq-pour-celebrer-louverture-des-nouvelles-residences-etudiantes-au-campus-universitaire-de-sarrebruck\/","title":{"rendered":"Apr\u00e8s-midi BBQ pour c\u00e9l\u00e9brer l\u2019ouverture des nouvelles r\u00e9sidences \u00e9tudiantes au campus universitaire de Sarrebruck"},"content":{"rendered":"<h1>Apr\u00e8s-midi BBQ pour c\u00e9l\u00e9brer l\u2019ouverture des nouvelles r\u00e9sidences \u00e9tudiantes au campus universitaire de Sarrebruck avec la ministre-pr\u00e9sidente de la Sarre Mme Anke Rehlinger<\/h1>\n<p><strong>C\u2019est six mois plus t\u00f4t que pr\u00e9vu que les premi\u00e8res \u00e9tudiantes et premiers \u00e9tudiants ont pu emm\u00e9nager dans leurs appartements dans une des trois nouvelles r\u00e9sidences \u00e9tudiantes au campus universitaire de Sarrebruck. Pour accueillir les nouvelles r\u00e9sidentes et nouveaux r\u00e9sidents, le minist\u00e8re des Finances et de la Science ainsi que la WOGE Saar ont invit\u00e9 le 24 avril \u00e0 un apr\u00e8s-midi BBQ. Cet \u00e9v\u00e8nement a en m\u00eame temps servi d\u2019ouverture officielle des r\u00e9sidences \u00e9tudiantes comptant en tout 234 logements sur le campus. Mme Anke Rehlinger, ministre-pr\u00e9sidente de la Sarre, \u00e9tait \u00e9galement sur place afin d\u2019accueillir personnellement les personnes pr\u00e9sentes. C\u2019est en compagnie du ministre des Sciences M. Jakob von Weizs\u00e4cker et du g\u00e9rant de la WOGE Saar M. Mirco Bertucci qu\u2019elle a ouvert cet \u00e9v\u00e8nement par un bref discours de bienvenue en soulignant\u00a0:<\/strong><\/p>\n<p>\u00ab\u00a0Toute personne souhaitant faire des \u00e9tudes a besoin de bien plus qu\u2019une place \u00e0 l\u2019universit\u00e9\u00a0! Voil\u00e0 pourquoi nous ne cr\u00e9ons pas simplement de nouveaux espaces de logement, mais bien un lieu o\u00f9 se poser, o\u00f9 se sentir bien et o\u00f9 il fait bon vivre. C\u2019est ainsi que l\u2019on obtient un campus o\u00f9 \u00e9tudes et quotidien se c\u00f4toient et o\u00f9 l\u2019on retrouve de bonnes conditions pour des \u00e9tudes attrayantes. Campus1000 devient ainsi aussi bien un centre de vie qu\u2019un centre d\u2019attraction pour les \u00e9tudiantes et \u00e9tudiants d\u2019aujourd\u2019hui et de demain. Cela renforce aussi bien notre p\u00f4le scientifique que notre Land dans sa globalit\u00e9.\u00a0\u00bb<\/p>\n<p>\u00ab\u00a0L\u2019id\u00e9e derri\u00e8re Campus 1000 est bien simple\u00a0: qui apprend, vit et f\u00eate avec les autres aura plus de succ\u00e8s et de satisfaction dans ses \u00e9tudes. Les inconnus deviennent des amis\u00a0\u00bb explique le ministre des Sciences M. von Weizs\u00e4cker. \u00ab\u00a0Au campus universitaire, c\u2019est un nouveau quartier r\u00e9sidentiel qui voit le jour pour les professionnels de demain. Les 234 premiers logements ont \u00e9t\u00e9 termin\u00e9s bien plus rapidement que pr\u00e9vu \u00e0 l\u2019origine. C\u2019est l\u00e0 le r\u00e9sultat d\u2019une collaboration exemplaire entre tous les acteurs impliqu\u00e9s. Et nous continuons sur cette lanc\u00e9e dans cet esprit.\u00a0\u00bb<\/p>\n<p>Si M. Reinhold Jost, ministre de l\u2019Int\u00e9rieur, de la Construction et du Sport de la Sarre, n\u2019a pas pu participer, ce projet ne lui tient pas moins \u00e0 c\u0153ur\u00a0:<\/p>\n<p>\u00ab\u00a0La r\u00e9orientation de l\u2019aide sociale au logement et les conditions cadres juridiques fiables en mati\u00e8re de construction nous ont permis remettre la construction de logements sociaux sur les rails en Sarre. Les nouvelles r\u00e9sidences \u00e9tudiantes montrent que ces mesures ont de l\u2019effet. En proposant des logements \u00e9tudiants suppl\u00e9mentaires, nous d\u00e9sengorgeons en m\u00eame temps le march\u00e9 immobilier dans son ensemble et apportons ainsi un soulagement tangible aux autres personnes \u00e0 la recherche d\u2019un logement.\u00a0\u00bb<\/p>\n<p><strong><br \/>\nD\u2019autres participants se sont exprim\u00e9s ainsi\u00a0:<\/strong><\/p>\n<p>Mirco Bertucci, g\u00e9rant de la WOGE Saar\u00a0:<\/p>\n<p>\u00ab\u00a0Nous sommes fiers d\u2019avoir non seulement r\u00e9alis\u00e9 le plus grand projet de construction en son genre en Sarre avec ces trois r\u00e9sidences \u00e9tudiantes ultra modernes, mais aussi d\u2019avoir pu commencer la location un semestre plus t\u00f4t que pr\u00e9vu. La WOGE reste un acteur important sur le campus en tant que soci\u00e9t\u00e9 de location des maisons existantes et en tant que ma\u00eetre d\u2019ouvrage des autres b\u00e2timents pr\u00e9vus.\u00a0\u00bb<\/p>\n<p>Roland Rolles, vice-pr\u00e9sident de l\u2019administration et des finances de l\u2019Universit\u00e9 de la Sarre :<\/p>\n<p>\u00ab Nous nous r\u00e9jouissons que les trois r\u00e9sidences \u00e9tudiantes directement sur le campus soient d\u00e9j\u00e0 pr\u00eates \u00e0 emm\u00e9nager. Pour les \u00e9tudiantes et \u00e9tudiants int\u00e9ress\u00e9s par des \u00e9tudes \u00e0 l\u2019Universit\u00e9 de la Sarre, des logements abordables sont importants. Les r\u00e9sidences \u00e9tudiantes contribueront \u00e9galement \u00e0 renforcer la vie \u00e9tudiante au campus pour que ce site, en combinaison avec le service des sports de l\u2019Universit\u00e9, se transforme en quartier universitaire tr\u00e8s fr\u00e9quent\u00e9.<\/p>\n<p>Carsten Rast, directeur du service des \u00e9tudiants Studentenwerk\u00a0:<\/p>\n<p>\u00ab\u00a0Cela fait quelques g\u00e9n\u00e9rations d\u00e9j\u00e0 que nous aidons les \u00e9tudiantes et \u00e9tudiants \u00e0 trouver des logements abordables en Sarre. Pour cela, nous misons sur des standards de qualit\u00e9 \u00e9lev\u00e9e et des structures efficaces. En coop\u00e9ration avec la WOGE, nous combinons nos comp\u00e9tences afin de r\u00e9unir les conditions n\u00e9cessaires pour que les \u00e9tudiantes et \u00e9tudiants puissent, aussi \u00e0 l\u2019avenir, trouver des logements ad\u00e9quats et abordables.\u00a0\u00bb<\/p>\n<p>Cedric Bender, pr\u00e9sident de l\u2019entraide \u00e9tudiante AStA de l\u2019universit\u00e9\u00a0:<\/p>\n<p>\u00ab\u00a0Lorsque l\u2019on commence ses \u00e9tudes, on a besoin non seulement d\u2019une place \u00e0 l\u2019universit\u00e9, mais aussi d\u2019un endroit o\u00f9 habiter. Voil\u00e0 pourquoi l\u2019ouverture de nouvelles r\u00e9sidences \u00e9tudiantes directement au campus est une \u00e9tape tant importante qu\u2019attendue depuis longtemps. En p\u00e9riode de tension sur le march\u00e9 du logement, cela soulage nettement bon nombre d\u2019\u00e9tudiantes et d\u2019\u00e9tudiants. Pour nous, en tant qu\u2019entraide \u00e9tudiante, il est essentiel que le campus soit non seulement un lieu d\u2019apprentissage, mais aussi un lieu o\u00f9 il fait bon vivre et o\u00f9 l\u2019on se sent chez soi.\u00a0\u00bb<\/p>\n<p><strong>BBQ et visite d\u2019appartements<\/strong><\/p>\n<p>Le rendez-vous \u00e9tait donn\u00e9 \u00e0 l\u2019espace BBQ entre maison 1 et maison 2 o\u00f9 tout le monde s\u2019est r\u00e9uni dans une ambiance d\u00e9tendue. Environ 80 \u00e9tudiantes et \u00e9tudiants, bon nombre d\u2019entre eux venant de l\u2019\u00e9tranger, y ont particip\u00e9. Il y r\u00e9gnait une grande animation accompagn\u00e9e de d\u00e9licieuses saucisses\u00a0\u2013 les r\u00e9sidentes et r\u00e9sidents ont pu \u00e9changer leurs premi\u00e8res impressions de la vie dans les nouvelles r\u00e9sidences \u00e9tudiantes.<\/p>\n<p>Ainsi, l\u2019Iranienne Mme Maryam Hosseinali, 25\u00a0ans, qui poursuit \u00e0 Sarrebruck ses \u00e9tudes d\u2019informatique, a soulign\u00e9 \u00e0 quel point elle \u00e9tait contente d\u2019y avoir trouv\u00e9 une place et d\u2019avoir re\u00e7u en tr\u00e8s peu de temps un important soutien. Ce qui la r\u00e9jouit tout particuli\u00e8rement, c\u2019est que sa r\u00e9sidence \u00e9tudiante se trouve si pr\u00e8s des amphith\u00e9\u00e2tres et entour\u00e9 de tant de nature.<\/p>\n<p>Elle fait partie des \u00e9tudiantes et \u00e9tudiants qui ont fait visiter leur appartement. En tant que remerciement, elle a re\u00e7u un bon d\u2019achat pour le Campusmarkt, une sup\u00e9rette proche du centre du campus qui propose des produits frais en plus de snacks et d\u2019articles de papeterie.<\/p>\n<p>Situ\u00e9es \u00e0 quelques minutes \u00e0 pied seulement du restaurant universitaire, de la biblioth\u00e8que et des amphith\u00e9\u00e2tres, ces r\u00e9sidence \u00e9tudiantes sont les premi\u00e8res r\u00e9sidences suppl\u00e9mentaires \u00e0 \u00eatre construites au campus depuis 1989. Elles offrent (dans la premi\u00e8re phase) 234 logements. Apr\u00e8s au total 472 demandes, ce sont 147 contrats de location qui ont \u00e9t\u00e9 sign\u00e9s pour le d\u00e9but de location au 1<sup>er<\/sup> mars.<\/p>\n<p>L\u2019installation des \u00e9tudiantes et \u00e9tudiants dans les nouvelles r\u00e9sidences \u00e9tudiantes au campus marque un premier jalon du projet <em>Campus 1000<\/em>.<\/p>\n<p><strong>\u00c0 propos de <em>Campus 1000<\/em><\/strong><\/p>\n<p>Dans ce projet commun de la Sarre et de l\u2019universit\u00e9, ce sont plus de 1\u00a0000 logements modernes abordables pour \u00e9tudiantes et \u00e9tudiants qui verront le jour. Les deux premi\u00e8res parties du chantier seront r\u00e9alis\u00e9es par la soci\u00e9t\u00e9 immobili\u00e8re WOGE de la Sarre. Cette initiative du ministre M. von Weizs\u00e4cker pr\u00e9voit de les \u00e9riger sur le campus ou \u00e0 proximit\u00e9 imm\u00e9diate\u00a0\u2013 avec comme net avantage des trajets courts entre les lieux d\u2019habitation, d\u2019apprentissage et de recherche.<\/p>\n<p>Ainsi, la Sarre renforce de fa\u00e7on cibl\u00e9e les logements \u00e9tudiants et augmente en m\u00eame temps l\u2019attractivit\u00e9 ainsi que la comp\u00e9titivit\u00e9 internationale du site universitaire de la Sarre.<\/p>\n<p><strong>De nouveaux logements en peu de temps<\/strong><\/p>\n<p>La WOGE Saar a achev\u00e9 les trois r\u00e9sidences \u00e9tudiantes pratiquement identiques comprenant en tout 234 logements ou 226 appartements au mois de d\u00e9cembre 2025 (maison 1 et maison 2) et en janvier 2026 (maison 3)\u00a0\u2013 pr\u00e8s de six mois plus t\u00f4t que pr\u00e9vu.<\/p>\n<p>Le premier coup de pioche avait \u00e9t\u00e9 donn\u00e9 un peu plus d\u2019un an apr\u00e8s la conception initiale. Cela avait \u00e9t\u00e9 pr\u00e9c\u00e9d\u00e9 de nombreuses consultations entre le minist\u00e8re comp\u00e9tent des Finances et de la Science et la WOGE Saar (Wohnungsgesellschaft Saarland), l\u2019Universit\u00e9 de la Sarre, le minist\u00e8re de l\u2019Int\u00e9rieur, de la Construction et du Sport de la Sarre qui s\u2019\u00e9tait charg\u00e9 des mesures infrastructurelles d\u2019accompagnement, ainsi que la ville de Sarrebruck, capitale de la Sarre. Pr\u00e8s d\u2019un an et demi apr\u00e8s le d\u00e9but de la construction, les premiers \u00e9tudiants et \u00e9tudiantes ont pu s\u2019installer ce printemps. C\u2019est ainsi que de nouveaux logements \u00e9tudiants ont \u00e9t\u00e9 cr\u00e9\u00e9s en un temps record\u00a0\u2013 un t\u00e9moin de la priorit\u00e9 \u00e9lev\u00e9e du projet et de la capacit\u00e9 d\u2019ex\u00e9cution de toutes les parties prenantes.<\/p>\n<p><strong>B\u00e2timents et location<\/strong><\/p>\n<p>Au rez-de-chauss\u00e9e de chaque b\u00e2timent se trouve \u00e0 chaque fois un appartement accessible aux personnes en fauteuil roulant et six appartements accessibles aux personnes \u00e0 mobilit\u00e9 r\u00e9duite. Tous les autres logements des trois \u00e9tages sont accessibles aux personnes \u00e0 mobilit\u00e9 r\u00e9duite via un ascenseur et des couloirs suffisamment larges. Au rez-de-chauss\u00e9e se trouvent les espaces communs et les buanderies ainsi que d\u2019autres appartements d\u2019une chambre. Dans le b\u00e2timent sud, la maison 3, se trouvent huit appartements doubles \u00e0 l\u2019attention de couples. Chaque r\u00e9sidence \u00e9tudiante dispose d\u2019un espace commun g\u00e9n\u00e9reux avec canap\u00e9s et cuisines.<\/p>\n<p>La WOGE Saar est la propri\u00e9taire des maisons. La location a lieu en \u00e9troite collaboration avec le service des \u00e9tudiants de la Sarre Studentenwerk Saarland\u00a0: c\u2019est ce dernier qui est responsable de la gestion des candidatures tandis que la WOGE assume les responsabilit\u00e9s de soci\u00e9t\u00e9 de location et d\u2019interlocuteur pour toutes les questions relatives aux contrats de location ainsi que pour le fonctionnement proprement dit. Le montant du loyer hors charges d\u2019un appartement individuel est de 275 euros et de 550 euros dans le cas d\u2019un appartement double.<\/p>\n<p><strong>Investissement<\/strong><\/p>\n<p>L\u2019investissement \u00e0 hauteur de 23,5 millions d\u2019euros sera\u00a0\u2013 apr\u00e8s d\u00e9duction de la subvention\u00a0\u2013 financ\u00e9 par la soci\u00e9t\u00e9 immobili\u00e8re WOGE Saar du Land de la Sarre. Les appartements ont \u00e9t\u00e9 financ\u00e9s par des fonds r\u00e9gionaux et f\u00e9d\u00e9raux via la banque SIKB, Saarl\u00e4ndische Investitions- und Kreditbank. L&rsquo;\u00c9tat f\u00e9d\u00e9ral a apport\u00e9 au projet une contribution de pr\u00e8s de 9 millions d\u2019euros et la Sarre a quant \u00e0 elle contribu\u00e9 2,7 millions d\u2019euros.<\/p>\n<p>&nbsp;<\/p>\n<p><strong>Perspective<\/strong><\/p>\n<p>La planification de construction de logements suppl\u00e9mentaires est en cours\u00a0: au nord de la premi\u00e8re partie des travaux, une deuxi\u00e8me partie devra offrir 306 places suppl\u00e9mentaires en r\u00e9sidence \u00e9tudiante. La demande de permis de construire a \u00e9t\u00e9 remise d\u00e9j\u00e0 au mois de novembre dernier. Apr\u00e8s d\u00e9livrance du permis de construire, l\u2019entrepreneur g\u00e9n\u00e9ral sera mandat\u00e9 dans les meilleurs d\u00e9lais. L\u2019objectif \u00e9tant un d\u00e9but de construction fin 2026 et un ach\u00e8vement d\u2019ici 2028. Ce seront ainsi pour les deux phases de construction un total de 540 nouveaux logements qui seront cr\u00e9\u00e9s au campus.<\/p>\n","protected":false},"excerpt":{"rendered":"<p>Apr\u00e8s-midi BBQ pour c\u00e9l\u00e9brer l\u2019ouverture des nouvelles r\u00e9sidences \u00e9tudiantes au campus universitaire de Sarrebruck avec<\/p>\n","protected":false},"author":7,"featured_media":0,"comment_status":"closed","ping_status":"closed","sticky":false,"template":"","format":"standard","meta":{"_acf_changed":false,"footnotes":""},"categories":[3],"tags":[],"class_list":["post-27622","post","type-post","status-publish","format-standard","hentry","category-generale"],"acf":[],"yoast_head":"<!-- This site is optimized with the Yoast SEO plugin v27.4 - https:\/\/yoast.com\/product\/yoast-seo-wordpress\/ -->\n<title>Apr\u00e8s-midi BBQ pour c\u00e9l\u00e9brer l\u2019ouverture des nouvelles r\u00e9sidences \u00e9tudiantes au campus universitaire de Sarrebruck - SHS | Strukturholding Saar<\/title>\n<meta name=\"robots\" content=\"index, follow, max-snippet:-1, max-image-preview:large, max-video-preview:-1\" \/>\n<link rel=\"canonical\" href=\"https:\/\/www.strukturholding.de\/fr\/apres-midi-bbq-pour-celebrer-louverture-des-nouvelles-residences-etudiantes-au-campus-universitaire-de-sarrebruck\/\" \/>\n<meta property=\"og:locale\" content=\"fr_FR\" \/>\n<meta property=\"og:type\" content=\"article\" \/>\n<meta property=\"og:title\" content=\"Apr\u00e8s-midi BBQ pour c\u00e9l\u00e9brer l\u2019ouverture des nouvelles r\u00e9sidences \u00e9tudiantes au campus universitaire de Sarrebruck - SHS | Strukturholding Saar\" \/>\n<meta property=\"og:description\" content=\"Apr\u00e8s-midi BBQ pour c\u00e9l\u00e9brer l\u2019ouverture des nouvelles r\u00e9sidences \u00e9tudiantes au campus universitaire de Sarrebruck avec\" \/>\n<meta property=\"og:url\" content=\"https:\/\/www.strukturholding.de\/fr\/apres-midi-bbq-pour-celebrer-louverture-des-nouvelles-residences-etudiantes-au-campus-universitaire-de-sarrebruck\/\" \/>\n<meta property=\"og:site_name\" content=\"SHS | Strukturholding Saar\" \/>\n<meta property=\"article:published_time\" content=\"2026-04-30T12:16:31+00:00\" \/>\n<meta property=\"og:image\" content=\"https:\/\/www.strukturholding.de\/wp-content\/uploads\/2016\/10\/og_image_strukturholding.jpg\" \/>\n\t<meta property=\"og:image:width\" content=\"1200\" \/>\n\t<meta property=\"og:image:height\" content=\"630\" \/>\n\t<meta property=\"og:image:type\" content=\"image\/jpeg\" \/>\n<meta name=\"author\" content=\"roseburgard\" \/>\n<meta name=\"twitter:label1\" content=\"\u00c9crit par\" \/>\n\t<meta name=\"twitter:data1\" content=\"roseburgard\" \/>\n\t<meta name=\"twitter:label2\" content=\"Dur\u00e9e de lecture estim\u00e9e\" \/>\n\t<meta name=\"twitter:data2\" content=\"10 minutes\" \/>\n<script type=\"application\/ld+json\" class=\"yoast-schema-graph\">{\"@context\":\"https:\\\/\\\/schema.org\",\"@graph\":[{\"@type\":\"Article\",\"@id\":\"https:\\\/\\\/www.strukturholding.de\\\/fr\\\/apres-midi-bbq-pour-celebrer-louverture-des-nouvelles-residences-etudiantes-au-campus-universitaire-de-sarrebruck\\\/#article\",\"isPartOf\":{\"@id\":\"https:\\\/\\\/www.strukturholding.de\\\/fr\\\/apres-midi-bbq-pour-celebrer-louverture-des-nouvelles-residences-etudiantes-au-campus-universitaire-de-sarrebruck\\\/\"},\"author\":{\"name\":\"roseburgard\",\"@id\":\"https:\\\/\\\/www.strukturholding.de\\\/#\\\/schema\\\/person\\\/6de28da221fc7edc231f999716e955c5\"},\"headline\":\"Apr\u00e8s-midi BBQ pour c\u00e9l\u00e9brer l\u2019ouverture des nouvelles r\u00e9sidences \u00e9tudiantes au campus universitaire de Sarrebruck\",\"datePublished\":\"2026-04-30T12:16:31+00:00\",\"mainEntityOfPage\":{\"@id\":\"https:\\\/\\\/www.strukturholding.de\\\/fr\\\/apres-midi-bbq-pour-celebrer-louverture-des-nouvelles-residences-etudiantes-au-campus-universitaire-de-sarrebruck\\\/\"},\"wordCount\":1899,\"articleSection\":[\"G\u00e9n\u00e9ral\"],\"inLanguage\":\"fr-FR\"},{\"@type\":\"WebPage\",\"@id\":\"https:\\\/\\\/www.strukturholding.de\\\/fr\\\/apres-midi-bbq-pour-celebrer-louverture-des-nouvelles-residences-etudiantes-au-campus-universitaire-de-sarrebruck\\\/\",\"url\":\"https:\\\/\\\/www.strukturholding.de\\\/fr\\\/apres-midi-bbq-pour-celebrer-louverture-des-nouvelles-residences-etudiantes-au-campus-universitaire-de-sarrebruck\\\/\",\"name\":\"Apr\u00e8s-midi BBQ pour c\u00e9l\u00e9brer l\u2019ouverture des nouvelles r\u00e9sidences \u00e9tudiantes au campus universitaire de Sarrebruck - SHS | Strukturholding Saar\",\"isPartOf\":{\"@id\":\"https:\\\/\\\/www.strukturholding.de\\\/#website\"},\"datePublished\":\"2026-04-30T12:16:31+00:00\",\"author\":{\"@id\":\"https:\\\/\\\/www.strukturholding.de\\\/#\\\/schema\\\/person\\\/6de28da221fc7edc231f999716e955c5\"},\"breadcrumb\":{\"@id\":\"https:\\\/\\\/www.strukturholding.de\\\/fr\\\/apres-midi-bbq-pour-celebrer-louverture-des-nouvelles-residences-etudiantes-au-campus-universitaire-de-sarrebruck\\\/#breadcrumb\"},\"inLanguage\":\"fr-FR\",\"potentialAction\":[{\"@type\":\"ReadAction\",\"target\":[\"https:\\\/\\\/www.strukturholding.de\\\/fr\\\/apres-midi-bbq-pour-celebrer-louverture-des-nouvelles-residences-etudiantes-au-campus-universitaire-de-sarrebruck\\\/\"]}]},{\"@type\":\"BreadcrumbList\",\"@id\":\"https:\\\/\\\/www.strukturholding.de\\\/fr\\\/apres-midi-bbq-pour-celebrer-louverture-des-nouvelles-residences-etudiantes-au-campus-universitaire-de-sarrebruck\\\/#breadcrumb\",\"itemListElement\":[{\"@type\":\"ListItem\",\"position\":1,\"name\":\"Startseite\",\"item\":\"https:\\\/\\\/www.strukturholding.de\\\/fr\\\/\"},{\"@type\":\"ListItem\",\"position\":2,\"name\":\"Apr\u00e8s-midi BBQ pour c\u00e9l\u00e9brer l\u2019ouverture des nouvelles r\u00e9sidences \u00e9tudiantes au campus universitaire de Sarrebruck\"}]},{\"@type\":\"WebSite\",\"@id\":\"https:\\\/\\\/www.strukturholding.de\\\/#website\",\"url\":\"https:\\\/\\\/www.strukturholding.de\\\/\",\"name\":\"SHS | Strukturholding Saar\",\"description\":\"\",\"potentialAction\":[{\"@type\":\"SearchAction\",\"target\":{\"@type\":\"EntryPoint\",\"urlTemplate\":\"https:\\\/\\\/www.strukturholding.de\\\/?s={search_term_string}\"},\"query-input\":{\"@type\":\"PropertyValueSpecification\",\"valueRequired\":true,\"valueName\":\"search_term_string\"}}],\"inLanguage\":\"fr-FR\"},{\"@type\":\"Person\",\"@id\":\"https:\\\/\\\/www.strukturholding.de\\\/#\\\/schema\\\/person\\\/6de28da221fc7edc231f999716e955c5\",\"name\":\"roseburgard\",\"url\":\"https:\\\/\\\/www.strukturholding.de\\\/fr\\\/author\\\/rose\\\/\"}]}<\/script>\n<!-- \/ Yoast SEO plugin. -->","yoast_head_json":{"title":"Apr\u00e8s-midi BBQ pour c\u00e9l\u00e9brer l\u2019ouverture des nouvelles r\u00e9sidences \u00e9tudiantes au campus universitaire de Sarrebruck - SHS | Strukturholding Saar","robots":{"index":"index","follow":"follow","max-snippet":"max-snippet:-1","max-image-preview":"max-image-preview:large","max-video-preview":"max-video-preview:-1"},"canonical":"https:\/\/www.strukturholding.de\/fr\/apres-midi-bbq-pour-celebrer-louverture-des-nouvelles-residences-etudiantes-au-campus-universitaire-de-sarrebruck\/","og_locale":"fr_FR","og_type":"article","og_title":"Apr\u00e8s-midi BBQ pour c\u00e9l\u00e9brer l\u2019ouverture des nouvelles r\u00e9sidences \u00e9tudiantes au campus universitaire de Sarrebruck - SHS | Strukturholding Saar","og_description":"Apr\u00e8s-midi BBQ pour c\u00e9l\u00e9brer l\u2019ouverture des nouvelles r\u00e9sidences \u00e9tudiantes au campus universitaire de Sarrebruck avec","og_url":"https:\/\/www.strukturholding.de\/fr\/apres-midi-bbq-pour-celebrer-louverture-des-nouvelles-residences-etudiantes-au-campus-universitaire-de-sarrebruck\/","og_site_name":"SHS | Strukturholding Saar","article_published_time":"2026-04-30T12:16:31+00:00","og_image":[{"width":1200,"height":630,"url":"https:\/\/www.strukturholding.de\/wp-content\/uploads\/2016\/10\/og_image_strukturholding.jpg","type":"image\/jpeg"}],"author":"roseburgard","twitter_misc":{"\u00c9crit par":"roseburgard","Dur\u00e9e de lecture estim\u00e9e":"10 minutes"},"schema":{"@context":"https:\/\/schema.org","@graph":[{"@type":"Article","@id":"https:\/\/www.strukturholding.de\/fr\/apres-midi-bbq-pour-celebrer-louverture-des-nouvelles-residences-etudiantes-au-campus-universitaire-de-sarrebruck\/#article","isPartOf":{"@id":"https:\/\/www.strukturholding.de\/fr\/apres-midi-bbq-pour-celebrer-louverture-des-nouvelles-residences-etudiantes-au-campus-universitaire-de-sarrebruck\/"},"author":{"name":"roseburgard","@id":"https:\/\/www.strukturholding.de\/#\/schema\/person\/6de28da221fc7edc231f999716e955c5"},"headline":"Apr\u00e8s-midi BBQ pour c\u00e9l\u00e9brer l\u2019ouverture des nouvelles r\u00e9sidences \u00e9tudiantes au campus universitaire de Sarrebruck","datePublished":"2026-04-30T12:16:31+00:00","mainEntityOfPage":{"@id":"https:\/\/www.strukturholding.de\/fr\/apres-midi-bbq-pour-celebrer-louverture-des-nouvelles-residences-etudiantes-au-campus-universitaire-de-sarrebruck\/"},"wordCount":1899,"articleSection":["G\u00e9n\u00e9ral"],"inLanguage":"fr-FR"},{"@type":"WebPage","@id":"https:\/\/www.strukturholding.de\/fr\/apres-midi-bbq-pour-celebrer-louverture-des-nouvelles-residences-etudiantes-au-campus-universitaire-de-sarrebruck\/","url":"https:\/\/www.strukturholding.de\/fr\/apres-midi-bbq-pour-celebrer-louverture-des-nouvelles-residences-etudiantes-au-campus-universitaire-de-sarrebruck\/","name":"Apr\u00e8s-midi BBQ pour c\u00e9l\u00e9brer l\u2019ouverture des nouvelles r\u00e9sidences \u00e9tudiantes au campus universitaire de Sarrebruck - SHS | Strukturholding Saar","isPartOf":{"@id":"https:\/\/www.strukturholding.de\/#website"},"datePublished":"2026-04-30T12:16:31+00:00","author":{"@id":"https:\/\/www.strukturholding.de\/#\/schema\/person\/6de28da221fc7edc231f999716e955c5"},"breadcrumb":{"@id":"https:\/\/www.strukturholding.de\/fr\/apres-midi-bbq-pour-celebrer-louverture-des-nouvelles-residences-etudiantes-au-campus-universitaire-de-sarrebruck\/#breadcrumb"},"inLanguage":"fr-FR","potentialAction":[{"@type":"ReadAction","target":["https:\/\/www.strukturholding.de\/fr\/apres-midi-bbq-pour-celebrer-louverture-des-nouvelles-residences-etudiantes-au-campus-universitaire-de-sarrebruck\/"]}]},{"@type":"BreadcrumbList","@id":"https:\/\/www.strukturholding.de\/fr\/apres-midi-bbq-pour-celebrer-louverture-des-nouvelles-residences-etudiantes-au-campus-universitaire-de-sarrebruck\/#breadcrumb","itemListElement":[{"@type":"ListItem","position":1,"name":"Startseite","item":"https:\/\/www.strukturholding.de\/fr\/"},{"@type":"ListItem","position":2,"name":"Apr\u00e8s-midi BBQ pour c\u00e9l\u00e9brer l\u2019ouverture des nouvelles r\u00e9sidences \u00e9tudiantes au campus universitaire de Sarrebruck"}]},{"@type":"WebSite","@id":"https:\/\/www.strukturholding.de\/#website","url":"https:\/\/www.strukturholding.de\/","name":"SHS | Strukturholding Saar","description":"","potentialAction":[{"@type":"SearchAction","target":{"@type":"EntryPoint","urlTemplate":"https:\/\/www.strukturholding.de\/?s={search_term_string}"},"query-input":{"@type":"PropertyValueSpecification","valueRequired":true,"valueName":"search_term_string"}}],"inLanguage":"fr-FR"},{"@type":"Person","@id":"https:\/\/www.strukturholding.de\/#\/schema\/person\/6de28da221fc7edc231f999716e955c5","name":"roseburgard","url":"https:\/\/www.strukturholding.de\/fr\/author\/rose\/"}]}},"_links":{"self":[{"href":"https:\/\/www.strukturholding.de\/fr\/wp-json\/wp\/v2\/posts\/27622","targetHints":{"allow":["GET"]}}],"collection":[{"href":"https:\/\/www.strukturholding.de\/fr\/wp-json\/wp\/v2\/posts"}],"about":[{"href":"https:\/\/www.strukturholding.de\/fr\/wp-json\/wp\/v2\/types\/post"}],"author":[{"embeddable":true,"href":"https:\/\/www.strukturholding.de\/fr\/wp-json\/wp\/v2\/users\/7"}],"replies":[{"embeddable":true,"href":"https:\/\/www.strukturholding.de\/fr\/wp-json\/wp\/v2\/comments?post=27622"}],"version-history":[{"count":5,"href":"https:\/\/www.strukturholding.de\/fr\/wp-json\/wp\/v2\/posts\/27622\/revisions"}],"predecessor-version":[{"id":27627,"href":"https:\/\/www.strukturholding.de\/fr\/wp-json\/wp\/v2\/posts\/27622\/revisions\/27627"}],"wp:attachment":[{"href":"https:\/\/www.strukturholding.de\/fr\/wp-json\/wp\/v2\/media?parent=27622"}],"wp:term":[{"taxonomy":"category","embeddable":true,"href":"https:\/\/www.strukturholding.de\/fr\/wp-json\/wp\/v2\/categories?post=27622"},{"taxonomy":"post_tag","embeddable":true,"href":"https:\/\/www.strukturholding.de\/fr\/wp-json\/wp\/v2\/tags?post=27622"}],"curies":[{"name":"wp","href":"https:\/\/api.w.org\/{rel}","templated":true}]}}