{"id":27501,"date":"2026-04-23T14:46:25","date_gmt":"2026-04-23T12:46:25","guid":{"rendered":"https:\/\/www.strukturholding.de\/?p=27501"},"modified":"2026-04-23T14:46:25","modified_gmt":"2026-04-23T12:46:25","slug":"des-promoteurs-economiques-signent-une-declaration-dintention-entre-la-sarre-et-letat-americain-de-lutahund-us-bundesstaat-utah","status":"publish","type":"post","link":"https:\/\/www.strukturholding.de\/fr\/des-promoteurs-economiques-signent-une-declaration-dintention-entre-la-sarre-et-letat-americain-de-lutahund-us-bundesstaat-utah\/","title":{"rendered":"Des promoteurs \u00e9conomiques signent une d\u00e9claration d\u2019intention entre la Sarre et l\u2019\u00c9tat am\u00e9ricain de l\u2019Utahund US-Bundesstaat Utah"},"content":{"rendered":"<h1><strong>Des promoteurs \u00e9conomiques signent une d\u00e9claration d\u2019intention entre la Sarre et l\u2019\u00c9tat am\u00e9ricain de l\u2019Utah\u00a0: intensification en mati\u00e8re de commerce, d\u2019investissements et d\u2019innovations<\/strong><\/h1>\n<p><strong>C\u2019est dans le cadre de la rencontre \u00e9conomique \u00ab\u00a0<em>Utah-Saarland Business Alliance Forum<\/em>\u00a0\u00bb r\u00e9unissant des personnalit\u00e9s de premier plan au sein de la repr\u00e9sentation du Land de la Sarre \u00e0 Berlin qu\u2019a \u00e9t\u00e9 sign\u00e9e aujourd\u2019hui (21\/04) une d\u00e9claration d\u2019intention entre la Sarre et l\u2019Utah. Cette d\u00e9claration renforce la coop\u00e9ration existante ainsi que l\u2019\u00e9change dans les domaines du commerce, des investissements et des innovations. <\/strong><\/p>\n<p>Une d\u00e9claration d\u2019intention (<em>Memorandum of Understanding<\/em>) entre les soci\u00e9t\u00e9s de promotion \u00e9conomique de la Sarre et de l\u2019Utah a \u00e9t\u00e9 sign\u00e9e par le PDG de la gwSaar M. Thomas Schuck et le directeur du bureau de la promotion \u00e9conomique de l\u2019\u00c9tat de l\u2019Utah M. Jefferson Moss en pr\u00e9sence du gouverneur de l\u2019Utah M. Spencer J. Cox et du ministre de l\u2019\u00c9conomie M. J\u00fcrgen Barke.<\/p>\n<p>Le gouverneur M. Spencer J. Cox\u00a0: \u00ab\u00a0Le partenariat entre la Sarre et l\u2019Utah montre ce qui est possible lorsque s\u2019associent des r\u00e9gions qui partagent la m\u00eame vision en mati\u00e8re de croissance et d\u2019innovation. Le renforcement de notre collaboration dans les domaines du commerce et des investissements nous permet non seulement de renforcer nos \u00e9conomies nationales, mais aussi de forger un avenir plus connect\u00e9 et plus robuste.\u00a0\u00bb<\/p>\n<p>Le ministre de l\u2019\u00c9conomie M. J\u00fcrgen Barke\u00a0: \u00ab\u00a0L\u2019innovation na\u00eet l\u00e0 o\u00f9 convergent diff\u00e9rentes forces et perspectives. La signature d\u2019aujourd\u2019hui renforce de fa\u00e7on cibl\u00e9e la collaboration transatlantique entre la Sarre et l\u2019Utah pour en faire une alliance strat\u00e9gique ax\u00e9e sur les secteurs d\u2019avenir. Cela nous permet de cr\u00e9er de nouvelles opportunit\u00e9s de croissance des deux c\u00f4t\u00e9s de l\u2019Atlantique.\u00a0\u00bb<\/p>\n<p>Le PDG de la gwSaar M. Thomas Schuck\u00a0: \u00ab\u00a0Nous avons en Sarre de nombreuses moyennes entreprises innovantes qui agissent au niveau international ou qui d\u00e9sirent le faire. Et nous souhaitons soutenir cela. Gr\u00e2ce \u00e0 cette d\u00e9claration, nous \u00e9toffons la collaboration transatlantique actuelle et cr\u00e9ons de nouveaux march\u00e9s en termes de contacts, de coop\u00e9ration et, au final, de d\u00e9bouch\u00e9s commerciaux. Ce qui profitera aux entreprises tant sarroises qu\u2019\u00e9tasuniennes.\u00a0\u00bb<\/p>\n<p>Cette d\u00e9claration d\u2019intention intensifiera la coop\u00e9ration entre les soci\u00e9t\u00e9s de promotion \u00e9conomique des deux pays dans les domaines suivants\u00a0:<\/p>\n<ul>\n<li>Dans le domaine <u>commerce et strat\u00e9gies de commercialisation<\/u>, c\u2019est aussi bien la collaboration qui doit \u00eatre renforc\u00e9e dans les secteurs d\u2019avenir comme sciences de la vie, a\u00e9ronautique et intelligence artificielle que l\u2019interconnexion des entreprises travaillant dans ces secteurs\u00a0\u2013 aussi bien entre l\u2019Utah et la Sarre qu\u2019entre les \u00c9tats-Unis et l\u2019Allemagne.<\/li>\n<li>Dans le cadre de la <u>promotion des investissements<\/u> commune, la production, la logistique, la technologie de l\u2019information, l\u2019\u00e9nergie et l\u2019innovation sont tout autant en ligne de mire que l\u2019\u00e9change d\u2019informations concernant des projets d\u2019investissement et des opportunit\u00e9s de partenariat.<\/li>\n<li>Dans l\u2019<u>\u00e9change d\u2019innovations et de technologie<\/u>, il s\u2019agit de soutenir la collaboration, l\u2019\u00e9change et les projets de coop\u00e9ration entre les \u00e9coles sup\u00e9rieures, les instituts de recherche et les entreprises orient\u00e9es vers la technologie.<\/li>\n<li>On compte \u00e9galement une coop\u00e9ration dans les domaines <u>march\u00e9 du travail et formation<\/u>, par ex. dans le cadre de partenariats \u00e9ducatifs et programmes d\u2019\u00e9change, et dans le domaine <u>tourisme et culture<\/u>, par ex. le soutien de la promotion du tourisme.<\/li>\n<\/ul>\n<p>\u00c0 cette fin, de nombreuses consultations auront lieu entre les partenaires ainsi que la mise en place de groupes de projet ayant comme objectif l\u2019interconnexion transnationale ainsi que la transmission et l\u2019\u00e9change d\u2019informations entre les diff\u00e9rentes branches et entreprises.<\/p>\n<p>La d\u00e9l\u00e9gation commerciale \u00e9tasunienne est arriv\u00e9e d\u00e8s dimanche (19\/04) en Allemagne. Le gouverneur M. Cox, le ministre M. Barke et le PDG M. Schuck ont men\u00e9 des discussions approfondies et se sont rendus ensemble le lundi \u00e0 la Foire de Hanovre afin d\u2019y rencontrer des repr\u00e9sentants sarrois du monde des affaires au stand commun de la gwSaar \u00ab\u00a0Germany\u00b4s Saarland\u00a0\u00bb. Le voyage de d\u00e9l\u00e9gation a \u00e9t\u00e9 cl\u00f4tur\u00e9 par la rencontre \u00e9conomique \u00ab\u00a0<em>Utah-Saarland Business Alliance Forum<\/em>\u00a0\u00bb \u00e0 Berlin.<\/p>\n","protected":false},"excerpt":{"rendered":"<p>Des promoteurs \u00e9conomiques signent une d\u00e9claration d\u2019intention entre la Sarre et l\u2019\u00c9tat am\u00e9ricain de l\u2019Utah\u00a0:<\/p>\n","protected":false},"author":7,"featured_media":0,"comment_status":"closed","ping_status":"closed","sticky":false,"template":"","format":"standard","meta":{"_acf_changed":false,"footnotes":""},"categories":[3],"tags":[],"class_list":["post-27501","post","type-post","status-publish","format-standard","hentry","category-generale"],"acf":[],"yoast_head":"<!-- This site is optimized with the Yoast SEO plugin v27.4 - https:\/\/yoast.com\/product\/yoast-seo-wordpress\/ -->\n<title>Des promoteurs \u00e9conomiques signent une d\u00e9claration d\u2019intention entre la Sarre et l\u2019\u00c9tat am\u00e9ricain de l\u2019Utahund US-Bundesstaat Utah - SHS | Strukturholding Saar<\/title>\n<meta name=\"robots\" content=\"index, follow, max-snippet:-1, max-image-preview:large, max-video-preview:-1\" \/>\n<link rel=\"canonical\" href=\"https:\/\/www.strukturholding.de\/fr\/des-promoteurs-economiques-signent-une-declaration-dintention-entre-la-sarre-et-letat-americain-de-lutahund-us-bundesstaat-utah\/\" \/>\n<meta property=\"og:locale\" content=\"fr_FR\" \/>\n<meta property=\"og:type\" content=\"article\" \/>\n<meta property=\"og:title\" content=\"Des promoteurs \u00e9conomiques signent une d\u00e9claration d\u2019intention entre la Sarre et l\u2019\u00c9tat am\u00e9ricain de l\u2019Utahund US-Bundesstaat Utah - SHS | Strukturholding Saar\" \/>\n<meta property=\"og:description\" content=\"Des promoteurs \u00e9conomiques signent une d\u00e9claration d\u2019intention entre la Sarre et l\u2019\u00c9tat am\u00e9ricain de l\u2019Utah\u00a0:\" \/>\n<meta property=\"og:url\" content=\"https:\/\/www.strukturholding.de\/fr\/des-promoteurs-economiques-signent-une-declaration-dintention-entre-la-sarre-et-letat-americain-de-lutahund-us-bundesstaat-utah\/\" \/>\n<meta property=\"og:site_name\" content=\"SHS | Strukturholding Saar\" \/>\n<meta property=\"article:published_time\" content=\"2026-04-23T12:46:25+00:00\" \/>\n<meta property=\"og:image\" content=\"https:\/\/www.strukturholding.de\/wp-content\/uploads\/2016\/10\/og_image_strukturholding.jpg\" \/>\n\t<meta property=\"og:image:width\" content=\"1200\" \/>\n\t<meta property=\"og:image:height\" content=\"630\" \/>\n\t<meta property=\"og:image:type\" content=\"image\/jpeg\" \/>\n<meta name=\"author\" content=\"roseburgard\" \/>\n<meta name=\"twitter:label1\" content=\"\u00c9crit par\" \/>\n\t<meta name=\"twitter:data1\" content=\"roseburgard\" \/>\n\t<meta name=\"twitter:label2\" content=\"Dur\u00e9e de lecture estim\u00e9e\" \/>\n\t<meta name=\"twitter:data2\" content=\"4 minutes\" \/>\n<script type=\"application\/ld+json\" class=\"yoast-schema-graph\">{\"@context\":\"https:\\\/\\\/schema.org\",\"@graph\":[{\"@type\":\"Article\",\"@id\":\"https:\\\/\\\/www.strukturholding.de\\\/fr\\\/des-promoteurs-economiques-signent-une-declaration-dintention-entre-la-sarre-et-letat-americain-de-lutahund-us-bundesstaat-utah\\\/#article\",\"isPartOf\":{\"@id\":\"https:\\\/\\\/www.strukturholding.de\\\/fr\\\/des-promoteurs-economiques-signent-une-declaration-dintention-entre-la-sarre-et-letat-americain-de-lutahund-us-bundesstaat-utah\\\/\"},\"author\":{\"name\":\"roseburgard\",\"@id\":\"https:\\\/\\\/www.strukturholding.de\\\/#\\\/schema\\\/person\\\/6de28da221fc7edc231f999716e955c5\"},\"headline\":\"Des promoteurs \u00e9conomiques signent une d\u00e9claration d\u2019intention entre la Sarre et l\u2019\u00c9tat am\u00e9ricain de l\u2019Utahund US-Bundesstaat Utah\",\"datePublished\":\"2026-04-23T12:46:25+00:00\",\"mainEntityOfPage\":{\"@id\":\"https:\\\/\\\/www.strukturholding.de\\\/fr\\\/des-promoteurs-economiques-signent-une-declaration-dintention-entre-la-sarre-et-letat-americain-de-lutahund-us-bundesstaat-utah\\\/\"},\"wordCount\":760,\"articleSection\":[\"G\u00e9n\u00e9ral\"],\"inLanguage\":\"fr-FR\"},{\"@type\":\"WebPage\",\"@id\":\"https:\\\/\\\/www.strukturholding.de\\\/fr\\\/des-promoteurs-economiques-signent-une-declaration-dintention-entre-la-sarre-et-letat-americain-de-lutahund-us-bundesstaat-utah\\\/\",\"url\":\"https:\\\/\\\/www.strukturholding.de\\\/fr\\\/des-promoteurs-economiques-signent-une-declaration-dintention-entre-la-sarre-et-letat-americain-de-lutahund-us-bundesstaat-utah\\\/\",\"name\":\"Des promoteurs \u00e9conomiques signent une d\u00e9claration d\u2019intention entre la Sarre et l\u2019\u00c9tat am\u00e9ricain de l\u2019Utahund US-Bundesstaat Utah - SHS | Strukturholding Saar\",\"isPartOf\":{\"@id\":\"https:\\\/\\\/www.strukturholding.de\\\/#website\"},\"datePublished\":\"2026-04-23T12:46:25+00:00\",\"author\":{\"@id\":\"https:\\\/\\\/www.strukturholding.de\\\/#\\\/schema\\\/person\\\/6de28da221fc7edc231f999716e955c5\"},\"breadcrumb\":{\"@id\":\"https:\\\/\\\/www.strukturholding.de\\\/fr\\\/des-promoteurs-economiques-signent-une-declaration-dintention-entre-la-sarre-et-letat-americain-de-lutahund-us-bundesstaat-utah\\\/#breadcrumb\"},\"inLanguage\":\"fr-FR\",\"potentialAction\":[{\"@type\":\"ReadAction\",\"target\":[\"https:\\\/\\\/www.strukturholding.de\\\/fr\\\/des-promoteurs-economiques-signent-une-declaration-dintention-entre-la-sarre-et-letat-americain-de-lutahund-us-bundesstaat-utah\\\/\"]}]},{\"@type\":\"BreadcrumbList\",\"@id\":\"https:\\\/\\\/www.strukturholding.de\\\/fr\\\/des-promoteurs-economiques-signent-une-declaration-dintention-entre-la-sarre-et-letat-americain-de-lutahund-us-bundesstaat-utah\\\/#breadcrumb\",\"itemListElement\":[{\"@type\":\"ListItem\",\"position\":1,\"name\":\"Startseite\",\"item\":\"https:\\\/\\\/www.strukturholding.de\\\/fr\\\/\"},{\"@type\":\"ListItem\",\"position\":2,\"name\":\"Des promoteurs \u00e9conomiques signent une d\u00e9claration d\u2019intention entre la Sarre et l\u2019\u00c9tat am\u00e9ricain de l\u2019Utahund US-Bundesstaat Utah\"}]},{\"@type\":\"WebSite\",\"@id\":\"https:\\\/\\\/www.strukturholding.de\\\/#website\",\"url\":\"https:\\\/\\\/www.strukturholding.de\\\/\",\"name\":\"SHS | Strukturholding Saar\",\"description\":\"\",\"potentialAction\":[{\"@type\":\"SearchAction\",\"target\":{\"@type\":\"EntryPoint\",\"urlTemplate\":\"https:\\\/\\\/www.strukturholding.de\\\/?s={search_term_string}\"},\"query-input\":{\"@type\":\"PropertyValueSpecification\",\"valueRequired\":true,\"valueName\":\"search_term_string\"}}],\"inLanguage\":\"fr-FR\"},{\"@type\":\"Person\",\"@id\":\"https:\\\/\\\/www.strukturholding.de\\\/#\\\/schema\\\/person\\\/6de28da221fc7edc231f999716e955c5\",\"name\":\"roseburgard\",\"url\":\"https:\\\/\\\/www.strukturholding.de\\\/fr\\\/author\\\/rose\\\/\"}]}<\/script>\n<!-- \/ Yoast SEO plugin. -->","yoast_head_json":{"title":"Des promoteurs \u00e9conomiques signent une d\u00e9claration d\u2019intention entre la Sarre et l\u2019\u00c9tat am\u00e9ricain de l\u2019Utahund US-Bundesstaat Utah - SHS | Strukturholding Saar","robots":{"index":"index","follow":"follow","max-snippet":"max-snippet:-1","max-image-preview":"max-image-preview:large","max-video-preview":"max-video-preview:-1"},"canonical":"https:\/\/www.strukturholding.de\/fr\/des-promoteurs-economiques-signent-une-declaration-dintention-entre-la-sarre-et-letat-americain-de-lutahund-us-bundesstaat-utah\/","og_locale":"fr_FR","og_type":"article","og_title":"Des promoteurs \u00e9conomiques signent une d\u00e9claration d\u2019intention entre la Sarre et l\u2019\u00c9tat am\u00e9ricain de l\u2019Utahund US-Bundesstaat Utah - SHS | Strukturholding Saar","og_description":"Des promoteurs \u00e9conomiques signent une d\u00e9claration d\u2019intention entre la Sarre et l\u2019\u00c9tat am\u00e9ricain de l\u2019Utah\u00a0:","og_url":"https:\/\/www.strukturholding.de\/fr\/des-promoteurs-economiques-signent-une-declaration-dintention-entre-la-sarre-et-letat-americain-de-lutahund-us-bundesstaat-utah\/","og_site_name":"SHS | Strukturholding Saar","article_published_time":"2026-04-23T12:46:25+00:00","og_image":[{"width":1200,"height":630,"url":"https:\/\/www.strukturholding.de\/wp-content\/uploads\/2016\/10\/og_image_strukturholding.jpg","type":"image\/jpeg"}],"author":"roseburgard","twitter_misc":{"\u00c9crit par":"roseburgard","Dur\u00e9e de lecture estim\u00e9e":"4 minutes"},"schema":{"@context":"https:\/\/schema.org","@graph":[{"@type":"Article","@id":"https:\/\/www.strukturholding.de\/fr\/des-promoteurs-economiques-signent-une-declaration-dintention-entre-la-sarre-et-letat-americain-de-lutahund-us-bundesstaat-utah\/#article","isPartOf":{"@id":"https:\/\/www.strukturholding.de\/fr\/des-promoteurs-economiques-signent-une-declaration-dintention-entre-la-sarre-et-letat-americain-de-lutahund-us-bundesstaat-utah\/"},"author":{"name":"roseburgard","@id":"https:\/\/www.strukturholding.de\/#\/schema\/person\/6de28da221fc7edc231f999716e955c5"},"headline":"Des promoteurs \u00e9conomiques signent une d\u00e9claration d\u2019intention entre la Sarre et l\u2019\u00c9tat am\u00e9ricain de l\u2019Utahund US-Bundesstaat Utah","datePublished":"2026-04-23T12:46:25+00:00","mainEntityOfPage":{"@id":"https:\/\/www.strukturholding.de\/fr\/des-promoteurs-economiques-signent-une-declaration-dintention-entre-la-sarre-et-letat-americain-de-lutahund-us-bundesstaat-utah\/"},"wordCount":760,"articleSection":["G\u00e9n\u00e9ral"],"inLanguage":"fr-FR"},{"@type":"WebPage","@id":"https:\/\/www.strukturholding.de\/fr\/des-promoteurs-economiques-signent-une-declaration-dintention-entre-la-sarre-et-letat-americain-de-lutahund-us-bundesstaat-utah\/","url":"https:\/\/www.strukturholding.de\/fr\/des-promoteurs-economiques-signent-une-declaration-dintention-entre-la-sarre-et-letat-americain-de-lutahund-us-bundesstaat-utah\/","name":"Des promoteurs \u00e9conomiques signent une d\u00e9claration d\u2019intention entre la Sarre et l\u2019\u00c9tat am\u00e9ricain de l\u2019Utahund US-Bundesstaat Utah - SHS | Strukturholding Saar","isPartOf":{"@id":"https:\/\/www.strukturholding.de\/#website"},"datePublished":"2026-04-23T12:46:25+00:00","author":{"@id":"https:\/\/www.strukturholding.de\/#\/schema\/person\/6de28da221fc7edc231f999716e955c5"},"breadcrumb":{"@id":"https:\/\/www.strukturholding.de\/fr\/des-promoteurs-economiques-signent-une-declaration-dintention-entre-la-sarre-et-letat-americain-de-lutahund-us-bundesstaat-utah\/#breadcrumb"},"inLanguage":"fr-FR","potentialAction":[{"@type":"ReadAction","target":["https:\/\/www.strukturholding.de\/fr\/des-promoteurs-economiques-signent-une-declaration-dintention-entre-la-sarre-et-letat-americain-de-lutahund-us-bundesstaat-utah\/"]}]},{"@type":"BreadcrumbList","@id":"https:\/\/www.strukturholding.de\/fr\/des-promoteurs-economiques-signent-une-declaration-dintention-entre-la-sarre-et-letat-americain-de-lutahund-us-bundesstaat-utah\/#breadcrumb","itemListElement":[{"@type":"ListItem","position":1,"name":"Startseite","item":"https:\/\/www.strukturholding.de\/fr\/"},{"@type":"ListItem","position":2,"name":"Des promoteurs \u00e9conomiques signent une d\u00e9claration d\u2019intention entre la Sarre et l\u2019\u00c9tat am\u00e9ricain de l\u2019Utahund US-Bundesstaat Utah"}]},{"@type":"WebSite","@id":"https:\/\/www.strukturholding.de\/#website","url":"https:\/\/www.strukturholding.de\/","name":"SHS | Strukturholding Saar","description":"","potentialAction":[{"@type":"SearchAction","target":{"@type":"EntryPoint","urlTemplate":"https:\/\/www.strukturholding.de\/?s={search_term_string}"},"query-input":{"@type":"PropertyValueSpecification","valueRequired":true,"valueName":"search_term_string"}}],"inLanguage":"fr-FR"},{"@type":"Person","@id":"https:\/\/www.strukturholding.de\/#\/schema\/person\/6de28da221fc7edc231f999716e955c5","name":"roseburgard","url":"https:\/\/www.strukturholding.de\/fr\/author\/rose\/"}]}},"_links":{"self":[{"href":"https:\/\/www.strukturholding.de\/fr\/wp-json\/wp\/v2\/posts\/27501","targetHints":{"allow":["GET"]}}],"collection":[{"href":"https:\/\/www.strukturholding.de\/fr\/wp-json\/wp\/v2\/posts"}],"about":[{"href":"https:\/\/www.strukturholding.de\/fr\/wp-json\/wp\/v2\/types\/post"}],"author":[{"embeddable":true,"href":"https:\/\/www.strukturholding.de\/fr\/wp-json\/wp\/v2\/users\/7"}],"replies":[{"embeddable":true,"href":"https:\/\/www.strukturholding.de\/fr\/wp-json\/wp\/v2\/comments?post=27501"}],"version-history":[{"count":13,"href":"https:\/\/www.strukturholding.de\/fr\/wp-json\/wp\/v2\/posts\/27501\/revisions"}],"predecessor-version":[{"id":27554,"href":"https:\/\/www.strukturholding.de\/fr\/wp-json\/wp\/v2\/posts\/27501\/revisions\/27554"}],"wp:attachment":[{"href":"https:\/\/www.strukturholding.de\/fr\/wp-json\/wp\/v2\/media?parent=27501"}],"wp:term":[{"taxonomy":"category","embeddable":true,"href":"https:\/\/www.strukturholding.de\/fr\/wp-json\/wp\/v2\/categories?post=27501"},{"taxonomy":"post_tag","embeddable":true,"href":"https:\/\/www.strukturholding.de\/fr\/wp-json\/wp\/v2\/tags?post=27501"}],"curies":[{"name":"wp","href":"https:\/\/api.w.org\/{rel}","templated":true}]}}