{"id":27085,"date":"2026-01-26T14:43:58","date_gmt":"2026-01-26T13:43:58","guid":{"rendered":"https:\/\/www.strukturholding.de\/?p=27085"},"modified":"2026-02-03T14:42:33","modified_gmt":"2026-02-03T13:42:33","slug":"de-centre-des-impots-a-quartier-davenir-la-woge-saar-transforme-la-mainzer-strasse","status":"publish","type":"post","link":"https:\/\/www.strukturholding.de\/fr\/de-centre-des-impots-a-quartier-davenir-la-woge-saar-transforme-la-mainzer-strasse\/","title":{"rendered":"De centre des imp\u00f4ts \u00e0 quartier d\u2019avenir\u00a0: la WOGE Saar transforme la Mainzer Stra\u00dfe"},"content":{"rendered":"<h1>De centre des imp\u00f4ts \u00e0 quartier d\u2019avenir\u00a0: la WOGE Saar transforme la Mainzer Stra\u00dfe<\/h1>\n<p><strong>Accessibles aux PMR, sociaux et adapt\u00e9s aux personnes \u00e2g\u00e9es\u00a0: voil\u00e0 \u00e0 quoi ressembleront les logements et bureaux pr\u00e9vus \u00e0 la Mainzerstra\u00dfe 109-111. Pour ce faire, la soci\u00e9t\u00e9 WOGE Saar (Wohnungsgesellschaft Saarland) r\u00e9nove un ancien b\u00e2timent du centre des imp\u00f4ts \u00e0 Sarrebruck. Actuellement, les mesures de transformation sont pleinement engag\u00e9es. La soci\u00e9t\u00e9 avait issu une invitation pour une visite du chantier le mercredi 21 janvier. \u00c9taient pr\u00e9sents le secr\u00e9taire d\u2019\u00c9tat \u00e0 la Construction M. Torsten Lang dans sa fonction de pr\u00e9sident du conseil de surveillance ainsi que M. Mirco Bertucci, PDG de la WOGE. <\/strong><\/p>\n<p>Lors de la visite, le pr\u00e9sident du conseil de surveillance de la WOGE M. Lang WOGE a soulign\u00e9 l\u2019importance de la revitalisation du b\u00e2timent\u00a0: \u00ab\u00a0Ce projet s\u2019inscrit \u00e0 merveille dans les objectifs en mati\u00e8re de politique du logement de la Sarre. Je me r\u00e9jouis qu\u2019\u00e0 travers des projets comme celui-ci, la WOGE assume la responsabilit\u00e9 de la mise en \u0153uvre de ces objectifs et qu\u2019elle contribue concr\u00e8tement \u00e0 l\u2019extension des logements subventionn\u00e9s.\u00a0\u00bb<\/p>\n<p>\u00ab\u00a0Cet ensemble de logements et bureaux ici dans la Mainzerstra\u00dfe combine efficacit\u00e9 technique des b\u00e2timents et responsabilit\u00e9 sociale. Il offre des bureaux intelligemment con\u00e7us pour une atmosph\u00e8re de travail attrayante ainsi que des logements accessibles aux PMR, abordables et de qualit\u00e9 \u00e9lev\u00e9e. Ainsi, la WOGE Saar remplit une fois de plus sa mission qui consiste \u00e0 cr\u00e9er des logements adapt\u00e9s \u00e0 tous les groupes sociaux\u00a0\u00bb, a soulign\u00e9 M. Bertucci, PDG de la WOGE.<\/p>\n<p><strong>Visite<br \/>\n<\/strong>Lors de la visite, des explications ont \u00e9t\u00e9 donn\u00e9es concernant le rez-de-chauss\u00e9e o\u00f9 trois unit\u00e9s de bureaux seront am\u00e9nag\u00e9es. Tout en haut, au sixi\u00e8me \u00e9tage, les participants ont pu jeter un coup d\u2019\u0153il au toit en terrasse (pas encore accessibles en raison des travaux de construction) qui offrait tout de m\u00eame une vue panoramique impressionnante sur la ville. La structure des logements a \u00e9t\u00e9 expliqu\u00e9e aussi bien en personne qu\u2019\u00e0 l\u2019aide de sch\u00e9mas affich\u00e9s. Il en va de m\u00eame au troisi\u00e8me \u00e9tage, o\u00f9 se trouve actuellement l\u2019\u00ab\u00a0\u00e9tage t\u00e9moin\u00a0\u00bb\u00a0\u2013 il repr\u00e9sente actuellement encore tous les autres \u00e9tages d\u2019habitation.<br \/>\nCe sont en tout 49 logements qui verront le jour sur cinq \u00e9tages et une surface totale d\u2019env. 3\u00a0300\u00a0m\u00b2. 28 d\u2019entre eux seront am\u00e9nag\u00e9s de fa\u00e7on accessible aux PMR ou adapt\u00e9e aux personnes \u00e2g\u00e9es.<\/p>\n<p><strong>R\u00e9alisation du b\u00e2timent<br \/>\n<\/strong>L\u2019int\u00e9rieur du b\u00e2timent sera enti\u00e8rement d\u00e9construit puis reconstruit et compl\u00e8tement modernis\u00e9. La structure ext\u00e9rieure sera en grande partie conserv\u00e9e. En tout, huit nouveaux balcons seront construits c\u00f4t\u00e9 Lessingstra\u00dfe et douze c\u00f4t\u00e9 cour int\u00e9rieure. Apr\u00e8s les travaux de r\u00e9novation, il sera \u00e9galement possible d\u2019utiliser le toit en terrasse au 6<sup>\u00e8me<\/sup> \u00e9tage.<\/p>\n<p>Vacant depuis d\u00e9but 2022, ce b\u00e2timent est pass\u00e9 de la propri\u00e9t\u00e9 du Land \u00e0 celle de la soci\u00e9t\u00e9 immobili\u00e8re en d\u00e9cembre 2024. Le permis de construire a \u00e9t\u00e9 d\u00e9livr\u00e9 au mois de f\u00e9vrier 2025. 26 appartements sont subventionn\u00e9s par des fonds r\u00e9gionaux et f\u00e9d\u00e9raux. La surface habitable financ\u00e9e par les pouvoirs publics est d\u2019env. 1\u00a0300\u00a0m\u00b2. Par rapport \u00e0 la superficie totale, la WOGE cr\u00e9e ici pr\u00e8s de 40\u00a0% de logements sociaux abordables. Actuellement, les mesures de transformation sont pleinement engag\u00e9es. L\u2019ach\u00e8vement des travaux est pr\u00e9vu pour l\u2019\u00e9t\u00e9 2027.<\/p>\n","protected":false},"excerpt":{"rendered":"<p>De centre des imp\u00f4ts \u00e0 quartier d\u2019avenir\u00a0: la WOGE Saar transforme la Mainzer Stra\u00dfe Accessibles<\/p>\n","protected":false},"author":7,"featured_media":0,"comment_status":"closed","ping_status":"closed","sticky":false,"template":"","format":"standard","meta":{"_acf_changed":false,"footnotes":""},"categories":[3],"tags":[],"class_list":["post-27085","post","type-post","status-publish","format-standard","hentry","category-generale"],"acf":[],"yoast_head":"<!-- This site is optimized with the Yoast SEO plugin v27.4 - https:\/\/yoast.com\/product\/yoast-seo-wordpress\/ -->\n<title>De centre des imp\u00f4ts \u00e0 quartier d\u2019avenir\u00a0: la WOGE Saar transforme la Mainzer Stra\u00dfe - SHS | Strukturholding Saar<\/title>\n<meta name=\"robots\" content=\"index, follow, max-snippet:-1, max-image-preview:large, max-video-preview:-1\" \/>\n<link rel=\"canonical\" href=\"https:\/\/www.strukturholding.de\/fr\/de-centre-des-impots-a-quartier-davenir-la-woge-saar-transforme-la-mainzer-strasse\/\" \/>\n<meta property=\"og:locale\" content=\"fr_FR\" \/>\n<meta property=\"og:type\" content=\"article\" \/>\n<meta property=\"og:title\" content=\"De centre des imp\u00f4ts \u00e0 quartier d\u2019avenir\u00a0: la WOGE Saar transforme la Mainzer Stra\u00dfe - SHS | Strukturholding Saar\" \/>\n<meta property=\"og:description\" content=\"De centre des imp\u00f4ts \u00e0 quartier d\u2019avenir\u00a0: la WOGE Saar transforme la Mainzer Stra\u00dfe Accessibles\" \/>\n<meta property=\"og:url\" content=\"https:\/\/www.strukturholding.de\/fr\/de-centre-des-impots-a-quartier-davenir-la-woge-saar-transforme-la-mainzer-strasse\/\" \/>\n<meta property=\"og:site_name\" content=\"SHS | Strukturholding Saar\" \/>\n<meta property=\"article:published_time\" content=\"2026-01-26T13:43:58+00:00\" \/>\n<meta property=\"article:modified_time\" content=\"2026-02-03T13:42:33+00:00\" \/>\n<meta property=\"og:image\" content=\"https:\/\/www.strukturholding.de\/wp-content\/uploads\/2016\/10\/og_image_strukturholding.jpg\" \/>\n\t<meta property=\"og:image:width\" content=\"1200\" \/>\n\t<meta property=\"og:image:height\" content=\"630\" \/>\n\t<meta property=\"og:image:type\" content=\"image\/jpeg\" \/>\n<meta name=\"author\" content=\"roseburgard\" \/>\n<meta name=\"twitter:label1\" content=\"\u00c9crit par\" \/>\n\t<meta name=\"twitter:data1\" content=\"roseburgard\" \/>\n\t<meta name=\"twitter:label2\" content=\"Dur\u00e9e de lecture estim\u00e9e\" \/>\n\t<meta name=\"twitter:data2\" content=\"3 minutes\" \/>\n<script type=\"application\/ld+json\" class=\"yoast-schema-graph\">{\"@context\":\"https:\\\/\\\/schema.org\",\"@graph\":[{\"@type\":\"Article\",\"@id\":\"https:\\\/\\\/www.strukturholding.de\\\/fr\\\/de-centre-des-impots-a-quartier-davenir-la-woge-saar-transforme-la-mainzer-strasse\\\/#article\",\"isPartOf\":{\"@id\":\"https:\\\/\\\/www.strukturholding.de\\\/fr\\\/de-centre-des-impots-a-quartier-davenir-la-woge-saar-transforme-la-mainzer-strasse\\\/\"},\"author\":{\"name\":\"roseburgard\",\"@id\":\"https:\\\/\\\/www.strukturholding.de\\\/#\\\/schema\\\/person\\\/6de28da221fc7edc231f999716e955c5\"},\"headline\":\"De centre des imp\u00f4ts \u00e0 quartier d\u2019avenir\u00a0: la WOGE Saar transforme la Mainzer Stra\u00dfe\",\"datePublished\":\"2026-01-26T13:43:58+00:00\",\"dateModified\":\"2026-02-03T13:42:33+00:00\",\"mainEntityOfPage\":{\"@id\":\"https:\\\/\\\/www.strukturholding.de\\\/fr\\\/de-centre-des-impots-a-quartier-davenir-la-woge-saar-transforme-la-mainzer-strasse\\\/\"},\"wordCount\":618,\"articleSection\":[\"G\u00e9n\u00e9ral\"],\"inLanguage\":\"fr-FR\"},{\"@type\":\"WebPage\",\"@id\":\"https:\\\/\\\/www.strukturholding.de\\\/fr\\\/de-centre-des-impots-a-quartier-davenir-la-woge-saar-transforme-la-mainzer-strasse\\\/\",\"url\":\"https:\\\/\\\/www.strukturholding.de\\\/fr\\\/de-centre-des-impots-a-quartier-davenir-la-woge-saar-transforme-la-mainzer-strasse\\\/\",\"name\":\"De centre des imp\u00f4ts \u00e0 quartier d\u2019avenir\u00a0: la WOGE Saar transforme la Mainzer Stra\u00dfe - SHS | Strukturholding Saar\",\"isPartOf\":{\"@id\":\"https:\\\/\\\/www.strukturholding.de\\\/#website\"},\"datePublished\":\"2026-01-26T13:43:58+00:00\",\"dateModified\":\"2026-02-03T13:42:33+00:00\",\"author\":{\"@id\":\"https:\\\/\\\/www.strukturholding.de\\\/#\\\/schema\\\/person\\\/6de28da221fc7edc231f999716e955c5\"},\"breadcrumb\":{\"@id\":\"https:\\\/\\\/www.strukturholding.de\\\/fr\\\/de-centre-des-impots-a-quartier-davenir-la-woge-saar-transforme-la-mainzer-strasse\\\/#breadcrumb\"},\"inLanguage\":\"fr-FR\",\"potentialAction\":[{\"@type\":\"ReadAction\",\"target\":[\"https:\\\/\\\/www.strukturholding.de\\\/fr\\\/de-centre-des-impots-a-quartier-davenir-la-woge-saar-transforme-la-mainzer-strasse\\\/\"]}]},{\"@type\":\"BreadcrumbList\",\"@id\":\"https:\\\/\\\/www.strukturholding.de\\\/fr\\\/de-centre-des-impots-a-quartier-davenir-la-woge-saar-transforme-la-mainzer-strasse\\\/#breadcrumb\",\"itemListElement\":[{\"@type\":\"ListItem\",\"position\":1,\"name\":\"Startseite\",\"item\":\"https:\\\/\\\/www.strukturholding.de\\\/fr\\\/\"},{\"@type\":\"ListItem\",\"position\":2,\"name\":\"De centre des imp\u00f4ts \u00e0 quartier d\u2019avenir\u00a0: la WOGE Saar transforme la Mainzer Stra\u00dfe\"}]},{\"@type\":\"WebSite\",\"@id\":\"https:\\\/\\\/www.strukturholding.de\\\/#website\",\"url\":\"https:\\\/\\\/www.strukturholding.de\\\/\",\"name\":\"SHS | Strukturholding Saar\",\"description\":\"\",\"potentialAction\":[{\"@type\":\"SearchAction\",\"target\":{\"@type\":\"EntryPoint\",\"urlTemplate\":\"https:\\\/\\\/www.strukturholding.de\\\/?s={search_term_string}\"},\"query-input\":{\"@type\":\"PropertyValueSpecification\",\"valueRequired\":true,\"valueName\":\"search_term_string\"}}],\"inLanguage\":\"fr-FR\"},{\"@type\":\"Person\",\"@id\":\"https:\\\/\\\/www.strukturholding.de\\\/#\\\/schema\\\/person\\\/6de28da221fc7edc231f999716e955c5\",\"name\":\"roseburgard\",\"url\":\"https:\\\/\\\/www.strukturholding.de\\\/fr\\\/author\\\/rose\\\/\"}]}<\/script>\n<!-- \/ Yoast SEO plugin. -->","yoast_head_json":{"title":"De centre des imp\u00f4ts \u00e0 quartier d\u2019avenir\u00a0: la WOGE Saar transforme la Mainzer Stra\u00dfe - SHS | Strukturholding Saar","robots":{"index":"index","follow":"follow","max-snippet":"max-snippet:-1","max-image-preview":"max-image-preview:large","max-video-preview":"max-video-preview:-1"},"canonical":"https:\/\/www.strukturholding.de\/fr\/de-centre-des-impots-a-quartier-davenir-la-woge-saar-transforme-la-mainzer-strasse\/","og_locale":"fr_FR","og_type":"article","og_title":"De centre des imp\u00f4ts \u00e0 quartier d\u2019avenir\u00a0: la WOGE Saar transforme la Mainzer Stra\u00dfe - SHS | Strukturholding Saar","og_description":"De centre des imp\u00f4ts \u00e0 quartier d\u2019avenir\u00a0: la WOGE Saar transforme la Mainzer Stra\u00dfe Accessibles","og_url":"https:\/\/www.strukturholding.de\/fr\/de-centre-des-impots-a-quartier-davenir-la-woge-saar-transforme-la-mainzer-strasse\/","og_site_name":"SHS | Strukturholding Saar","article_published_time":"2026-01-26T13:43:58+00:00","article_modified_time":"2026-02-03T13:42:33+00:00","og_image":[{"width":1200,"height":630,"url":"https:\/\/www.strukturholding.de\/wp-content\/uploads\/2016\/10\/og_image_strukturholding.jpg","type":"image\/jpeg"}],"author":"roseburgard","twitter_misc":{"\u00c9crit par":"roseburgard","Dur\u00e9e de lecture estim\u00e9e":"3 minutes"},"schema":{"@context":"https:\/\/schema.org","@graph":[{"@type":"Article","@id":"https:\/\/www.strukturholding.de\/fr\/de-centre-des-impots-a-quartier-davenir-la-woge-saar-transforme-la-mainzer-strasse\/#article","isPartOf":{"@id":"https:\/\/www.strukturholding.de\/fr\/de-centre-des-impots-a-quartier-davenir-la-woge-saar-transforme-la-mainzer-strasse\/"},"author":{"name":"roseburgard","@id":"https:\/\/www.strukturholding.de\/#\/schema\/person\/6de28da221fc7edc231f999716e955c5"},"headline":"De centre des imp\u00f4ts \u00e0 quartier d\u2019avenir\u00a0: la WOGE Saar transforme la Mainzer Stra\u00dfe","datePublished":"2026-01-26T13:43:58+00:00","dateModified":"2026-02-03T13:42:33+00:00","mainEntityOfPage":{"@id":"https:\/\/www.strukturholding.de\/fr\/de-centre-des-impots-a-quartier-davenir-la-woge-saar-transforme-la-mainzer-strasse\/"},"wordCount":618,"articleSection":["G\u00e9n\u00e9ral"],"inLanguage":"fr-FR"},{"@type":"WebPage","@id":"https:\/\/www.strukturholding.de\/fr\/de-centre-des-impots-a-quartier-davenir-la-woge-saar-transforme-la-mainzer-strasse\/","url":"https:\/\/www.strukturholding.de\/fr\/de-centre-des-impots-a-quartier-davenir-la-woge-saar-transforme-la-mainzer-strasse\/","name":"De centre des imp\u00f4ts \u00e0 quartier d\u2019avenir\u00a0: la WOGE Saar transforme la Mainzer Stra\u00dfe - SHS | Strukturholding Saar","isPartOf":{"@id":"https:\/\/www.strukturholding.de\/#website"},"datePublished":"2026-01-26T13:43:58+00:00","dateModified":"2026-02-03T13:42:33+00:00","author":{"@id":"https:\/\/www.strukturholding.de\/#\/schema\/person\/6de28da221fc7edc231f999716e955c5"},"breadcrumb":{"@id":"https:\/\/www.strukturholding.de\/fr\/de-centre-des-impots-a-quartier-davenir-la-woge-saar-transforme-la-mainzer-strasse\/#breadcrumb"},"inLanguage":"fr-FR","potentialAction":[{"@type":"ReadAction","target":["https:\/\/www.strukturholding.de\/fr\/de-centre-des-impots-a-quartier-davenir-la-woge-saar-transforme-la-mainzer-strasse\/"]}]},{"@type":"BreadcrumbList","@id":"https:\/\/www.strukturholding.de\/fr\/de-centre-des-impots-a-quartier-davenir-la-woge-saar-transforme-la-mainzer-strasse\/#breadcrumb","itemListElement":[{"@type":"ListItem","position":1,"name":"Startseite","item":"https:\/\/www.strukturholding.de\/fr\/"},{"@type":"ListItem","position":2,"name":"De centre des imp\u00f4ts \u00e0 quartier d\u2019avenir\u00a0: la WOGE Saar transforme la Mainzer Stra\u00dfe"}]},{"@type":"WebSite","@id":"https:\/\/www.strukturholding.de\/#website","url":"https:\/\/www.strukturholding.de\/","name":"SHS | Strukturholding Saar","description":"","potentialAction":[{"@type":"SearchAction","target":{"@type":"EntryPoint","urlTemplate":"https:\/\/www.strukturholding.de\/?s={search_term_string}"},"query-input":{"@type":"PropertyValueSpecification","valueRequired":true,"valueName":"search_term_string"}}],"inLanguage":"fr-FR"},{"@type":"Person","@id":"https:\/\/www.strukturholding.de\/#\/schema\/person\/6de28da221fc7edc231f999716e955c5","name":"roseburgard","url":"https:\/\/www.strukturholding.de\/fr\/author\/rose\/"}]}},"_links":{"self":[{"href":"https:\/\/www.strukturholding.de\/fr\/wp-json\/wp\/v2\/posts\/27085","targetHints":{"allow":["GET"]}}],"collection":[{"href":"https:\/\/www.strukturholding.de\/fr\/wp-json\/wp\/v2\/posts"}],"about":[{"href":"https:\/\/www.strukturholding.de\/fr\/wp-json\/wp\/v2\/types\/post"}],"author":[{"embeddable":true,"href":"https:\/\/www.strukturholding.de\/fr\/wp-json\/wp\/v2\/users\/7"}],"replies":[{"embeddable":true,"href":"https:\/\/www.strukturholding.de\/fr\/wp-json\/wp\/v2\/comments?post=27085"}],"version-history":[{"count":5,"href":"https:\/\/www.strukturholding.de\/fr\/wp-json\/wp\/v2\/posts\/27085\/revisions"}],"predecessor-version":[{"id":27211,"href":"https:\/\/www.strukturholding.de\/fr\/wp-json\/wp\/v2\/posts\/27085\/revisions\/27211"}],"wp:attachment":[{"href":"https:\/\/www.strukturholding.de\/fr\/wp-json\/wp\/v2\/media?parent=27085"}],"wp:term":[{"taxonomy":"category","embeddable":true,"href":"https:\/\/www.strukturholding.de\/fr\/wp-json\/wp\/v2\/categories?post=27085"},{"taxonomy":"post_tag","embeddable":true,"href":"https:\/\/www.strukturholding.de\/fr\/wp-json\/wp\/v2\/tags?post=27085"}],"curies":[{"name":"wp","href":"https:\/\/api.w.org\/{rel}","templated":true}]}}