{"id":26555,"date":"2025-09-11T12:02:40","date_gmt":"2025-09-11T10:02:40","guid":{"rendered":"https:\/\/www.strukturholding.de\/?p=26555"},"modified":"2025-10-28T14:50:31","modified_gmt":"2025-10-28T13:50:31","slug":"salon-professionnel-national-it-con-2025-a-sarrebruck","status":"publish","type":"post","link":"https:\/\/www.strukturholding.de\/fr\/salon-professionnel-national-it-con-2025-a-sarrebruck\/","title":{"rendered":"Salon professionnel national \u00ab\u00a0IT.CON 2025\u00a0\u00bb \u00e0 Sarrebruck"},"content":{"rendered":"<h1><strong>\u00ab\u00a0IT.CON 2025\u00a0\u00bb montre l\u2019avenir num\u00e9rique\u00a0: salon professionnel national d\u00e9di\u00e9 \u00e0 l\u2019informatique et \u00e0 la cybers\u00e9curit\u00e9 le 18\/09 \u00e0 Sarrebruck<\/strong><\/h1>\n<p><strong>\u00c0 l\u2019occasion du salon professionnel d\u00e9di\u00e9 \u00e0 l\u2019informatique et \u00e0 la cybers\u00e9curit\u00e9 \u00ab\u00a0IT.CON 2025\u00a0\u00bb qui aura lieu le 18 septembre, la Congresshalle deviendra le point de rencontre d\u2019experts, d\u2019entreprises, de personnel qualifi\u00e9 et de personnes int\u00e9ress\u00e9es en provenance de toute l\u2019Allemagne. <\/strong><\/p>\n<p>Organis\u00e9 conjointement par la soci\u00e9t\u00e9 saaris GmbH, l\u2019association Wirtschaftsregion Saarbr\u00fccken, l\u2019association East Side Fab et l\u2019IHK Saarland dans le cadre du r\u00e9seau CYBR360, le salon professionnel \u00ab\u00a0IT.CON 2025\u00a0\u00bb r\u00e9unit entreprises, science et administration et offre un aper\u00e7u complet de sujets tels que l\u2019intelligence artificielle, la s\u00e9curit\u00e9 des donn\u00e9es, la num\u00e9risation dans l\u2019administration, les applications cloud et la garantie d\u2019une main-d\u2019\u0153uvre qualifi\u00e9e.<\/p>\n<p>Lors de la premi\u00e8re \u00e9dition l\u2019ann\u00e9e derni\u00e8re, on a compt\u00e9 plus de 1\u00a0200 visiteurs et pr\u00e8s de 80 exposants. Et cette ann\u00e9e, le salon poursuit son \u00e9volution\u00a0: plus de 90 exposants venus de toute l\u2019Allemagne, dont des entreprises de Rh\u00e9nanie-du-Nord-Westphalie et de Basse-Saxe, pr\u00e9senteront leurs solutions au salon professionnel. On attend \u00e9galement une hausse du nombre de visiteurs.<\/p>\n<p>Il y aura beaucoup \u00e0 voir\u00a0: depuis des prestataires informatiques et des entreprises de s\u00e9curit\u00e9 jusqu\u2019\u00e0 de grands noms comme Bechtle ou August-Wilhelm Scheer Holding. Y sont \u00e9galement repr\u00e9sent\u00e9s des instituts de recherche comme le DFKI ou le Fraunhofer IESE ainsi que de jeunes start-ups innovantes de la r\u00e9gion.<\/p>\n<p>Valentin Holzer, PDG de saaris GmbH\u00a0: \u00ab\u00a0L\u2019IT.CON ne se consid\u00e8re pas seulement comme un salon professionnel qui pr\u00e9sente des solutions innovantes, mais comme une plateforme qui, de plus, met en r\u00e9seau des entreprises et des instituts de recherche, ce qui cr\u00e9e des opportunit\u00e9s pour des coop\u00e9rations et des investissements, et ce qui permet de recruter un personnel qualifi\u00e9. Cela se traduit en m\u00eame temps pour notre \u00e9conomie r\u00e9gionale en davantage de visibilit\u00e9, en davantage d\u2019interconnexion et en un signal fort indiquant que notre r\u00e9gion dispose, sur place, de technologies d\u2019avenir. La Sarre est un important emplacement pour les innovations num\u00e9riques et la cybers\u00e9curit\u00e9.\u00a0\u00bb<\/p>\n<p>Mme Elena Yorgova-Ramanauskas, secr\u00e9taire d\u2019\u00c9tat \u00e0 l\u2019\u00c9conomie, \u00e0 l\u2019Innovation, au Num\u00e9rique et \u00e0 l\u2019\u00c9nergie ainsi que directrice des syst\u00e8mes d\u2019information (DSI) de la Sarre\u00a0: \u00ab\u00a0L\u2019IT.CON r\u00e9unit tous les acteurs issus de l\u2019\u00e9conomie, la science et l\u2019administration dont nous avons besoin pour un avenir num\u00e9rique r\u00e9ussi. Le nombre d\u2019exposants augmente d\u2019ann\u00e9e en ann\u00e9e. On discute ici aussi bien de solutions \u00e0 des probl\u00e8mes centraux li\u00e9s \u00e0 la num\u00e9risation en mati\u00e8re d\u2019IA et de recrutement d\u2019un personnel qualifi\u00e9 que de sujets concernant la cybers\u00e9curit\u00e9 pour nos entreprises. Dans ces domaines, la Sarre est un site de premier plan. Plus les acteurs se mettront tous en r\u00e9seau entre eux, plus les effets de synergie seront importants.\u00a0\u00bb<\/p>\n<p>Pour les personnes int\u00e9ress\u00e9es comme le public sp\u00e9cialis\u00e9 il y aura sur trois sc\u00e8nes, \u00e9tal\u00e9 sur toute la journ\u00e9e, de nombreuses conf\u00e9rences et nombreux forums de discussion ainsi que des pr\u00e9sentations d\u2019exemples de bonnes pratiques. Le temps fort est le discours liminaire du criminologue et analyste comportemental M. Mark T. Hofmann qui montre comment les cybercriminels se servent de l\u2019IA et de deepfakes. Outre cela, on trouvera de nombreux formats proches de la pratique pour des entreprises de toutes tailles, depuis la start-up jusqu\u2019aux entreprises moyennes ainsi que pour l\u2019administration publique.<\/p>\n<p>Le salon est cofinanc\u00e9 par le minist\u00e8re sarrois de l\u2019\u00c9conomie, de l\u2019Innovation, du Num\u00e9rique et de l\u2019\u00c9nergie.<\/p>\n<p>Le salon sp\u00e9cialis\u00e9 accueille non seulement les visiteurs professionnels, mais aussi des \u00e9l\u00e8ves, des \u00e9tudiants et des jeunes actifs qui peuvent entamer une conversation directement sur place avec les exposants.<\/p>\n<p>Pour des informations d\u00e9taill\u00e9es concernant les conf\u00e9rences, le programme et les exposants, consultez le site web du salon\u00a0: <a href=\"https:\/\/www.it-con-messe.de\">www.it-con-messe.de<\/a><\/p>\n<p>&nbsp;<\/p>\n<p><u>CYBR360<\/u><\/p>\n<p>Le r\u00e9seau CYBR360 est un groupement d\u2019experts issus des domaines de l\u2019\u00e9conomie et de la science dont le but est l\u2019am\u00e9lioration de la s\u00e9curit\u00e9 num\u00e9rique, particuli\u00e8rement dans les petites et moyennes entreprises. Dans cet objectif, il \u00e9labore des offres de pr\u00e9vention, des formations continues ainsi que des solutions. CYBR360 est une initiative de Netzwerkstelle Digitalisierung (DiNet) du gouvernement r\u00e9gional. L\u2019IT.CON est co-organis\u00e9 par des acteurs du r\u00e9seau.<\/p>\n<p>Photo: Jennifer Weyland<\/p>\n","protected":false},"excerpt":{"rendered":"<p>\u00ab\u00a0IT.CON 2025\u00a0\u00bb montre l\u2019avenir num\u00e9rique\u00a0: salon professionnel national d\u00e9di\u00e9 \u00e0 l\u2019informatique et \u00e0 la cybers\u00e9curit\u00e9<\/p>\n","protected":false},"author":7,"featured_media":0,"comment_status":"closed","ping_status":"closed","sticky":false,"template":"","format":"standard","meta":{"_acf_changed":false,"footnotes":""},"categories":[3],"tags":[],"class_list":["post-26555","post","type-post","status-publish","format-standard","hentry","category-generale"],"acf":[],"yoast_head":"<!-- This site is optimized with the Yoast SEO plugin v27.4 - https:\/\/yoast.com\/product\/yoast-seo-wordpress\/ -->\n<title>Salon professionnel national \u00ab\u00a0IT.CON 2025\u00a0\u00bb \u00e0 Sarrebruck - SHS | Strukturholding Saar<\/title>\n<meta name=\"robots\" content=\"index, follow, max-snippet:-1, max-image-preview:large, max-video-preview:-1\" \/>\n<link rel=\"canonical\" href=\"https:\/\/www.strukturholding.de\/fr\/salon-professionnel-national-it-con-2025-a-sarrebruck\/\" \/>\n<meta property=\"og:locale\" content=\"fr_FR\" \/>\n<meta property=\"og:type\" content=\"article\" \/>\n<meta property=\"og:title\" content=\"Salon professionnel national \u00ab\u00a0IT.CON 2025\u00a0\u00bb \u00e0 Sarrebruck - SHS | Strukturholding Saar\" \/>\n<meta property=\"og:description\" content=\"\u00ab\u00a0IT.CON 2025\u00a0\u00bb montre l\u2019avenir num\u00e9rique\u00a0: salon professionnel national d\u00e9di\u00e9 \u00e0 l\u2019informatique et \u00e0 la cybers\u00e9curit\u00e9\" \/>\n<meta property=\"og:url\" content=\"https:\/\/www.strukturholding.de\/fr\/salon-professionnel-national-it-con-2025-a-sarrebruck\/\" \/>\n<meta property=\"og:site_name\" content=\"SHS | Strukturholding Saar\" \/>\n<meta property=\"article:published_time\" content=\"2025-09-11T10:02:40+00:00\" \/>\n<meta property=\"article:modified_time\" content=\"2025-10-28T13:50:31+00:00\" \/>\n<meta property=\"og:image\" content=\"https:\/\/www.strukturholding.de\/wp-content\/uploads\/2016\/10\/og_image_strukturholding.jpg\" \/>\n\t<meta property=\"og:image:width\" content=\"1200\" \/>\n\t<meta property=\"og:image:height\" content=\"630\" \/>\n\t<meta property=\"og:image:type\" content=\"image\/jpeg\" \/>\n<meta name=\"author\" content=\"roseburgard\" \/>\n<meta name=\"twitter:label1\" content=\"\u00c9crit par\" \/>\n\t<meta name=\"twitter:data1\" content=\"roseburgard\" \/>\n\t<meta name=\"twitter:label2\" content=\"Dur\u00e9e de lecture estim\u00e9e\" \/>\n\t<meta name=\"twitter:data2\" content=\"4 minutes\" \/>\n<script type=\"application\/ld+json\" class=\"yoast-schema-graph\">{\"@context\":\"https:\\\/\\\/schema.org\",\"@graph\":[{\"@type\":\"Article\",\"@id\":\"https:\\\/\\\/www.strukturholding.de\\\/fr\\\/salon-professionnel-national-it-con-2025-a-sarrebruck\\\/#article\",\"isPartOf\":{\"@id\":\"https:\\\/\\\/www.strukturholding.de\\\/fr\\\/salon-professionnel-national-it-con-2025-a-sarrebruck\\\/\"},\"author\":{\"name\":\"roseburgard\",\"@id\":\"https:\\\/\\\/www.strukturholding.de\\\/#\\\/schema\\\/person\\\/6de28da221fc7edc231f999716e955c5\"},\"headline\":\"Salon professionnel national \u00ab\u00a0IT.CON 2025\u00a0\u00bb \u00e0 Sarrebruck\",\"datePublished\":\"2025-09-11T10:02:40+00:00\",\"dateModified\":\"2025-10-28T13:50:31+00:00\",\"mainEntityOfPage\":{\"@id\":\"https:\\\/\\\/www.strukturholding.de\\\/fr\\\/salon-professionnel-national-it-con-2025-a-sarrebruck\\\/\"},\"wordCount\":783,\"articleSection\":[\"G\u00e9n\u00e9ral\"],\"inLanguage\":\"fr-FR\"},{\"@type\":\"WebPage\",\"@id\":\"https:\\\/\\\/www.strukturholding.de\\\/fr\\\/salon-professionnel-national-it-con-2025-a-sarrebruck\\\/\",\"url\":\"https:\\\/\\\/www.strukturholding.de\\\/fr\\\/salon-professionnel-national-it-con-2025-a-sarrebruck\\\/\",\"name\":\"Salon professionnel national \u00ab\u00a0IT.CON 2025\u00a0\u00bb \u00e0 Sarrebruck - SHS | Strukturholding Saar\",\"isPartOf\":{\"@id\":\"https:\\\/\\\/www.strukturholding.de\\\/#website\"},\"datePublished\":\"2025-09-11T10:02:40+00:00\",\"dateModified\":\"2025-10-28T13:50:31+00:00\",\"author\":{\"@id\":\"https:\\\/\\\/www.strukturholding.de\\\/#\\\/schema\\\/person\\\/6de28da221fc7edc231f999716e955c5\"},\"breadcrumb\":{\"@id\":\"https:\\\/\\\/www.strukturholding.de\\\/fr\\\/salon-professionnel-national-it-con-2025-a-sarrebruck\\\/#breadcrumb\"},\"inLanguage\":\"fr-FR\",\"potentialAction\":[{\"@type\":\"ReadAction\",\"target\":[\"https:\\\/\\\/www.strukturholding.de\\\/fr\\\/salon-professionnel-national-it-con-2025-a-sarrebruck\\\/\"]}]},{\"@type\":\"BreadcrumbList\",\"@id\":\"https:\\\/\\\/www.strukturholding.de\\\/fr\\\/salon-professionnel-national-it-con-2025-a-sarrebruck\\\/#breadcrumb\",\"itemListElement\":[{\"@type\":\"ListItem\",\"position\":1,\"name\":\"Startseite\",\"item\":\"https:\\\/\\\/www.strukturholding.de\\\/fr\\\/\"},{\"@type\":\"ListItem\",\"position\":2,\"name\":\"Salon professionnel national \u00ab\u00a0IT.CON 2025\u00a0\u00bb \u00e0 Sarrebruck\"}]},{\"@type\":\"WebSite\",\"@id\":\"https:\\\/\\\/www.strukturholding.de\\\/#website\",\"url\":\"https:\\\/\\\/www.strukturholding.de\\\/\",\"name\":\"SHS | Strukturholding Saar\",\"description\":\"\",\"potentialAction\":[{\"@type\":\"SearchAction\",\"target\":{\"@type\":\"EntryPoint\",\"urlTemplate\":\"https:\\\/\\\/www.strukturholding.de\\\/?s={search_term_string}\"},\"query-input\":{\"@type\":\"PropertyValueSpecification\",\"valueRequired\":true,\"valueName\":\"search_term_string\"}}],\"inLanguage\":\"fr-FR\"},{\"@type\":\"Person\",\"@id\":\"https:\\\/\\\/www.strukturholding.de\\\/#\\\/schema\\\/person\\\/6de28da221fc7edc231f999716e955c5\",\"name\":\"roseburgard\",\"url\":\"https:\\\/\\\/www.strukturholding.de\\\/fr\\\/author\\\/rose\\\/\"}]}<\/script>\n<!-- \/ Yoast SEO plugin. -->","yoast_head_json":{"title":"Salon professionnel national \u00ab\u00a0IT.CON 2025\u00a0\u00bb \u00e0 Sarrebruck - SHS | Strukturholding Saar","robots":{"index":"index","follow":"follow","max-snippet":"max-snippet:-1","max-image-preview":"max-image-preview:large","max-video-preview":"max-video-preview:-1"},"canonical":"https:\/\/www.strukturholding.de\/fr\/salon-professionnel-national-it-con-2025-a-sarrebruck\/","og_locale":"fr_FR","og_type":"article","og_title":"Salon professionnel national \u00ab\u00a0IT.CON 2025\u00a0\u00bb \u00e0 Sarrebruck - SHS | Strukturholding Saar","og_description":"\u00ab\u00a0IT.CON 2025\u00a0\u00bb montre l\u2019avenir num\u00e9rique\u00a0: salon professionnel national d\u00e9di\u00e9 \u00e0 l\u2019informatique et \u00e0 la cybers\u00e9curit\u00e9","og_url":"https:\/\/www.strukturholding.de\/fr\/salon-professionnel-national-it-con-2025-a-sarrebruck\/","og_site_name":"SHS | Strukturholding Saar","article_published_time":"2025-09-11T10:02:40+00:00","article_modified_time":"2025-10-28T13:50:31+00:00","og_image":[{"width":1200,"height":630,"url":"https:\/\/www.strukturholding.de\/wp-content\/uploads\/2016\/10\/og_image_strukturholding.jpg","type":"image\/jpeg"}],"author":"roseburgard","twitter_misc":{"\u00c9crit par":"roseburgard","Dur\u00e9e de lecture estim\u00e9e":"4 minutes"},"schema":{"@context":"https:\/\/schema.org","@graph":[{"@type":"Article","@id":"https:\/\/www.strukturholding.de\/fr\/salon-professionnel-national-it-con-2025-a-sarrebruck\/#article","isPartOf":{"@id":"https:\/\/www.strukturholding.de\/fr\/salon-professionnel-national-it-con-2025-a-sarrebruck\/"},"author":{"name":"roseburgard","@id":"https:\/\/www.strukturholding.de\/#\/schema\/person\/6de28da221fc7edc231f999716e955c5"},"headline":"Salon professionnel national \u00ab\u00a0IT.CON 2025\u00a0\u00bb \u00e0 Sarrebruck","datePublished":"2025-09-11T10:02:40+00:00","dateModified":"2025-10-28T13:50:31+00:00","mainEntityOfPage":{"@id":"https:\/\/www.strukturholding.de\/fr\/salon-professionnel-national-it-con-2025-a-sarrebruck\/"},"wordCount":783,"articleSection":["G\u00e9n\u00e9ral"],"inLanguage":"fr-FR"},{"@type":"WebPage","@id":"https:\/\/www.strukturholding.de\/fr\/salon-professionnel-national-it-con-2025-a-sarrebruck\/","url":"https:\/\/www.strukturholding.de\/fr\/salon-professionnel-national-it-con-2025-a-sarrebruck\/","name":"Salon professionnel national \u00ab\u00a0IT.CON 2025\u00a0\u00bb \u00e0 Sarrebruck - SHS | Strukturholding Saar","isPartOf":{"@id":"https:\/\/www.strukturholding.de\/#website"},"datePublished":"2025-09-11T10:02:40+00:00","dateModified":"2025-10-28T13:50:31+00:00","author":{"@id":"https:\/\/www.strukturholding.de\/#\/schema\/person\/6de28da221fc7edc231f999716e955c5"},"breadcrumb":{"@id":"https:\/\/www.strukturholding.de\/fr\/salon-professionnel-national-it-con-2025-a-sarrebruck\/#breadcrumb"},"inLanguage":"fr-FR","potentialAction":[{"@type":"ReadAction","target":["https:\/\/www.strukturholding.de\/fr\/salon-professionnel-national-it-con-2025-a-sarrebruck\/"]}]},{"@type":"BreadcrumbList","@id":"https:\/\/www.strukturholding.de\/fr\/salon-professionnel-national-it-con-2025-a-sarrebruck\/#breadcrumb","itemListElement":[{"@type":"ListItem","position":1,"name":"Startseite","item":"https:\/\/www.strukturholding.de\/fr\/"},{"@type":"ListItem","position":2,"name":"Salon professionnel national \u00ab\u00a0IT.CON 2025\u00a0\u00bb \u00e0 Sarrebruck"}]},{"@type":"WebSite","@id":"https:\/\/www.strukturholding.de\/#website","url":"https:\/\/www.strukturholding.de\/","name":"SHS | Strukturholding Saar","description":"","potentialAction":[{"@type":"SearchAction","target":{"@type":"EntryPoint","urlTemplate":"https:\/\/www.strukturholding.de\/?s={search_term_string}"},"query-input":{"@type":"PropertyValueSpecification","valueRequired":true,"valueName":"search_term_string"}}],"inLanguage":"fr-FR"},{"@type":"Person","@id":"https:\/\/www.strukturholding.de\/#\/schema\/person\/6de28da221fc7edc231f999716e955c5","name":"roseburgard","url":"https:\/\/www.strukturholding.de\/fr\/author\/rose\/"}]}},"_links":{"self":[{"href":"https:\/\/www.strukturholding.de\/fr\/wp-json\/wp\/v2\/posts\/26555","targetHints":{"allow":["GET"]}}],"collection":[{"href":"https:\/\/www.strukturholding.de\/fr\/wp-json\/wp\/v2\/posts"}],"about":[{"href":"https:\/\/www.strukturholding.de\/fr\/wp-json\/wp\/v2\/types\/post"}],"author":[{"embeddable":true,"href":"https:\/\/www.strukturholding.de\/fr\/wp-json\/wp\/v2\/users\/7"}],"replies":[{"embeddable":true,"href":"https:\/\/www.strukturholding.de\/fr\/wp-json\/wp\/v2\/comments?post=26555"}],"version-history":[{"count":3,"href":"https:\/\/www.strukturholding.de\/fr\/wp-json\/wp\/v2\/posts\/26555\/revisions"}],"predecessor-version":[{"id":26558,"href":"https:\/\/www.strukturholding.de\/fr\/wp-json\/wp\/v2\/posts\/26555\/revisions\/26558"}],"wp:attachment":[{"href":"https:\/\/www.strukturholding.de\/fr\/wp-json\/wp\/v2\/media?parent=26555"}],"wp:term":[{"taxonomy":"category","embeddable":true,"href":"https:\/\/www.strukturholding.de\/fr\/wp-json\/wp\/v2\/categories?post=26555"},{"taxonomy":"post_tag","embeddable":true,"href":"https:\/\/www.strukturholding.de\/fr\/wp-json\/wp\/v2\/tags?post=26555"}],"curies":[{"name":"wp","href":"https:\/\/api.w.org\/{rel}","templated":true}]}}