{"id":26427,"date":"2025-08-26T14:20:59","date_gmt":"2025-08-26T12:20:59","guid":{"rendered":"https:\/\/www.strukturholding.de\/?p=26427"},"modified":"2025-08-26T14:20:59","modified_gmt":"2025-08-26T12:20:59","slug":"biorichesse-de-la-sarre-fete-ses-cinq-ans-et-continue-sur-sa-lancee","status":"publish","type":"post","link":"https:\/\/www.strukturholding.de\/fr\/biorichesse-de-la-sarre-fete-ses-cinq-ans-et-continue-sur-sa-lancee\/","title":{"rendered":"\u00ab\u00a0Biorichesse de la Sarre\u00a0\u00bb f\u00eate ses cinq ans\u00a0\u2013  et continue sur sa lanc\u00e9e"},"content":{"rendered":"<h1>\u00ab Biorichesse de la Sarre \u00bb f\u00eate ses cinq ans \u2013\u00a0et continue sur sa lanc\u00e9e<\/h1>\n<p><strong>Cela fait cinq ans maintenant que le projet \u00e0 l\u2019\u00e9chelle du Land \u00ab\u00a0Biorichesse de la Sarre\u00a0\u00bb (<em>Saarland Artenreich<\/em>) favorise les esp\u00e8ces indig\u00e8nes et renforce la biodiversit\u00e9 en Sarre. Les responsables se r\u00e9jouissent ainsi d\u2019autant plus du prolongement de ce projet pour un an suppl\u00e9mentaire. Ils consid\u00e8rent cela comme une opportunit\u00e9 de poursuivre et de consolider leur engagement en faveur de paysages \u00e0 la biodiversit\u00e9 riche. \u00c0 cette occasion, Mme Petra Berg, ministre de l\u2019Environnement, M. Valentin Holzer et M. Mirco Bertucci, g\u00e9rants de la LEG Saar, ainsi que M. Josef Schneider, ma\u00eetre chasseur du Land, ont visit\u00e9 le 21 ao\u00fbt dernier des terrains fleuris exemplaires de \u00ab\u00a0Biorichesse de la Sarre\u00a0\u00bb lors d\u2019une promenade commune \u00e0 Lebach-Eidenborn lors de laquelle ils ont discut\u00e9 sur place de l\u2019importance de ces terrains ainsi que de leur engagement commun. <\/strong><\/p>\n<p>\u00ab\u00a0Aujourd\u2019hui, nous avons pu constater sur place les r\u00e9sultats visibles de notre travail\u00a0: malgr\u00e9 un \u00e9t\u00e9 d\u00e9j\u00e0 bien avanc\u00e9 et de nouveaux d\u00e9fis li\u00e9s \u00e0 la m\u00e9t\u00e9o, nous avons pu encore d\u00e9couvrir des floraisons tardives. C\u2019est l\u00e0 que l\u2019on voit toute l\u2019importance de notre engagement en faveur de la durabilit\u00e9 \u00e9cologique\u00a0\u00bb explique M. Valentin Holzer, g\u00e9rant de la LEG Saar. \u00ab\u00a0C\u2019est en collaboration avec des chasseurs, des agriculteurs, des propri\u00e9taires de terrains et des communes que nous continuons \u00e0 prendre fait et cause pour de nouveaux espaces vitaux et pour la pr\u00e9servation de la biodiversit\u00e9\u00a0\u2013 pour une Sarre riche en biodiversit\u00e9 et en faveur des g\u00e9n\u00e9rations \u00e0 venir.\u00a0\u00bb<\/p>\n<p>La ministre Mme Petra Berg de souligner : \u00ab La coop\u00e9ration entre la LEG Saar, la VJS et le minist\u00e8re de l\u2019Environnement contribue massivement \u00e0 l\u2019augmentation de la biodiversit\u00e9 des espaces paysagers. Je tiens ainsi \u00e0 remercier vivement nos partenaires qui nous sont pr\u00e9cieux pour faire accepter sur place le d\u00e9veloppement des paysages fleuris et pour veiller \u00e0 sa mise en \u0153uvre en collaboration avec les agricultrices et agriculteurs. Voil\u00e0 \u00e0 quoi ressemble concr\u00e8tement la protection des esp\u00e8ces : ensemble sur place, pour le bien de l\u2019homme et de la nature. \u00bb<\/p>\n<p>\u00ab\u00a0Nous nous r\u00e9jouissons que notre projet d\u2019une Sarre riche en biodiversit\u00e9 puisse \u00eatre mis en place dans tout le Land en collaboration avec la LEG Saar et avec le soutien du minist\u00e8re de l\u2019Environnement\u00a0\u00bb ajoute M. Josef Schneider, ma\u00eetre chasseur du Land (F\u00e9d\u00e9ration des chasseurs de la Sarre, VJS). \u00ab\u00a0\u00c0 travers des mesures agroenvironnementales durables, et surtout \u00e0 travers l\u2019am\u00e9nagement de terrains fleuris, nous cr\u00e9ons des espaces vitaux pour le petit gibier et pour d\u2019autres habitants des espaces ouverts\u00a0\u2013 une contribution importante pour lutter contre la perte de la biodiversit\u00e9.\u00a0\u00bb<\/p>\n<p><strong>Le projet \u00ab\u00a0Biorichesse de la Sarre\u00a0\u00bb<br \/>\n<\/strong>C\u2019est la LEG Saar en tant que bureau qui se charge de la coordination du projet. Des surfaces adapt\u00e9es \u00e0 la cr\u00e9ation de paysages fleuris riches en insectes sont identifi\u00e9es en collaboration avec des chasseurs, des agriculteurs et des communes de la r\u00e9gion. Les propri\u00e9taires de terrains participants re\u00e7oivent gratuitement un \u00ab\u00a0m\u00e9lange sp\u00e9cial espace vital\u00a0\u00bb r\u00e9gional comprenant des fleurs sauvages et des plantes cultiv\u00e9es. En contrepartie, ils s\u2019engagent \u00e0 ensemencer leurs terrains qu\u2019ils ne cultiveront pas les trois ann\u00e9es suivantes. Les terrains fleuris, larges d\u2019au moins 21 m\u00e8tres, offrent abri et nourriture aux abeilles sauvages et \u00e0 d\u2019autres insectes, aux faisans et li\u00e8vres ainsi qu\u2019\u00e0 des esp\u00e8ces d\u2019oiseaux des champs menac\u00e9es.<\/p>\n<p><strong>Objectifs atteints jusqu\u2019ici<br \/>\n<\/strong>La collaboration du partenaire de projet VJS avec des titulaires de droit de chasse, communes et propri\u00e9taires de terrains sur place a permis de transformer pr\u00e8s de 300 hectares de terrains dans toute la Sarre en espaces vitaux riches en biodiversit\u00e9 \u00e0 l\u2019aide des semis mis \u00e0 disposition. Les partenaires de projet se sont procur\u00e9 la semence aupr\u00e8s de Raiffeisen Waren-Zentrale \u00e0 Cologne ainsi qu\u2019aupr\u00e8s de l\u2019entreprise Saaten-Zeller \u00e0 Eichenb\u00fchl. Ils ont distribu\u00e9 en 2025 pr\u00e8s de 600\u00a0kg de semences. L\u2019ensemencement au printemps apporte chaque ann\u00e9e son lot de nouveaux d\u00e9fis \u00e9tant donn\u00e9 que, ces derni\u00e8res ann\u00e9es, la m\u00e9t\u00e9o du d\u00e9but de printemps a souvent \u00e9t\u00e9 marqu\u00e9e par une longue s\u00e9cheresse\u00a0\u2013 ce qui est particuli\u00e8rement probl\u00e9matique pour les tournesols. Cette ann\u00e9e, la longue p\u00e9riode de s\u00e9cheresse a \u00e9t\u00e9 suivie d\u2019une p\u00e9riode de pluie continue. Ainsi, certaines esp\u00e8ces du m\u00e9lange de semences ont pu s\u2019imposer davantage que d\u2019autres.<\/p>\n<p>Il est d\u2019autant plus important de cr\u00e9er des terrains riches en fleurs \u2013 \u00e9galement pour prot\u00e9ger un grand nombre d\u2019esp\u00e8ces animales menac\u00e9es. L\u2019un de nos objectifs est de sensibiliser le public au sujet de la biodiversit\u00e9 \u00e9tant donn\u00e9 qu\u2019elle constitue un \u00e9l\u00e9ment essentiel du d\u00e9veloppement durable de notre Land.<\/p>\n","protected":false},"excerpt":{"rendered":"<p>\u00ab Biorichesse de la Sarre \u00bb f\u00eate ses cinq ans \u2013\u00a0et continue sur sa lanc\u00e9e<\/p>\n","protected":false},"author":7,"featured_media":0,"comment_status":"closed","ping_status":"closed","sticky":false,"template":"","format":"standard","meta":{"_acf_changed":false,"footnotes":""},"categories":[3],"tags":[],"class_list":["post-26427","post","type-post","status-publish","format-standard","hentry","category-generale"],"acf":[],"yoast_head":"<!-- This site is optimized with the Yoast SEO plugin v27.4 - https:\/\/yoast.com\/product\/yoast-seo-wordpress\/ -->\n<title>\u00ab\u00a0Biorichesse de la Sarre\u00a0\u00bb f\u00eate ses cinq ans\u00a0\u2013 et continue sur sa lanc\u00e9e - SHS | Strukturholding Saar<\/title>\n<meta name=\"robots\" content=\"index, follow, max-snippet:-1, max-image-preview:large, max-video-preview:-1\" \/>\n<link rel=\"canonical\" href=\"https:\/\/www.strukturholding.de\/fr\/biorichesse-de-la-sarre-fete-ses-cinq-ans-et-continue-sur-sa-lancee\/\" \/>\n<meta property=\"og:locale\" content=\"fr_FR\" \/>\n<meta property=\"og:type\" content=\"article\" \/>\n<meta property=\"og:title\" content=\"\u00ab\u00a0Biorichesse de la Sarre\u00a0\u00bb f\u00eate ses cinq ans\u00a0\u2013 et continue sur sa lanc\u00e9e - SHS | Strukturholding Saar\" \/>\n<meta property=\"og:description\" content=\"\u00ab Biorichesse de la Sarre \u00bb f\u00eate ses cinq ans \u2013\u00a0et continue sur sa lanc\u00e9e\" \/>\n<meta property=\"og:url\" content=\"https:\/\/www.strukturholding.de\/fr\/biorichesse-de-la-sarre-fete-ses-cinq-ans-et-continue-sur-sa-lancee\/\" \/>\n<meta property=\"og:site_name\" content=\"SHS | Strukturholding Saar\" \/>\n<meta property=\"article:published_time\" content=\"2025-08-26T12:20:59+00:00\" \/>\n<meta property=\"og:image\" content=\"https:\/\/www.strukturholding.de\/wp-content\/uploads\/2016\/10\/og_image_strukturholding.jpg\" \/>\n\t<meta property=\"og:image:width\" content=\"1200\" \/>\n\t<meta property=\"og:image:height\" content=\"630\" \/>\n\t<meta property=\"og:image:type\" content=\"image\/jpeg\" \/>\n<meta name=\"author\" content=\"roseburgard\" \/>\n<meta name=\"twitter:label1\" content=\"\u00c9crit par\" \/>\n\t<meta name=\"twitter:data1\" content=\"roseburgard\" \/>\n\t<meta name=\"twitter:label2\" content=\"Dur\u00e9e de lecture estim\u00e9e\" \/>\n\t<meta name=\"twitter:data2\" content=\"5 minutes\" \/>\n<script type=\"application\/ld+json\" class=\"yoast-schema-graph\">{\"@context\":\"https:\\\/\\\/schema.org\",\"@graph\":[{\"@type\":\"Article\",\"@id\":\"https:\\\/\\\/www.strukturholding.de\\\/fr\\\/biorichesse-de-la-sarre-fete-ses-cinq-ans-et-continue-sur-sa-lancee\\\/#article\",\"isPartOf\":{\"@id\":\"https:\\\/\\\/www.strukturholding.de\\\/fr\\\/biorichesse-de-la-sarre-fete-ses-cinq-ans-et-continue-sur-sa-lancee\\\/\"},\"author\":{\"name\":\"roseburgard\",\"@id\":\"https:\\\/\\\/www.strukturholding.de\\\/#\\\/schema\\\/person\\\/6de28da221fc7edc231f999716e955c5\"},\"headline\":\"\u00ab\u00a0Biorichesse de la Sarre\u00a0\u00bb f\u00eate ses cinq ans\u00a0\u2013 et continue sur sa lanc\u00e9e\",\"datePublished\":\"2025-08-26T12:20:59+00:00\",\"mainEntityOfPage\":{\"@id\":\"https:\\\/\\\/www.strukturholding.de\\\/fr\\\/biorichesse-de-la-sarre-fete-ses-cinq-ans-et-continue-sur-sa-lancee\\\/\"},\"wordCount\":854,\"articleSection\":[\"G\u00e9n\u00e9ral\"],\"inLanguage\":\"fr-FR\"},{\"@type\":\"WebPage\",\"@id\":\"https:\\\/\\\/www.strukturholding.de\\\/fr\\\/biorichesse-de-la-sarre-fete-ses-cinq-ans-et-continue-sur-sa-lancee\\\/\",\"url\":\"https:\\\/\\\/www.strukturholding.de\\\/fr\\\/biorichesse-de-la-sarre-fete-ses-cinq-ans-et-continue-sur-sa-lancee\\\/\",\"name\":\"\u00ab\u00a0Biorichesse de la Sarre\u00a0\u00bb f\u00eate ses cinq ans\u00a0\u2013 et continue sur sa lanc\u00e9e - SHS | Strukturholding Saar\",\"isPartOf\":{\"@id\":\"https:\\\/\\\/www.strukturholding.de\\\/#website\"},\"datePublished\":\"2025-08-26T12:20:59+00:00\",\"author\":{\"@id\":\"https:\\\/\\\/www.strukturholding.de\\\/#\\\/schema\\\/person\\\/6de28da221fc7edc231f999716e955c5\"},\"breadcrumb\":{\"@id\":\"https:\\\/\\\/www.strukturholding.de\\\/fr\\\/biorichesse-de-la-sarre-fete-ses-cinq-ans-et-continue-sur-sa-lancee\\\/#breadcrumb\"},\"inLanguage\":\"fr-FR\",\"potentialAction\":[{\"@type\":\"ReadAction\",\"target\":[\"https:\\\/\\\/www.strukturholding.de\\\/fr\\\/biorichesse-de-la-sarre-fete-ses-cinq-ans-et-continue-sur-sa-lancee\\\/\"]}]},{\"@type\":\"BreadcrumbList\",\"@id\":\"https:\\\/\\\/www.strukturholding.de\\\/fr\\\/biorichesse-de-la-sarre-fete-ses-cinq-ans-et-continue-sur-sa-lancee\\\/#breadcrumb\",\"itemListElement\":[{\"@type\":\"ListItem\",\"position\":1,\"name\":\"Startseite\",\"item\":\"https:\\\/\\\/www.strukturholding.de\\\/fr\\\/\"},{\"@type\":\"ListItem\",\"position\":2,\"name\":\"\u00ab\u00a0Biorichesse de la Sarre\u00a0\u00bb f\u00eate ses cinq ans\u00a0\u2013 et continue sur sa lanc\u00e9e\"}]},{\"@type\":\"WebSite\",\"@id\":\"https:\\\/\\\/www.strukturholding.de\\\/#website\",\"url\":\"https:\\\/\\\/www.strukturholding.de\\\/\",\"name\":\"SHS | Strukturholding Saar\",\"description\":\"\",\"potentialAction\":[{\"@type\":\"SearchAction\",\"target\":{\"@type\":\"EntryPoint\",\"urlTemplate\":\"https:\\\/\\\/www.strukturholding.de\\\/?s={search_term_string}\"},\"query-input\":{\"@type\":\"PropertyValueSpecification\",\"valueRequired\":true,\"valueName\":\"search_term_string\"}}],\"inLanguage\":\"fr-FR\"},{\"@type\":\"Person\",\"@id\":\"https:\\\/\\\/www.strukturholding.de\\\/#\\\/schema\\\/person\\\/6de28da221fc7edc231f999716e955c5\",\"name\":\"roseburgard\",\"url\":\"https:\\\/\\\/www.strukturholding.de\\\/fr\\\/author\\\/rose\\\/\"}]}<\/script>\n<!-- \/ Yoast SEO plugin. -->","yoast_head_json":{"title":"\u00ab\u00a0Biorichesse de la Sarre\u00a0\u00bb f\u00eate ses cinq ans\u00a0\u2013 et continue sur sa lanc\u00e9e - SHS | Strukturholding Saar","robots":{"index":"index","follow":"follow","max-snippet":"max-snippet:-1","max-image-preview":"max-image-preview:large","max-video-preview":"max-video-preview:-1"},"canonical":"https:\/\/www.strukturholding.de\/fr\/biorichesse-de-la-sarre-fete-ses-cinq-ans-et-continue-sur-sa-lancee\/","og_locale":"fr_FR","og_type":"article","og_title":"\u00ab\u00a0Biorichesse de la Sarre\u00a0\u00bb f\u00eate ses cinq ans\u00a0\u2013 et continue sur sa lanc\u00e9e - SHS | Strukturholding Saar","og_description":"\u00ab Biorichesse de la Sarre \u00bb f\u00eate ses cinq ans \u2013\u00a0et continue sur sa lanc\u00e9e","og_url":"https:\/\/www.strukturholding.de\/fr\/biorichesse-de-la-sarre-fete-ses-cinq-ans-et-continue-sur-sa-lancee\/","og_site_name":"SHS | Strukturholding Saar","article_published_time":"2025-08-26T12:20:59+00:00","og_image":[{"width":1200,"height":630,"url":"https:\/\/www.strukturholding.de\/wp-content\/uploads\/2016\/10\/og_image_strukturholding.jpg","type":"image\/jpeg"}],"author":"roseburgard","twitter_misc":{"\u00c9crit par":"roseburgard","Dur\u00e9e de lecture estim\u00e9e":"5 minutes"},"schema":{"@context":"https:\/\/schema.org","@graph":[{"@type":"Article","@id":"https:\/\/www.strukturholding.de\/fr\/biorichesse-de-la-sarre-fete-ses-cinq-ans-et-continue-sur-sa-lancee\/#article","isPartOf":{"@id":"https:\/\/www.strukturholding.de\/fr\/biorichesse-de-la-sarre-fete-ses-cinq-ans-et-continue-sur-sa-lancee\/"},"author":{"name":"roseburgard","@id":"https:\/\/www.strukturholding.de\/#\/schema\/person\/6de28da221fc7edc231f999716e955c5"},"headline":"\u00ab\u00a0Biorichesse de la Sarre\u00a0\u00bb f\u00eate ses cinq ans\u00a0\u2013 et continue sur sa lanc\u00e9e","datePublished":"2025-08-26T12:20:59+00:00","mainEntityOfPage":{"@id":"https:\/\/www.strukturholding.de\/fr\/biorichesse-de-la-sarre-fete-ses-cinq-ans-et-continue-sur-sa-lancee\/"},"wordCount":854,"articleSection":["G\u00e9n\u00e9ral"],"inLanguage":"fr-FR"},{"@type":"WebPage","@id":"https:\/\/www.strukturholding.de\/fr\/biorichesse-de-la-sarre-fete-ses-cinq-ans-et-continue-sur-sa-lancee\/","url":"https:\/\/www.strukturholding.de\/fr\/biorichesse-de-la-sarre-fete-ses-cinq-ans-et-continue-sur-sa-lancee\/","name":"\u00ab\u00a0Biorichesse de la Sarre\u00a0\u00bb f\u00eate ses cinq ans\u00a0\u2013 et continue sur sa lanc\u00e9e - SHS | Strukturholding Saar","isPartOf":{"@id":"https:\/\/www.strukturholding.de\/#website"},"datePublished":"2025-08-26T12:20:59+00:00","author":{"@id":"https:\/\/www.strukturholding.de\/#\/schema\/person\/6de28da221fc7edc231f999716e955c5"},"breadcrumb":{"@id":"https:\/\/www.strukturholding.de\/fr\/biorichesse-de-la-sarre-fete-ses-cinq-ans-et-continue-sur-sa-lancee\/#breadcrumb"},"inLanguage":"fr-FR","potentialAction":[{"@type":"ReadAction","target":["https:\/\/www.strukturholding.de\/fr\/biorichesse-de-la-sarre-fete-ses-cinq-ans-et-continue-sur-sa-lancee\/"]}]},{"@type":"BreadcrumbList","@id":"https:\/\/www.strukturholding.de\/fr\/biorichesse-de-la-sarre-fete-ses-cinq-ans-et-continue-sur-sa-lancee\/#breadcrumb","itemListElement":[{"@type":"ListItem","position":1,"name":"Startseite","item":"https:\/\/www.strukturholding.de\/fr\/"},{"@type":"ListItem","position":2,"name":"\u00ab\u00a0Biorichesse de la Sarre\u00a0\u00bb f\u00eate ses cinq ans\u00a0\u2013 et continue sur sa lanc\u00e9e"}]},{"@type":"WebSite","@id":"https:\/\/www.strukturholding.de\/#website","url":"https:\/\/www.strukturholding.de\/","name":"SHS | Strukturholding Saar","description":"","potentialAction":[{"@type":"SearchAction","target":{"@type":"EntryPoint","urlTemplate":"https:\/\/www.strukturholding.de\/?s={search_term_string}"},"query-input":{"@type":"PropertyValueSpecification","valueRequired":true,"valueName":"search_term_string"}}],"inLanguage":"fr-FR"},{"@type":"Person","@id":"https:\/\/www.strukturholding.de\/#\/schema\/person\/6de28da221fc7edc231f999716e955c5","name":"roseburgard","url":"https:\/\/www.strukturholding.de\/fr\/author\/rose\/"}]}},"_links":{"self":[{"href":"https:\/\/www.strukturholding.de\/fr\/wp-json\/wp\/v2\/posts\/26427","targetHints":{"allow":["GET"]}}],"collection":[{"href":"https:\/\/www.strukturholding.de\/fr\/wp-json\/wp\/v2\/posts"}],"about":[{"href":"https:\/\/www.strukturholding.de\/fr\/wp-json\/wp\/v2\/types\/post"}],"author":[{"embeddable":true,"href":"https:\/\/www.strukturholding.de\/fr\/wp-json\/wp\/v2\/users\/7"}],"replies":[{"embeddable":true,"href":"https:\/\/www.strukturholding.de\/fr\/wp-json\/wp\/v2\/comments?post=26427"}],"version-history":[{"count":4,"href":"https:\/\/www.strukturholding.de\/fr\/wp-json\/wp\/v2\/posts\/26427\/revisions"}],"predecessor-version":[{"id":26431,"href":"https:\/\/www.strukturholding.de\/fr\/wp-json\/wp\/v2\/posts\/26427\/revisions\/26431"}],"wp:attachment":[{"href":"https:\/\/www.strukturholding.de\/fr\/wp-json\/wp\/v2\/media?parent=26427"}],"wp:term":[{"taxonomy":"category","embeddable":true,"href":"https:\/\/www.strukturholding.de\/fr\/wp-json\/wp\/v2\/categories?post=26427"},{"taxonomy":"post_tag","embeddable":true,"href":"https:\/\/www.strukturholding.de\/fr\/wp-json\/wp\/v2\/tags?post=26427"}],"curies":[{"name":"wp","href":"https:\/\/api.w.org\/{rel}","templated":true}]}}