{"id":26239,"date":"2025-07-18T14:01:54","date_gmt":"2025-07-18T12:01:54","guid":{"rendered":"https:\/\/www.strukturholding.de\/?p=26239"},"modified":"2025-07-18T14:01:54","modified_gmt":"2025-07-18T12:01:54","slug":"le-ministre-m-jung-est-de-passage-a-la-kita-inclusive-raabe-a-burbach-un-projet-commun-de-woge-saar-et-gps","status":"publish","type":"post","link":"https:\/\/www.strukturholding.de\/fr\/le-ministre-m-jung-est-de-passage-a-la-kita-inclusive-raabe-a-burbach-un-projet-commun-de-woge-saar-et-gps\/","title":{"rendered":"Le ministre M. Jung est de passage \u00e0 la Kita inclusive Raabe \u00e0 Burbach\u00a0\u2013 un projet commun de WOGE Saar et GPS"},"content":{"rendered":"<h1>Le ministre M. Jung est de passage \u00e0 la Kita inclusive Raabe \u00e0 Burbach\u00a0\u2013 un projet commun de WOGE Saar et GPS<\/h1>\n<p>Le 9 juillet, dans le cadre de sa tourn\u00e9e d\u2019\u00e9t\u00e9, le ministre du Travail, des Affaires sociales, des Femmes et de la Sant\u00e9 M. Magnus Jung s\u2019est rendu \u00e0 la Kita (<em>Kindertagesst\u00e4tte<\/em>\u00a0\u2013 \u00e9tablissement regroupant cr\u00e8che et maternelle) Raabe de la soci\u00e9t\u00e9 GPS (<em>Gemeinn\u00fctzige Gesellschaft f\u00fcr Parit\u00e4tische Sozialarbeit<\/em>\u00a0\u2013 soci\u00e9t\u00e9 d\u2019utilit\u00e9 publique pour le travail social paritaire) dans le quartier de Burbach \u00e0 Sarrebruck. Il a \u00e9t\u00e9 accompagn\u00e9 par Mme Rita Gindorf-Wagner et M. Mirco Bertucci du conseil d\u2019administration de la WOGE Saar (<em>Wohnungsgesellschaft Saarland<\/em>\u00a0\u2013 soci\u00e9t\u00e9 immobili\u00e8re de la Sarre) qui \u00e9taient \u00e9galement sur place en tant que partenaires de coop\u00e9ration et propri\u00e9taires de l\u2019immobilier de la Kita.<\/p>\n<p>La tourn\u00e9e d\u2019\u00e9t\u00e9 du ministre a commenc\u00e9 dans le quartier de Burbach\u00a0\u2013 un quartier confront\u00e9 \u00e0 d\u2019importants d\u00e9fis sociaux, mais disposant aussi de r\u00e9seaux solides et d\u2019un grand engagement local. Avec le projet <a href=\"https:\/\/www.saarland.de\/masfg\/DE\/portale\/armut\/armutsbekaempfung_massnahmen\/quartiersbezogene_armutsbekaempfung\/perspektivquartier-burbach\">&gt;&gt; \u00ab\u00a0<em>Perspektivquartier Saarbr\u00fccken-Burbach<\/em>\u00a0\u00bb<\/a> (quartier de perspective Sarrebruck-Burbach), le minist\u00e8re a cern\u00e9 de fa\u00e7on cibl\u00e9e un domaine o\u00f9 les sujets de la pauvret\u00e9 et des logements socialement subventionn\u00e9s sont au centre des pr\u00e9occupations.<br \/>\nDans ce contexte, la WOGE Saar a \u00e9t\u00e9 inclue en tant qu\u2019acteur dans le domaine des logements subventionn\u00e9s. La soci\u00e9t\u00e9 immobili\u00e8re en a profit\u00e9 pour faire r\u00e9f\u00e9rence aux mesures d\u00e9j\u00e0 mises en \u0153uvre en mati\u00e8re de logements socialement subventionn\u00e9s. Elle a de m\u00eame pr\u00e9sent\u00e9 la Flammstra\u00dfe\u00a0\u2013 un endroit qui ne fait certes pas directement partie du quartier de perspective, mais qui se trouve juste \u00e0 c\u00f4t\u00e9. Au cours des ann\u00e9es \u00e0 venir, on y pr\u00e9voit un accroissement des investissements dans des logements sociaux. La visite de la Kita Raabe avait en m\u00eame temps comme objectif de souligner que l\u2019engagement de la WOGE ne se limite pas \u00e0 la cr\u00e9ation de logements. La soci\u00e9t\u00e9 investit au contraire aussi de fa\u00e7on cibl\u00e9e dans le d\u00e9veloppement des quartiers, notamment dans l\u2019infrastructure sociale et les mesures pour augmenter l\u2019attractivit\u00e9 des quartiers.<\/p>\n<p>La PDG de GPS Mme Bernadette Hiery-Spaniol ainsi que la directrice de la Kita Mme Wetzel-Serbedzija ont guid\u00e9 le groupe d\u2019une douzaine de visiteurs \u00e0 travers les salles claires de l\u2019institution. Ce faisant, elles ont pu offrir une bonne impression du quotidien p\u00e9dagogique. La Kita travaille de fa\u00e7on inclusive et s\u2019oriente d\u2019apr\u00e8s les principes de la p\u00e9dagogie Montessori.<\/p>\n<p>La Kita a \u00e9t\u00e9 d\u00e9voil\u00e9e au public pour la premi\u00e8re fois en octobre 2019. <a href=\"https:\/\/www.strukturholding.de\/fr\/creche-inclusive-presentee-par-woge-saar-et-gps\/\">&gt;&gt; Pour en savoir plus<\/a><\/p>\n<p>Mirco Bertucci s\u2019est montr\u00e9 impressionn\u00e9\u00a0: \u00ab\u00a0C\u2019\u00e9tait l\u00e0 un aper\u00e7u inspirant dans une institution qui relie de fa\u00e7on impressionnante inclusion et \u00e9ducation pr\u00e9coce. La GPS est un acteur important \u00e0 Burbach et elle rend un grand service \u00e0 la soci\u00e9t\u00e9 \u00e0 travers son engagement.\u00a0\u00bb<\/p>\n","protected":false},"excerpt":{"rendered":"<p>Le ministre M. Jung est de passage \u00e0 la Kita inclusive Raabe \u00e0 Burbach\u00a0\u2013 un<\/p>\n","protected":false},"author":7,"featured_media":0,"comment_status":"closed","ping_status":"closed","sticky":false,"template":"","format":"standard","meta":{"_acf_changed":false,"footnotes":""},"categories":[3],"tags":[],"class_list":["post-26239","post","type-post","status-publish","format-standard","hentry","category-generale"],"acf":[],"yoast_head":"<!-- This site is optimized with the Yoast SEO plugin v27.4 - https:\/\/yoast.com\/product\/yoast-seo-wordpress\/ -->\n<title>Le ministre M. Jung est de passage \u00e0 la Kita inclusive Raabe \u00e0 Burbach\u00a0\u2013 un projet commun de WOGE Saar et GPS - SHS | Strukturholding Saar<\/title>\n<meta name=\"robots\" content=\"index, follow, max-snippet:-1, max-image-preview:large, max-video-preview:-1\" \/>\n<link rel=\"canonical\" href=\"https:\/\/www.strukturholding.de\/fr\/le-ministre-m-jung-est-de-passage-a-la-kita-inclusive-raabe-a-burbach-un-projet-commun-de-woge-saar-et-gps\/\" \/>\n<meta property=\"og:locale\" content=\"fr_FR\" \/>\n<meta property=\"og:type\" content=\"article\" \/>\n<meta property=\"og:title\" content=\"Le ministre M. Jung est de passage \u00e0 la Kita inclusive Raabe \u00e0 Burbach\u00a0\u2013 un projet commun de WOGE Saar et GPS - SHS | Strukturholding Saar\" \/>\n<meta property=\"og:description\" content=\"Le ministre M. Jung est de passage \u00e0 la Kita inclusive Raabe \u00e0 Burbach\u00a0\u2013 un\" \/>\n<meta property=\"og:url\" content=\"https:\/\/www.strukturholding.de\/fr\/le-ministre-m-jung-est-de-passage-a-la-kita-inclusive-raabe-a-burbach-un-projet-commun-de-woge-saar-et-gps\/\" \/>\n<meta property=\"og:site_name\" content=\"SHS | Strukturholding Saar\" \/>\n<meta property=\"article:published_time\" content=\"2025-07-18T12:01:54+00:00\" \/>\n<meta property=\"og:image\" content=\"https:\/\/www.strukturholding.de\/wp-content\/uploads\/2016\/10\/og_image_strukturholding.jpg\" \/>\n\t<meta property=\"og:image:width\" content=\"1200\" \/>\n\t<meta property=\"og:image:height\" content=\"630\" \/>\n\t<meta property=\"og:image:type\" content=\"image\/jpeg\" \/>\n<meta name=\"author\" content=\"roseburgard\" \/>\n<meta name=\"twitter:label1\" content=\"\u00c9crit par\" \/>\n\t<meta name=\"twitter:data1\" content=\"roseburgard\" \/>\n\t<meta name=\"twitter:label2\" content=\"Dur\u00e9e de lecture estim\u00e9e\" \/>\n\t<meta name=\"twitter:data2\" content=\"3 minutes\" \/>\n<script type=\"application\/ld+json\" class=\"yoast-schema-graph\">{\"@context\":\"https:\\\/\\\/schema.org\",\"@graph\":[{\"@type\":\"Article\",\"@id\":\"https:\\\/\\\/www.strukturholding.de\\\/fr\\\/le-ministre-m-jung-est-de-passage-a-la-kita-inclusive-raabe-a-burbach-un-projet-commun-de-woge-saar-et-gps\\\/#article\",\"isPartOf\":{\"@id\":\"https:\\\/\\\/www.strukturholding.de\\\/fr\\\/le-ministre-m-jung-est-de-passage-a-la-kita-inclusive-raabe-a-burbach-un-projet-commun-de-woge-saar-et-gps\\\/\"},\"author\":{\"name\":\"roseburgard\",\"@id\":\"https:\\\/\\\/www.strukturholding.de\\\/#\\\/schema\\\/person\\\/6de28da221fc7edc231f999716e955c5\"},\"headline\":\"Le ministre M. Jung est de passage \u00e0 la Kita inclusive Raabe \u00e0 Burbach\u00a0\u2013 un projet commun de WOGE Saar et GPS\",\"datePublished\":\"2025-07-18T12:01:54+00:00\",\"mainEntityOfPage\":{\"@id\":\"https:\\\/\\\/www.strukturholding.de\\\/fr\\\/le-ministre-m-jung-est-de-passage-a-la-kita-inclusive-raabe-a-burbach-un-projet-commun-de-woge-saar-et-gps\\\/\"},\"wordCount\":528,\"articleSection\":[\"G\u00e9n\u00e9ral\"],\"inLanguage\":\"fr-FR\"},{\"@type\":\"WebPage\",\"@id\":\"https:\\\/\\\/www.strukturholding.de\\\/fr\\\/le-ministre-m-jung-est-de-passage-a-la-kita-inclusive-raabe-a-burbach-un-projet-commun-de-woge-saar-et-gps\\\/\",\"url\":\"https:\\\/\\\/www.strukturholding.de\\\/fr\\\/le-ministre-m-jung-est-de-passage-a-la-kita-inclusive-raabe-a-burbach-un-projet-commun-de-woge-saar-et-gps\\\/\",\"name\":\"Le ministre M. Jung est de passage \u00e0 la Kita inclusive Raabe \u00e0 Burbach\u00a0\u2013 un projet commun de WOGE Saar et GPS - SHS | Strukturholding Saar\",\"isPartOf\":{\"@id\":\"https:\\\/\\\/www.strukturholding.de\\\/#website\"},\"datePublished\":\"2025-07-18T12:01:54+00:00\",\"author\":{\"@id\":\"https:\\\/\\\/www.strukturholding.de\\\/#\\\/schema\\\/person\\\/6de28da221fc7edc231f999716e955c5\"},\"breadcrumb\":{\"@id\":\"https:\\\/\\\/www.strukturholding.de\\\/fr\\\/le-ministre-m-jung-est-de-passage-a-la-kita-inclusive-raabe-a-burbach-un-projet-commun-de-woge-saar-et-gps\\\/#breadcrumb\"},\"inLanguage\":\"fr-FR\",\"potentialAction\":[{\"@type\":\"ReadAction\",\"target\":[\"https:\\\/\\\/www.strukturholding.de\\\/fr\\\/le-ministre-m-jung-est-de-passage-a-la-kita-inclusive-raabe-a-burbach-un-projet-commun-de-woge-saar-et-gps\\\/\"]}]},{\"@type\":\"BreadcrumbList\",\"@id\":\"https:\\\/\\\/www.strukturholding.de\\\/fr\\\/le-ministre-m-jung-est-de-passage-a-la-kita-inclusive-raabe-a-burbach-un-projet-commun-de-woge-saar-et-gps\\\/#breadcrumb\",\"itemListElement\":[{\"@type\":\"ListItem\",\"position\":1,\"name\":\"Startseite\",\"item\":\"https:\\\/\\\/www.strukturholding.de\\\/fr\\\/\"},{\"@type\":\"ListItem\",\"position\":2,\"name\":\"Le ministre M. Jung est de passage \u00e0 la Kita inclusive Raabe \u00e0 Burbach\u00a0\u2013 un projet commun de WOGE Saar et GPS\"}]},{\"@type\":\"WebSite\",\"@id\":\"https:\\\/\\\/www.strukturholding.de\\\/#website\",\"url\":\"https:\\\/\\\/www.strukturholding.de\\\/\",\"name\":\"SHS | Strukturholding Saar\",\"description\":\"\",\"potentialAction\":[{\"@type\":\"SearchAction\",\"target\":{\"@type\":\"EntryPoint\",\"urlTemplate\":\"https:\\\/\\\/www.strukturholding.de\\\/?s={search_term_string}\"},\"query-input\":{\"@type\":\"PropertyValueSpecification\",\"valueRequired\":true,\"valueName\":\"search_term_string\"}}],\"inLanguage\":\"fr-FR\"},{\"@type\":\"Person\",\"@id\":\"https:\\\/\\\/www.strukturholding.de\\\/#\\\/schema\\\/person\\\/6de28da221fc7edc231f999716e955c5\",\"name\":\"roseburgard\",\"url\":\"https:\\\/\\\/www.strukturholding.de\\\/fr\\\/author\\\/rose\\\/\"}]}<\/script>\n<!-- \/ Yoast SEO plugin. -->","yoast_head_json":{"title":"Le ministre M. Jung est de passage \u00e0 la Kita inclusive Raabe \u00e0 Burbach\u00a0\u2013 un projet commun de WOGE Saar et GPS - SHS | Strukturholding Saar","robots":{"index":"index","follow":"follow","max-snippet":"max-snippet:-1","max-image-preview":"max-image-preview:large","max-video-preview":"max-video-preview:-1"},"canonical":"https:\/\/www.strukturholding.de\/fr\/le-ministre-m-jung-est-de-passage-a-la-kita-inclusive-raabe-a-burbach-un-projet-commun-de-woge-saar-et-gps\/","og_locale":"fr_FR","og_type":"article","og_title":"Le ministre M. Jung est de passage \u00e0 la Kita inclusive Raabe \u00e0 Burbach\u00a0\u2013 un projet commun de WOGE Saar et GPS - SHS | Strukturholding Saar","og_description":"Le ministre M. Jung est de passage \u00e0 la Kita inclusive Raabe \u00e0 Burbach\u00a0\u2013 un","og_url":"https:\/\/www.strukturholding.de\/fr\/le-ministre-m-jung-est-de-passage-a-la-kita-inclusive-raabe-a-burbach-un-projet-commun-de-woge-saar-et-gps\/","og_site_name":"SHS | Strukturholding Saar","article_published_time":"2025-07-18T12:01:54+00:00","og_image":[{"width":1200,"height":630,"url":"https:\/\/www.strukturholding.de\/wp-content\/uploads\/2016\/10\/og_image_strukturholding.jpg","type":"image\/jpeg"}],"author":"roseburgard","twitter_misc":{"\u00c9crit par":"roseburgard","Dur\u00e9e de lecture estim\u00e9e":"3 minutes"},"schema":{"@context":"https:\/\/schema.org","@graph":[{"@type":"Article","@id":"https:\/\/www.strukturholding.de\/fr\/le-ministre-m-jung-est-de-passage-a-la-kita-inclusive-raabe-a-burbach-un-projet-commun-de-woge-saar-et-gps\/#article","isPartOf":{"@id":"https:\/\/www.strukturholding.de\/fr\/le-ministre-m-jung-est-de-passage-a-la-kita-inclusive-raabe-a-burbach-un-projet-commun-de-woge-saar-et-gps\/"},"author":{"name":"roseburgard","@id":"https:\/\/www.strukturholding.de\/#\/schema\/person\/6de28da221fc7edc231f999716e955c5"},"headline":"Le ministre M. Jung est de passage \u00e0 la Kita inclusive Raabe \u00e0 Burbach\u00a0\u2013 un projet commun de WOGE Saar et GPS","datePublished":"2025-07-18T12:01:54+00:00","mainEntityOfPage":{"@id":"https:\/\/www.strukturholding.de\/fr\/le-ministre-m-jung-est-de-passage-a-la-kita-inclusive-raabe-a-burbach-un-projet-commun-de-woge-saar-et-gps\/"},"wordCount":528,"articleSection":["G\u00e9n\u00e9ral"],"inLanguage":"fr-FR"},{"@type":"WebPage","@id":"https:\/\/www.strukturholding.de\/fr\/le-ministre-m-jung-est-de-passage-a-la-kita-inclusive-raabe-a-burbach-un-projet-commun-de-woge-saar-et-gps\/","url":"https:\/\/www.strukturholding.de\/fr\/le-ministre-m-jung-est-de-passage-a-la-kita-inclusive-raabe-a-burbach-un-projet-commun-de-woge-saar-et-gps\/","name":"Le ministre M. Jung est de passage \u00e0 la Kita inclusive Raabe \u00e0 Burbach\u00a0\u2013 un projet commun de WOGE Saar et GPS - SHS | Strukturholding Saar","isPartOf":{"@id":"https:\/\/www.strukturholding.de\/#website"},"datePublished":"2025-07-18T12:01:54+00:00","author":{"@id":"https:\/\/www.strukturholding.de\/#\/schema\/person\/6de28da221fc7edc231f999716e955c5"},"breadcrumb":{"@id":"https:\/\/www.strukturholding.de\/fr\/le-ministre-m-jung-est-de-passage-a-la-kita-inclusive-raabe-a-burbach-un-projet-commun-de-woge-saar-et-gps\/#breadcrumb"},"inLanguage":"fr-FR","potentialAction":[{"@type":"ReadAction","target":["https:\/\/www.strukturholding.de\/fr\/le-ministre-m-jung-est-de-passage-a-la-kita-inclusive-raabe-a-burbach-un-projet-commun-de-woge-saar-et-gps\/"]}]},{"@type":"BreadcrumbList","@id":"https:\/\/www.strukturholding.de\/fr\/le-ministre-m-jung-est-de-passage-a-la-kita-inclusive-raabe-a-burbach-un-projet-commun-de-woge-saar-et-gps\/#breadcrumb","itemListElement":[{"@type":"ListItem","position":1,"name":"Startseite","item":"https:\/\/www.strukturholding.de\/fr\/"},{"@type":"ListItem","position":2,"name":"Le ministre M. Jung est de passage \u00e0 la Kita inclusive Raabe \u00e0 Burbach\u00a0\u2013 un projet commun de WOGE Saar et GPS"}]},{"@type":"WebSite","@id":"https:\/\/www.strukturholding.de\/#website","url":"https:\/\/www.strukturholding.de\/","name":"SHS | Strukturholding Saar","description":"","potentialAction":[{"@type":"SearchAction","target":{"@type":"EntryPoint","urlTemplate":"https:\/\/www.strukturholding.de\/?s={search_term_string}"},"query-input":{"@type":"PropertyValueSpecification","valueRequired":true,"valueName":"search_term_string"}}],"inLanguage":"fr-FR"},{"@type":"Person","@id":"https:\/\/www.strukturholding.de\/#\/schema\/person\/6de28da221fc7edc231f999716e955c5","name":"roseburgard","url":"https:\/\/www.strukturholding.de\/fr\/author\/rose\/"}]}},"_links":{"self":[{"href":"https:\/\/www.strukturholding.de\/fr\/wp-json\/wp\/v2\/posts\/26239","targetHints":{"allow":["GET"]}}],"collection":[{"href":"https:\/\/www.strukturholding.de\/fr\/wp-json\/wp\/v2\/posts"}],"about":[{"href":"https:\/\/www.strukturholding.de\/fr\/wp-json\/wp\/v2\/types\/post"}],"author":[{"embeddable":true,"href":"https:\/\/www.strukturholding.de\/fr\/wp-json\/wp\/v2\/users\/7"}],"replies":[{"embeddable":true,"href":"https:\/\/www.strukturholding.de\/fr\/wp-json\/wp\/v2\/comments?post=26239"}],"version-history":[{"count":3,"href":"https:\/\/www.strukturholding.de\/fr\/wp-json\/wp\/v2\/posts\/26239\/revisions"}],"predecessor-version":[{"id":26242,"href":"https:\/\/www.strukturholding.de\/fr\/wp-json\/wp\/v2\/posts\/26239\/revisions\/26242"}],"wp:attachment":[{"href":"https:\/\/www.strukturholding.de\/fr\/wp-json\/wp\/v2\/media?parent=26239"}],"wp:term":[{"taxonomy":"category","embeddable":true,"href":"https:\/\/www.strukturholding.de\/fr\/wp-json\/wp\/v2\/categories?post=26239"},{"taxonomy":"post_tag","embeddable":true,"href":"https:\/\/www.strukturholding.de\/fr\/wp-json\/wp\/v2\/tags?post=26239"}],"curies":[{"name":"wp","href":"https:\/\/api.w.org\/{rel}","templated":true}]}}