{"id":26186,"date":"2025-07-15T09:21:52","date_gmt":"2025-07-15T07:21:52","guid":{"rendered":"https:\/\/www.strukturholding.de\/?p=26186"},"modified":"2025-07-15T09:21:52","modified_gmt":"2025-07-15T07:21:52","slug":"la-sarre-renforce-sa-collaboration-economique-avec-la-coree","status":"publish","type":"post","link":"https:\/\/www.strukturholding.de\/fr\/la-sarre-renforce-sa-collaboration-economique-avec-la-coree\/","title":{"rendered":"La Sarre renforce sa collaboration \u00e9conomique avec la Cor\u00e9e"},"content":{"rendered":"<h1><strong>La Sarre renforce sa collaboration \u00e9conomique avec la Cor\u00e9e\u00a0: signature d\u2019une d\u00e9claration d\u2019amiti\u00e9 et de coop\u00e9ration avec l\u2019\u00c9tat du Gangwon<\/strong><\/h1>\n<p><strong>Les relations commerciales entre la Sarre et la R\u00e9publique de Cor\u00e9e re\u00e7oivent un coup de pouce suppl\u00e9mentaire\u00a0: le jeudi 26 juin dernier, le ministre de l\u2019\u00c9conomie M. J\u00fcrgen Barke et le gouverneur de l\u2019\u00c9tat du Gangwon M. Jin Tae Kim ont sign\u00e9 \u00e0 Sarrebruck une d\u00e9claration d\u2019amiti\u00e9 et de coop\u00e9ration.<\/strong><\/p>\n<p>Cet accord marque le coup d\u2019envoi d\u2019une collaboration approfondie dans les domaines de l\u2019\u00e9conomie, du commerce, de l\u2019innovation et de la technologie. Outre un \u00e9change r\u00e9gulier entre les autorit\u00e9s comp\u00e9tentes des deux r\u00e9gions, des activit\u00e9s communes de d\u00e9veloppement de sites sont \u00e9galement pr\u00e9vues.<\/p>\n<p>J\u00fcrgen Barke, ministre de l\u2019\u00c9conomie souligne\u00a0: \u00ab\u00a0La coop\u00e9ration avec Gangwon repr\u00e9sente de nouvelles opportunit\u00e9s pour des investissements et des implantations en Sarre. Notre objectif est de mettre des projets d\u2019avenir sur les rails en coop\u00e9ration avec des partenaires cor\u00e9ens\u00a0\u2013 par exemple dans les domaines de la technologie m\u00e9dicale, de la num\u00e9risation et de la transformation industrielle.\u00a0\u00bb<\/p>\n<p>Depuis le 22 juin, une d\u00e9l\u00e9gation commerciale de Cor\u00e9e est en visite en Sarre dans le cadre du programme d\u2019implantation InSaar de la soci\u00e9t\u00e9 de promotion \u00e9conomique de la Sarre (Gesellschaft f\u00fcr Wirtschaftsf\u00f6rderung Saar\u00a0&#8211; gwSaar). L\u2019objectif de ce voyage est de tisser des liens avec des entreprises et des instituts de recherche ainsi que d\u2019explorer des possibilit\u00e9s de coop\u00e9ration et d\u2019implantation.<\/p>\n<p>Le gouverneur M. Jin Tae Kim explique\u00a0: \u00ab\u00a0Cette visite est une premi\u00e8re \u00e9tape importante afin d\u2019\u00e9tablir un r\u00e9seau de coop\u00e9ration avec l\u2019Europe et afin de r\u00e9aliser la vision de Gangwon de devenir une \u00ab\u00a0ville mondiale pour les industries d\u2019avenir\u00a0\u00bb. La Sarre et Gangwon partagent l\u2019exp\u00e9rience commune d\u2019avoir v\u00e9cu la transition d\u2019industries bas\u00e9es sur le charbon vers des domaines de haute technologie comme la biotechnologie, l\u2019informatique et la mobilit\u00e9. \u00c9tant donn\u00e9 que la Sarre a emprunt\u00e9 ce chemin avant nous, je suis convaincu qu\u2019un partenariat avec la Sarre nous livrera des stimulations inestimables pour notre orientation \u00e0 venir. De plus, la collaboration entre universit\u00e9s, instituts de recherche et entreprises des deux r\u00e9gions formera la base pour une croissance et une \u00e9volution mutuelle.\u00a0\u00bb<\/p>\n<p>Le PDG de gwSaar, M. Thomas Schuck, d\u2019ajouter\u00a0: \u00ab\u00a0Pour la Sarre et la gwSaar, l\u2019\u00e9troite collaboration avec la Cor\u00e9e n\u2019est rien de nouveau. Dans le cadre du programme InSaar nous avons d\u00e9j\u00e0 pu attirer plusieurs entreprises cor\u00e9ennes en Sarre. L\u2019\u00e9change structur\u00e9 avec Gangwon-do continue sur cette lanc\u00e9e. L\u2019attention se dirige vers les coop\u00e9rations et les investissements dans les domaines de la technologie m\u00e9dicale et de la num\u00e9risation.\u00a0\u00bb<\/p>\n<p>La signature d\u2019aujourd\u2019hui est le fruit de la visite de d\u00e9l\u00e9gation qui a eu lieu au mois de mars en Cor\u00e9e sous la direction du ministre M. Barke. La visite de l\u2019\u00c9tat du Gangwon \u00e9tait un point d\u2019orgue du voyage coorganis\u00e9 par la gwSaar.<\/p>\n<p>&nbsp;<\/p>\n<p><strong>Informations de fond\u00a0:<\/strong><\/p>\n<p><strong><u>L\u2019\u00c9tat du Gangwon<\/u><\/strong><\/p>\n<p>Gangwon-do se situe dans le nord-est de la Cor\u00e9e du Sud et avoisine le Gyeonggi-do, la r\u00e9gion cor\u00e9enne la plus forte sur le plan \u00e9conomique. Avec pr\u00e8s de 1,5 million d\u2019habitants et une forte concentration sur les technologies de la sant\u00e9, l\u2019\u00e9nergie et la num\u00e9risation, cette r\u00e9gion fait partie des p\u00f4les de croissance les plus dynamiques du pays. La structure \u00e9conomique ressemble partiellement \u00e0 la Sarre, ce qui offre de nombreux points d\u2019ancrage pour une collaboration.<\/p>\n<p><strong><u>Le programme \u00ab\u00a0InSaar\u00a0\u00bb<\/u><\/strong><\/p>\n<p>\u00ab\u00a0InSaar EU-Hub\u00a0\u00bb de son nom entier, ce programme a pour objectif de permettre et d\u2019acc\u00e9l\u00e9rer l\u2019implantation d\u2019entreprises cor\u00e9ennes en Sarre \u00e0 travers une collaboration approfondie et la mise en place d\u2019une infrastructure de soutien. Le programme a \u00e9t\u00e9 d\u00e9velopp\u00e9 et mis en \u0153uvre par la gwSaar, KIST Europe, le partenaire cor\u00e9en de gwSaar, ipartners et le cabinet Martin Bernhardt en coop\u00e9ration avec d\u2019autres acteurs sarrois. Les start-ups cor\u00e9ennes sont soutenues et encourag\u00e9es par la puissante Industrial Bank of Korea (IBK). La plus grande banque cor\u00e9enne avait d\u00e9cid\u00e9 en 2023 de coop\u00e9rer \u00e9troitement avec la Sarre.<\/p>\n<p>&nbsp;<\/p>\n","protected":false},"excerpt":{"rendered":"<p>La Sarre renforce sa collaboration \u00e9conomique avec la Cor\u00e9e\u00a0: signature d\u2019une d\u00e9claration d\u2019amiti\u00e9 et de<\/p>\n","protected":false},"author":7,"featured_media":0,"comment_status":"closed","ping_status":"closed","sticky":false,"template":"","format":"standard","meta":{"_acf_changed":false,"footnotes":""},"categories":[3],"tags":[],"class_list":["post-26186","post","type-post","status-publish","format-standard","hentry","category-generale"],"acf":[],"yoast_head":"<!-- This site is optimized with the Yoast SEO plugin v27.4 - https:\/\/yoast.com\/product\/yoast-seo-wordpress\/ -->\n<title>La Sarre renforce sa collaboration \u00e9conomique avec la Cor\u00e9e - SHS | Strukturholding Saar<\/title>\n<meta name=\"robots\" content=\"index, follow, max-snippet:-1, max-image-preview:large, max-video-preview:-1\" \/>\n<link rel=\"canonical\" href=\"https:\/\/www.strukturholding.de\/fr\/la-sarre-renforce-sa-collaboration-economique-avec-la-coree\/\" \/>\n<meta property=\"og:locale\" content=\"fr_FR\" \/>\n<meta property=\"og:type\" content=\"article\" \/>\n<meta property=\"og:title\" content=\"La Sarre renforce sa collaboration \u00e9conomique avec la Cor\u00e9e - SHS | Strukturholding Saar\" \/>\n<meta property=\"og:description\" content=\"La Sarre renforce sa collaboration \u00e9conomique avec la Cor\u00e9e\u00a0: signature d\u2019une d\u00e9claration d\u2019amiti\u00e9 et de\" \/>\n<meta property=\"og:url\" content=\"https:\/\/www.strukturholding.de\/fr\/la-sarre-renforce-sa-collaboration-economique-avec-la-coree\/\" \/>\n<meta property=\"og:site_name\" content=\"SHS | Strukturholding Saar\" \/>\n<meta property=\"article:published_time\" content=\"2025-07-15T07:21:52+00:00\" \/>\n<meta property=\"og:image\" content=\"https:\/\/www.strukturholding.de\/wp-content\/uploads\/2016\/10\/og_image_strukturholding.jpg\" \/>\n\t<meta property=\"og:image:width\" content=\"1200\" \/>\n\t<meta property=\"og:image:height\" content=\"630\" \/>\n\t<meta property=\"og:image:type\" content=\"image\/jpeg\" \/>\n<meta name=\"author\" content=\"roseburgard\" \/>\n<meta name=\"twitter:label1\" content=\"\u00c9crit par\" \/>\n\t<meta name=\"twitter:data1\" content=\"roseburgard\" \/>\n\t<meta name=\"twitter:label2\" content=\"Dur\u00e9e de lecture estim\u00e9e\" \/>\n\t<meta name=\"twitter:data2\" content=\"4 minutes\" \/>\n<script type=\"application\/ld+json\" class=\"yoast-schema-graph\">{\"@context\":\"https:\\\/\\\/schema.org\",\"@graph\":[{\"@type\":\"Article\",\"@id\":\"https:\\\/\\\/www.strukturholding.de\\\/fr\\\/la-sarre-renforce-sa-collaboration-economique-avec-la-coree\\\/#article\",\"isPartOf\":{\"@id\":\"https:\\\/\\\/www.strukturholding.de\\\/fr\\\/la-sarre-renforce-sa-collaboration-economique-avec-la-coree\\\/\"},\"author\":{\"name\":\"roseburgard\",\"@id\":\"https:\\\/\\\/www.strukturholding.de\\\/#\\\/schema\\\/person\\\/6de28da221fc7edc231f999716e955c5\"},\"headline\":\"La Sarre renforce sa collaboration \u00e9conomique avec la Cor\u00e9e\",\"datePublished\":\"2025-07-15T07:21:52+00:00\",\"mainEntityOfPage\":{\"@id\":\"https:\\\/\\\/www.strukturholding.de\\\/fr\\\/la-sarre-renforce-sa-collaboration-economique-avec-la-coree\\\/\"},\"wordCount\":759,\"articleSection\":[\"G\u00e9n\u00e9ral\"],\"inLanguage\":\"fr-FR\"},{\"@type\":\"WebPage\",\"@id\":\"https:\\\/\\\/www.strukturholding.de\\\/fr\\\/la-sarre-renforce-sa-collaboration-economique-avec-la-coree\\\/\",\"url\":\"https:\\\/\\\/www.strukturholding.de\\\/fr\\\/la-sarre-renforce-sa-collaboration-economique-avec-la-coree\\\/\",\"name\":\"La Sarre renforce sa collaboration \u00e9conomique avec la Cor\u00e9e - SHS | Strukturholding Saar\",\"isPartOf\":{\"@id\":\"https:\\\/\\\/www.strukturholding.de\\\/#website\"},\"datePublished\":\"2025-07-15T07:21:52+00:00\",\"author\":{\"@id\":\"https:\\\/\\\/www.strukturholding.de\\\/#\\\/schema\\\/person\\\/6de28da221fc7edc231f999716e955c5\"},\"breadcrumb\":{\"@id\":\"https:\\\/\\\/www.strukturholding.de\\\/fr\\\/la-sarre-renforce-sa-collaboration-economique-avec-la-coree\\\/#breadcrumb\"},\"inLanguage\":\"fr-FR\",\"potentialAction\":[{\"@type\":\"ReadAction\",\"target\":[\"https:\\\/\\\/www.strukturholding.de\\\/fr\\\/la-sarre-renforce-sa-collaboration-economique-avec-la-coree\\\/\"]}]},{\"@type\":\"BreadcrumbList\",\"@id\":\"https:\\\/\\\/www.strukturholding.de\\\/fr\\\/la-sarre-renforce-sa-collaboration-economique-avec-la-coree\\\/#breadcrumb\",\"itemListElement\":[{\"@type\":\"ListItem\",\"position\":1,\"name\":\"Startseite\",\"item\":\"https:\\\/\\\/www.strukturholding.de\\\/fr\\\/\"},{\"@type\":\"ListItem\",\"position\":2,\"name\":\"La Sarre renforce sa collaboration \u00e9conomique avec la Cor\u00e9e\"}]},{\"@type\":\"WebSite\",\"@id\":\"https:\\\/\\\/www.strukturholding.de\\\/#website\",\"url\":\"https:\\\/\\\/www.strukturholding.de\\\/\",\"name\":\"SHS | Strukturholding Saar\",\"description\":\"\",\"potentialAction\":[{\"@type\":\"SearchAction\",\"target\":{\"@type\":\"EntryPoint\",\"urlTemplate\":\"https:\\\/\\\/www.strukturholding.de\\\/?s={search_term_string}\"},\"query-input\":{\"@type\":\"PropertyValueSpecification\",\"valueRequired\":true,\"valueName\":\"search_term_string\"}}],\"inLanguage\":\"fr-FR\"},{\"@type\":\"Person\",\"@id\":\"https:\\\/\\\/www.strukturholding.de\\\/#\\\/schema\\\/person\\\/6de28da221fc7edc231f999716e955c5\",\"name\":\"roseburgard\",\"url\":\"https:\\\/\\\/www.strukturholding.de\\\/fr\\\/author\\\/rose\\\/\"}]}<\/script>\n<!-- \/ Yoast SEO plugin. -->","yoast_head_json":{"title":"La Sarre renforce sa collaboration \u00e9conomique avec la Cor\u00e9e - SHS | Strukturholding Saar","robots":{"index":"index","follow":"follow","max-snippet":"max-snippet:-1","max-image-preview":"max-image-preview:large","max-video-preview":"max-video-preview:-1"},"canonical":"https:\/\/www.strukturholding.de\/fr\/la-sarre-renforce-sa-collaboration-economique-avec-la-coree\/","og_locale":"fr_FR","og_type":"article","og_title":"La Sarre renforce sa collaboration \u00e9conomique avec la Cor\u00e9e - SHS | Strukturholding Saar","og_description":"La Sarre renforce sa collaboration \u00e9conomique avec la Cor\u00e9e\u00a0: signature d\u2019une d\u00e9claration d\u2019amiti\u00e9 et de","og_url":"https:\/\/www.strukturholding.de\/fr\/la-sarre-renforce-sa-collaboration-economique-avec-la-coree\/","og_site_name":"SHS | Strukturholding Saar","article_published_time":"2025-07-15T07:21:52+00:00","og_image":[{"width":1200,"height":630,"url":"https:\/\/www.strukturholding.de\/wp-content\/uploads\/2016\/10\/og_image_strukturholding.jpg","type":"image\/jpeg"}],"author":"roseburgard","twitter_misc":{"\u00c9crit par":"roseburgard","Dur\u00e9e de lecture estim\u00e9e":"4 minutes"},"schema":{"@context":"https:\/\/schema.org","@graph":[{"@type":"Article","@id":"https:\/\/www.strukturholding.de\/fr\/la-sarre-renforce-sa-collaboration-economique-avec-la-coree\/#article","isPartOf":{"@id":"https:\/\/www.strukturholding.de\/fr\/la-sarre-renforce-sa-collaboration-economique-avec-la-coree\/"},"author":{"name":"roseburgard","@id":"https:\/\/www.strukturholding.de\/#\/schema\/person\/6de28da221fc7edc231f999716e955c5"},"headline":"La Sarre renforce sa collaboration \u00e9conomique avec la Cor\u00e9e","datePublished":"2025-07-15T07:21:52+00:00","mainEntityOfPage":{"@id":"https:\/\/www.strukturholding.de\/fr\/la-sarre-renforce-sa-collaboration-economique-avec-la-coree\/"},"wordCount":759,"articleSection":["G\u00e9n\u00e9ral"],"inLanguage":"fr-FR"},{"@type":"WebPage","@id":"https:\/\/www.strukturholding.de\/fr\/la-sarre-renforce-sa-collaboration-economique-avec-la-coree\/","url":"https:\/\/www.strukturholding.de\/fr\/la-sarre-renforce-sa-collaboration-economique-avec-la-coree\/","name":"La Sarre renforce sa collaboration \u00e9conomique avec la Cor\u00e9e - SHS | Strukturholding Saar","isPartOf":{"@id":"https:\/\/www.strukturholding.de\/#website"},"datePublished":"2025-07-15T07:21:52+00:00","author":{"@id":"https:\/\/www.strukturholding.de\/#\/schema\/person\/6de28da221fc7edc231f999716e955c5"},"breadcrumb":{"@id":"https:\/\/www.strukturholding.de\/fr\/la-sarre-renforce-sa-collaboration-economique-avec-la-coree\/#breadcrumb"},"inLanguage":"fr-FR","potentialAction":[{"@type":"ReadAction","target":["https:\/\/www.strukturholding.de\/fr\/la-sarre-renforce-sa-collaboration-economique-avec-la-coree\/"]}]},{"@type":"BreadcrumbList","@id":"https:\/\/www.strukturholding.de\/fr\/la-sarre-renforce-sa-collaboration-economique-avec-la-coree\/#breadcrumb","itemListElement":[{"@type":"ListItem","position":1,"name":"Startseite","item":"https:\/\/www.strukturholding.de\/fr\/"},{"@type":"ListItem","position":2,"name":"La Sarre renforce sa collaboration \u00e9conomique avec la Cor\u00e9e"}]},{"@type":"WebSite","@id":"https:\/\/www.strukturholding.de\/#website","url":"https:\/\/www.strukturholding.de\/","name":"SHS | Strukturholding Saar","description":"","potentialAction":[{"@type":"SearchAction","target":{"@type":"EntryPoint","urlTemplate":"https:\/\/www.strukturholding.de\/?s={search_term_string}"},"query-input":{"@type":"PropertyValueSpecification","valueRequired":true,"valueName":"search_term_string"}}],"inLanguage":"fr-FR"},{"@type":"Person","@id":"https:\/\/www.strukturholding.de\/#\/schema\/person\/6de28da221fc7edc231f999716e955c5","name":"roseburgard","url":"https:\/\/www.strukturholding.de\/fr\/author\/rose\/"}]}},"_links":{"self":[{"href":"https:\/\/www.strukturholding.de\/fr\/wp-json\/wp\/v2\/posts\/26186","targetHints":{"allow":["GET"]}}],"collection":[{"href":"https:\/\/www.strukturholding.de\/fr\/wp-json\/wp\/v2\/posts"}],"about":[{"href":"https:\/\/www.strukturholding.de\/fr\/wp-json\/wp\/v2\/types\/post"}],"author":[{"embeddable":true,"href":"https:\/\/www.strukturholding.de\/fr\/wp-json\/wp\/v2\/users\/7"}],"replies":[{"embeddable":true,"href":"https:\/\/www.strukturholding.de\/fr\/wp-json\/wp\/v2\/comments?post=26186"}],"version-history":[{"count":2,"href":"https:\/\/www.strukturholding.de\/fr\/wp-json\/wp\/v2\/posts\/26186\/revisions"}],"predecessor-version":[{"id":26189,"href":"https:\/\/www.strukturholding.de\/fr\/wp-json\/wp\/v2\/posts\/26186\/revisions\/26189"}],"wp:attachment":[{"href":"https:\/\/www.strukturholding.de\/fr\/wp-json\/wp\/v2\/media?parent=26186"}],"wp:term":[{"taxonomy":"category","embeddable":true,"href":"https:\/\/www.strukturholding.de\/fr\/wp-json\/wp\/v2\/categories?post=26186"},{"taxonomy":"post_tag","embeddable":true,"href":"https:\/\/www.strukturholding.de\/fr\/wp-json\/wp\/v2\/tags?post=26186"}],"curies":[{"name":"wp","href":"https:\/\/api.w.org\/{rel}","templated":true}]}}