{"id":25965,"date":"2025-05-14T14:58:58","date_gmt":"2025-05-14T12:58:58","guid":{"rendered":"https:\/\/www.strukturholding.de\/?p=25965"},"modified":"2025-05-14T14:58:58","modified_gmt":"2025-05-14T12:58:58","slug":"kirkel-devient-le-nouveau-site-dun-leader-mondial-issu-de-la-region-du-sauerland","status":"publish","type":"post","link":"https:\/\/www.strukturholding.de\/fr\/kirkel-devient-le-nouveau-site-dun-leader-mondial-issu-de-la-region-du-sauerland\/","title":{"rendered":"Kirkel devient le nouveau site d\u2019un leader mondial issu de la r\u00e9gion du Sauerland"},"content":{"rendered":"<h1>Kirkel devient le nouveau site d\u2019un leader mondial issu de la r\u00e9gion du Sauerland<\/h1>\n<p><strong>Entreprise m\u00e9tallurgique active dans le monde entier, Viega Group s\u2019implantera \u00e0 Kirkel. Selon ses propres d\u00e9clarations, l\u2019entreprise souhaite cr\u00e9er au cours des deux ann\u00e9es \u00e0 venir pr\u00e8s de 150 nouveaux postes de travail \u00e0 son nouveau site de production dans la zone industrielle \u00ab\u00a0Am Zunderbaum\u00a0\u00bb (Hombourg\/Kirkel). \u00c0 la fin de cette ann\u00e9e d\u00e9j\u00e0, la production de raccords de tuyauterie pour le march\u00e9 international devra commencer.<\/strong><\/p>\n<p>Au lieu d\u2019un b\u00e2timent neuf en p\u00e9riph\u00e9rie, Viega a recherch\u00e9 de fa\u00e7on cibl\u00e9e des terrains industriels existants disponibles \u00e0 court terme. Cette entreprise familiale agissant au niveau international et dont le si\u00e8ge se trouve \u00e0 Attendorn (Rh\u00e9nanie-du-Nord-Westphalie) a trouv\u00e9 son bonheur \u00e0 Kirkel gr\u00e2ce \u00e0 son contact avec la soci\u00e9t\u00e9 de promotion \u00e9conomique de la Sarre gwSaar. Elle y a repris les anciens b\u00e2timents logistiques de l\u2019usine de pneumatiques Michelin, y compris le terrain. Viega compte investir 150 millions d\u2019euros dans la construction du nouveau site. \u00ab Afin de pouvoir continuer notre \u00e9volution, nous avons besoin de capacit\u00e9s de production suppl\u00e9mentaires \u00bb, explique M. Markus Brettschneider, PDG de Viega Group. C\u2019est tout particuli\u00e8rement dans son activit\u00e9 principale, \u00e0 savoir les raccords \u00e0 sertir en m\u00e9tal pour les domaines des sanitaires et du chauffage, que la demande continue son envol\u00e9e malgr\u00e9 les d\u00e9fis conjoncturels.<\/p>\n<p><strong>Venu pour rester<br \/>\n<\/strong>Lors de sa recherche d\u2019un site appropri\u00e9, Viega Group s\u2019est finalement d\u00e9cid\u00e9 pour la Sarre apr\u00e8s avoir compar\u00e9 des sites potentiels dans toute l\u2019Allemagne\u00a0: ce qui a finalement fait pencher la balance, c\u2019est avant tout le grand potentiel de main-d\u2019\u0153uvre qualifi\u00e9e\u00a0\u2013 principalement dans la branche de la m\u00e9tallurgie\u00a0\u2013 ainsi que l\u2019emplacement id\u00e9alement desservi avec acc\u00e8s direct \u00e0 l\u2019autoroute. Divers aspects ont jusqu\u2019ici positivement contribu\u00e9 \u00e0 la r\u00e9alisation de l\u2019implantation\u00a0: les visions claires et les chemins de d\u00e9cision rapides c\u00f4t\u00e9 Viega, l\u2019esprit de coop\u00e9ration de Michelin, la fonction d\u2019interm\u00e9diaire et la disponibilit\u00e9 de terrains c\u00f4t\u00e9 gwSaar ainsi que les voies de concertation courtes entre le niveau communal et le niveau r\u00e9gional.<br \/>\nEn vue de l\u2019\u00e9volution \u00e0 venir, l\u2019entreprise vise une extension du site. Dans cet objectif, elle pr\u00e9voit l\u2019achat de terrains voisins d\u00e9tenus actuellement par le Land.<\/p>\n<p>&nbsp;<\/p>\n<p><strong>Voix de la Sarre<\/strong><\/p>\n<p>Mme Anke Rehlinger, ministre-pr\u00e9sidente de la Sarre, se r\u00e9jouit\u00a0: \u00ab\u00a0C\u2019est l\u00e0 un beau succ\u00e8s qui apportera des postes de travail en Sarre dans des temps difficiles. Cette implantation montre que le site de la Sarre est extr\u00eamement attrayant. L\u2019investissement de VIEGA permet le nouveau d\u00e9veloppement d\u2019un terrain existant, ce qui est porteur d\u2019avenir.\u00a0\u00bb<\/p>\n<p>J\u00fcrgen Barke, ministre de l\u2019\u00c9conomie, a qualifi\u00e9 l\u2019implantation de \u00ab\u00a0grand succ\u00e8s\u00a0\u00bb qui aidera \u00e0 rendre le site plus robuste et plus diversifi\u00e9. \u00ab\u00a0Je remercie les deux directions d\u2019entreprise de Viega et Michelin pour leur contribution constructive et tout particuli\u00e8rement l\u2019\u00e9quipe de gwSaar pour sa gestion hautement professionnelle de l\u2019implantation. Ce succ\u00e8s prouve que la politique d\u2019occupation des sols visionnaire du gouvernement du Land est sur la bonne voie afin d\u2019offrir une place forte \u00e0 la Sarre sur le plan du concours national afin d\u2019attirer des entreprises d\u00e9sireuses de s\u2019implanter.\u00a0\u00bb<\/p>\n<p>Thomas Schuck, PDG de la soci\u00e9t\u00e9 de promotion \u00e9conomique de la Sarre gwSaar : \u00ab Le projet planifi\u00e9 par Viega c\u2019est un succ\u00e8s de la politique d\u2019implantation sarroise dans son ensemble et en m\u00eame temps de l\u2019approche active et la prise de contact de la gwSaar avec les entreprises d\u00e9sireuses de s\u2019implanter. C\u2019est via l\u2019offre de brownfield de la gwSaar en combinaison avec le terrain et le bien immobilier existant de Michelin que Viega a trouv\u00e9 le site souhait\u00e9 pour le projet pr\u00e9vu. Je me r\u00e9jouis que l\u2019engagement commun de toutes les personnes impliqu\u00e9es en faveur de la Sarre en tant qu\u2019emplacement \u00e9conomique et industriel a port\u00e9 ses fruits. \u00bb<\/p>\n<p>&nbsp;<\/p>\n<p>Avant sa vente \u00e0 Viega, l\u2019entrep\u00f4t de Michelin \u00e0 Kirkel servait aux besoins logistiques de la production de pneumatiques neufs. Au site de Hombourg, Michelin continuera de se concentrer sur le rechapage de pneumatiques pour poids-lourds et sur le traitement de puces RFID.<\/p>\n<p><a href=\"http:\/\/www.michelin.com\">www.michelin.com<\/a><\/p>\n<p><a href=\"https:\/\/u7061146.ct.sendgrid.net\/ls\/click?upn=u001.gqh-2BaxUzlo7XKIuSly0rCwBL9njl1hsnMxPrfaWbYDZNmW-2Bi4t18AX-2BUgNApx4JWY1Od_b-2BTvzGoCot69w5CrUH-2FS1d-2BHcEl3ubcP-2FWZVx6TrCooWXgrwT4w-2FO51tWwk2QIx5q3UYwOPP5XGBc3WYa20HV6JBFggKPBWV3bzdaOwGZBOBmEM4SpYoCieyNhgaH0aNzpvEAzpaz5lRX6aspfhBCHb-2B27TwA1Y8KhpOpLGXw6NA-2FU5tjggIrquQlZhbwZ9GJCC1Cyjvr-2BCcOIOwU8I9b0WJQpYHjFcMotpGfAfd9dL-2F-2B3U6ijV8bqVWmN170b-2FQS4JwFlseBiNgWjR9qtUsnfKm6Nudtrl1eLLXk5koAotf9XcrvuqqjvxFf0uMW-2Bb-2B-2B9n-2Fcg9-2BIEVyDD1Th4VWfH90HNrUwAmha-2FLzuNhd8tw-3D\">www.viega.com<\/a><\/p>\n","protected":false},"excerpt":{"rendered":"<p>Kirkel devient le nouveau site d\u2019un leader mondial issu de la r\u00e9gion du Sauerland Entreprise<\/p>\n","protected":false},"author":7,"featured_media":0,"comment_status":"closed","ping_status":"closed","sticky":false,"template":"","format":"standard","meta":{"_acf_changed":false,"footnotes":""},"categories":[3],"tags":[],"class_list":["post-25965","post","type-post","status-publish","format-standard","hentry","category-generale"],"acf":[],"yoast_head":"<!-- This site is optimized with the Yoast SEO plugin v27.4 - https:\/\/yoast.com\/product\/yoast-seo-wordpress\/ -->\n<title>Kirkel devient le nouveau site d\u2019un leader mondial issu de la r\u00e9gion du Sauerland - SHS | Strukturholding Saar<\/title>\n<meta name=\"robots\" content=\"index, follow, max-snippet:-1, max-image-preview:large, max-video-preview:-1\" \/>\n<link rel=\"canonical\" href=\"https:\/\/www.strukturholding.de\/fr\/kirkel-devient-le-nouveau-site-dun-leader-mondial-issu-de-la-region-du-sauerland\/\" \/>\n<meta property=\"og:locale\" content=\"fr_FR\" \/>\n<meta property=\"og:type\" content=\"article\" \/>\n<meta property=\"og:title\" content=\"Kirkel devient le nouveau site d\u2019un leader mondial issu de la r\u00e9gion du Sauerland - SHS | Strukturholding Saar\" \/>\n<meta property=\"og:description\" content=\"Kirkel devient le nouveau site d\u2019un leader mondial issu de la r\u00e9gion du Sauerland Entreprise\" \/>\n<meta property=\"og:url\" content=\"https:\/\/www.strukturholding.de\/fr\/kirkel-devient-le-nouveau-site-dun-leader-mondial-issu-de-la-region-du-sauerland\/\" \/>\n<meta property=\"og:site_name\" content=\"SHS | Strukturholding Saar\" \/>\n<meta property=\"article:published_time\" content=\"2025-05-14T12:58:58+00:00\" \/>\n<meta property=\"og:image\" content=\"https:\/\/www.strukturholding.de\/wp-content\/uploads\/2016\/10\/og_image_strukturholding.jpg\" \/>\n\t<meta property=\"og:image:width\" content=\"1200\" \/>\n\t<meta property=\"og:image:height\" content=\"630\" \/>\n\t<meta property=\"og:image:type\" content=\"image\/jpeg\" \/>\n<meta name=\"author\" content=\"roseburgard\" \/>\n<meta name=\"twitter:label1\" content=\"\u00c9crit par\" \/>\n\t<meta name=\"twitter:data1\" content=\"roseburgard\" \/>\n\t<meta name=\"twitter:label2\" content=\"Dur\u00e9e de lecture estim\u00e9e\" \/>\n\t<meta name=\"twitter:data2\" content=\"4 minutes\" \/>\n<script type=\"application\/ld+json\" class=\"yoast-schema-graph\">{\"@context\":\"https:\\\/\\\/schema.org\",\"@graph\":[{\"@type\":\"Article\",\"@id\":\"https:\\\/\\\/www.strukturholding.de\\\/fr\\\/kirkel-devient-le-nouveau-site-dun-leader-mondial-issu-de-la-region-du-sauerland\\\/#article\",\"isPartOf\":{\"@id\":\"https:\\\/\\\/www.strukturholding.de\\\/fr\\\/kirkel-devient-le-nouveau-site-dun-leader-mondial-issu-de-la-region-du-sauerland\\\/\"},\"author\":{\"name\":\"roseburgard\",\"@id\":\"https:\\\/\\\/www.strukturholding.de\\\/#\\\/schema\\\/person\\\/6de28da221fc7edc231f999716e955c5\"},\"headline\":\"Kirkel devient le nouveau site d\u2019un leader mondial issu de la r\u00e9gion du Sauerland\",\"datePublished\":\"2025-05-14T12:58:58+00:00\",\"mainEntityOfPage\":{\"@id\":\"https:\\\/\\\/www.strukturholding.de\\\/fr\\\/kirkel-devient-le-nouveau-site-dun-leader-mondial-issu-de-la-region-du-sauerland\\\/\"},\"wordCount\":761,\"articleSection\":[\"G\u00e9n\u00e9ral\"],\"inLanguage\":\"fr-FR\"},{\"@type\":\"WebPage\",\"@id\":\"https:\\\/\\\/www.strukturholding.de\\\/fr\\\/kirkel-devient-le-nouveau-site-dun-leader-mondial-issu-de-la-region-du-sauerland\\\/\",\"url\":\"https:\\\/\\\/www.strukturholding.de\\\/fr\\\/kirkel-devient-le-nouveau-site-dun-leader-mondial-issu-de-la-region-du-sauerland\\\/\",\"name\":\"Kirkel devient le nouveau site d\u2019un leader mondial issu de la r\u00e9gion du Sauerland - SHS | Strukturholding Saar\",\"isPartOf\":{\"@id\":\"https:\\\/\\\/www.strukturholding.de\\\/#website\"},\"datePublished\":\"2025-05-14T12:58:58+00:00\",\"author\":{\"@id\":\"https:\\\/\\\/www.strukturholding.de\\\/#\\\/schema\\\/person\\\/6de28da221fc7edc231f999716e955c5\"},\"breadcrumb\":{\"@id\":\"https:\\\/\\\/www.strukturholding.de\\\/fr\\\/kirkel-devient-le-nouveau-site-dun-leader-mondial-issu-de-la-region-du-sauerland\\\/#breadcrumb\"},\"inLanguage\":\"fr-FR\",\"potentialAction\":[{\"@type\":\"ReadAction\",\"target\":[\"https:\\\/\\\/www.strukturholding.de\\\/fr\\\/kirkel-devient-le-nouveau-site-dun-leader-mondial-issu-de-la-region-du-sauerland\\\/\"]}]},{\"@type\":\"BreadcrumbList\",\"@id\":\"https:\\\/\\\/www.strukturholding.de\\\/fr\\\/kirkel-devient-le-nouveau-site-dun-leader-mondial-issu-de-la-region-du-sauerland\\\/#breadcrumb\",\"itemListElement\":[{\"@type\":\"ListItem\",\"position\":1,\"name\":\"Startseite\",\"item\":\"https:\\\/\\\/www.strukturholding.de\\\/fr\\\/\"},{\"@type\":\"ListItem\",\"position\":2,\"name\":\"Kirkel devient le nouveau site d\u2019un leader mondial issu de la r\u00e9gion du Sauerland\"}]},{\"@type\":\"WebSite\",\"@id\":\"https:\\\/\\\/www.strukturholding.de\\\/#website\",\"url\":\"https:\\\/\\\/www.strukturholding.de\\\/\",\"name\":\"SHS | Strukturholding Saar\",\"description\":\"\",\"potentialAction\":[{\"@type\":\"SearchAction\",\"target\":{\"@type\":\"EntryPoint\",\"urlTemplate\":\"https:\\\/\\\/www.strukturholding.de\\\/?s={search_term_string}\"},\"query-input\":{\"@type\":\"PropertyValueSpecification\",\"valueRequired\":true,\"valueName\":\"search_term_string\"}}],\"inLanguage\":\"fr-FR\"},{\"@type\":\"Person\",\"@id\":\"https:\\\/\\\/www.strukturholding.de\\\/#\\\/schema\\\/person\\\/6de28da221fc7edc231f999716e955c5\",\"name\":\"roseburgard\",\"url\":\"https:\\\/\\\/www.strukturholding.de\\\/fr\\\/author\\\/rose\\\/\"}]}<\/script>\n<!-- \/ Yoast SEO plugin. -->","yoast_head_json":{"title":"Kirkel devient le nouveau site d\u2019un leader mondial issu de la r\u00e9gion du Sauerland - SHS | Strukturholding Saar","robots":{"index":"index","follow":"follow","max-snippet":"max-snippet:-1","max-image-preview":"max-image-preview:large","max-video-preview":"max-video-preview:-1"},"canonical":"https:\/\/www.strukturholding.de\/fr\/kirkel-devient-le-nouveau-site-dun-leader-mondial-issu-de-la-region-du-sauerland\/","og_locale":"fr_FR","og_type":"article","og_title":"Kirkel devient le nouveau site d\u2019un leader mondial issu de la r\u00e9gion du Sauerland - SHS | Strukturholding Saar","og_description":"Kirkel devient le nouveau site d\u2019un leader mondial issu de la r\u00e9gion du Sauerland Entreprise","og_url":"https:\/\/www.strukturholding.de\/fr\/kirkel-devient-le-nouveau-site-dun-leader-mondial-issu-de-la-region-du-sauerland\/","og_site_name":"SHS | Strukturholding Saar","article_published_time":"2025-05-14T12:58:58+00:00","og_image":[{"width":1200,"height":630,"url":"https:\/\/www.strukturholding.de\/wp-content\/uploads\/2016\/10\/og_image_strukturholding.jpg","type":"image\/jpeg"}],"author":"roseburgard","twitter_misc":{"\u00c9crit par":"roseburgard","Dur\u00e9e de lecture estim\u00e9e":"4 minutes"},"schema":{"@context":"https:\/\/schema.org","@graph":[{"@type":"Article","@id":"https:\/\/www.strukturholding.de\/fr\/kirkel-devient-le-nouveau-site-dun-leader-mondial-issu-de-la-region-du-sauerland\/#article","isPartOf":{"@id":"https:\/\/www.strukturholding.de\/fr\/kirkel-devient-le-nouveau-site-dun-leader-mondial-issu-de-la-region-du-sauerland\/"},"author":{"name":"roseburgard","@id":"https:\/\/www.strukturholding.de\/#\/schema\/person\/6de28da221fc7edc231f999716e955c5"},"headline":"Kirkel devient le nouveau site d\u2019un leader mondial issu de la r\u00e9gion du Sauerland","datePublished":"2025-05-14T12:58:58+00:00","mainEntityOfPage":{"@id":"https:\/\/www.strukturholding.de\/fr\/kirkel-devient-le-nouveau-site-dun-leader-mondial-issu-de-la-region-du-sauerland\/"},"wordCount":761,"articleSection":["G\u00e9n\u00e9ral"],"inLanguage":"fr-FR"},{"@type":"WebPage","@id":"https:\/\/www.strukturholding.de\/fr\/kirkel-devient-le-nouveau-site-dun-leader-mondial-issu-de-la-region-du-sauerland\/","url":"https:\/\/www.strukturholding.de\/fr\/kirkel-devient-le-nouveau-site-dun-leader-mondial-issu-de-la-region-du-sauerland\/","name":"Kirkel devient le nouveau site d\u2019un leader mondial issu de la r\u00e9gion du Sauerland - SHS | Strukturholding Saar","isPartOf":{"@id":"https:\/\/www.strukturholding.de\/#website"},"datePublished":"2025-05-14T12:58:58+00:00","author":{"@id":"https:\/\/www.strukturholding.de\/#\/schema\/person\/6de28da221fc7edc231f999716e955c5"},"breadcrumb":{"@id":"https:\/\/www.strukturholding.de\/fr\/kirkel-devient-le-nouveau-site-dun-leader-mondial-issu-de-la-region-du-sauerland\/#breadcrumb"},"inLanguage":"fr-FR","potentialAction":[{"@type":"ReadAction","target":["https:\/\/www.strukturholding.de\/fr\/kirkel-devient-le-nouveau-site-dun-leader-mondial-issu-de-la-region-du-sauerland\/"]}]},{"@type":"BreadcrumbList","@id":"https:\/\/www.strukturholding.de\/fr\/kirkel-devient-le-nouveau-site-dun-leader-mondial-issu-de-la-region-du-sauerland\/#breadcrumb","itemListElement":[{"@type":"ListItem","position":1,"name":"Startseite","item":"https:\/\/www.strukturholding.de\/fr\/"},{"@type":"ListItem","position":2,"name":"Kirkel devient le nouveau site d\u2019un leader mondial issu de la r\u00e9gion du Sauerland"}]},{"@type":"WebSite","@id":"https:\/\/www.strukturholding.de\/#website","url":"https:\/\/www.strukturholding.de\/","name":"SHS | Strukturholding Saar","description":"","potentialAction":[{"@type":"SearchAction","target":{"@type":"EntryPoint","urlTemplate":"https:\/\/www.strukturholding.de\/?s={search_term_string}"},"query-input":{"@type":"PropertyValueSpecification","valueRequired":true,"valueName":"search_term_string"}}],"inLanguage":"fr-FR"},{"@type":"Person","@id":"https:\/\/www.strukturholding.de\/#\/schema\/person\/6de28da221fc7edc231f999716e955c5","name":"roseburgard","url":"https:\/\/www.strukturholding.de\/fr\/author\/rose\/"}]}},"_links":{"self":[{"href":"https:\/\/www.strukturholding.de\/fr\/wp-json\/wp\/v2\/posts\/25965","targetHints":{"allow":["GET"]}}],"collection":[{"href":"https:\/\/www.strukturholding.de\/fr\/wp-json\/wp\/v2\/posts"}],"about":[{"href":"https:\/\/www.strukturholding.de\/fr\/wp-json\/wp\/v2\/types\/post"}],"author":[{"embeddable":true,"href":"https:\/\/www.strukturholding.de\/fr\/wp-json\/wp\/v2\/users\/7"}],"replies":[{"embeddable":true,"href":"https:\/\/www.strukturholding.de\/fr\/wp-json\/wp\/v2\/comments?post=25965"}],"version-history":[{"count":3,"href":"https:\/\/www.strukturholding.de\/fr\/wp-json\/wp\/v2\/posts\/25965\/revisions"}],"predecessor-version":[{"id":25968,"href":"https:\/\/www.strukturholding.de\/fr\/wp-json\/wp\/v2\/posts\/25965\/revisions\/25968"}],"wp:attachment":[{"href":"https:\/\/www.strukturholding.de\/fr\/wp-json\/wp\/v2\/media?parent=25965"}],"wp:term":[{"taxonomy":"category","embeddable":true,"href":"https:\/\/www.strukturholding.de\/fr\/wp-json\/wp\/v2\/categories?post=25965"},{"taxonomy":"post_tag","embeddable":true,"href":"https:\/\/www.strukturholding.de\/fr\/wp-json\/wp\/v2\/tags?post=25965"}],"curies":[{"name":"wp","href":"https:\/\/api.w.org\/{rel}","templated":true}]}}