{"id":25813,"date":"2025-03-25T13:57:26","date_gmt":"2025-03-25T12:57:26","guid":{"rendered":"https:\/\/www.strukturholding.de\/?p=25813"},"modified":"2025-03-25T13:57:26","modified_gmt":"2025-03-25T12:57:26","slug":"le-coworking-en-zone-rurale-coup-denvoi-pour-trois-communes-sarroises","status":"publish","type":"post","link":"https:\/\/www.strukturholding.de\/fr\/le-coworking-en-zone-rurale-coup-denvoi-pour-trois-communes-sarroises\/","title":{"rendered":"\u00ab\u00a0Le coworking en zone rurale\u00a0\u00bb\u00a0: Coup d\u2019envoi pour trois communes sarroises"},"content":{"rendered":"<h1><strong>\u00ab\u00a0Le coworking en zone rurale\u00a0\u00bb\u00a0:<br \/>\nCl\u00f4ture de la phase pilote et coup d\u2019envoi pour trois communes sarroises <\/strong><\/h1>\n<p><strong>Le 21 mars, le secr\u00e9taire d\u2019\u00c9tat \u00e0 l\u2019environnement M. Sebastian Thul, le maire de R\u00e9hling-Sierbourg M. Joshua Pawlak et la PDG de la soci\u00e9t\u00e9 saarland innovation und standort GmbH (saaris) Mme Rita Gindorf-Wagner ont pr\u00e9sent\u00e9 les r\u00e9sultats du projet pilote <\/strong><strong><em>\u00ab\u00a0co:working66\u00a0\u2013 cr\u00e9er.local.ensemble\u00a0\u00bb<\/em><\/strong><strong>. Ce projet a \u00e9t\u00e9 mis en pratique par saaris \u00e0 Blieskastel, Marpange et R\u00e9hling-Sierbourg. La phase pilote a rencontr\u00e9 un franc succ\u00e8s et, apr\u00e8s sa cl\u00f4ture, le coup d\u2019envoi a maintenant \u00e9t\u00e9 donn\u00e9 pour une mise en place dans l\u2019ensemble de la Sarre. Ce projet a en effet pour objectif de permettre le coworking \u00e9galement dans les zones rurales. <\/strong><\/p>\n<p>Au cours de son travail de projet, l\u2019\u00e9quipe de saaris a transform\u00e9 les trois communes pilotes, de fa\u00e7on mod\u00e9lis\u00e9e, en des emplacements de coworking dynamiques et elle a \u00e9labor\u00e9 des lignes directrices pour la mise en \u0153uvre dans d\u2019autres communes. Dans ce cadre, l\u2019\u00e9quipe a r\u00e9alis\u00e9 en deux ans toutes sortes de travaux pr\u00e9paratoires\u00a0: depuis l\u2019identification des besoins et des structures d\u2019entreprises jusqu\u2019\u00e0 l\u2019examen de la rentabilit\u00e9 et du financement en passant par la visite de biens fonciers.<\/p>\n<p>De plus, il a \u00e9galement fallu se pencher sur la sensibilisation des personnes \u00e0 ce sujet ainsi que sur leur mise en r\u00e9seau avec les communaut\u00e9s locales. Ainsi, les structures en place ont \u00e9t\u00e9 renforc\u00e9es et de nombreuses personnes ont pu \u00eatre enthousiasm\u00e9es pour cette forme de travail porteuse d\u2019avenir. Enfin et surtout, la collaboration entre les communes, les entreprises, les travailleurs ind\u00e9pendants et les initiatives a d\u00e9montr\u00e9 de fa\u00e7on impressionnante tout le potentiel derri\u00e8re ce d\u00e9veloppement ainsi que la mise sur pied des nouveaux emplacements.<\/p>\n<p>Les communes pilotes de Marpange et de R\u00e9hling-Sierbourg commencent maintenant la mise en \u0153uvre et l\u2019\u00e9tablissement d\u2019offres correspondantes.<\/p>\n<p>&nbsp;<\/p>\n<p><strong>D\u00e9clarations\u00a0:<\/strong><\/p>\n<p>Sebastian Thul, secr\u00e9taire d\u2019\u00c9tat \u00e0 l\u2019environnement, au climat, \u00e0 la mobilit\u00e9, \u00e0 l\u2019agriculture et \u00e0 la protection des consommateurs\u00a0: \u00ab\u00a0Les espaces de coworking sont pris\u00e9s tout particuli\u00e8rement dans les grandes villes aux nombreux habitants. En zone rurale, on aspire cependant aussi \u00e0 de tels postes de travail flexibles, comme le d\u00e9montrent les enqu\u00eates. Avec le projet pilote \u00ab\u00a0Le coworking rural en Sarre\u00a0\u00bb nous nous sommes attel\u00e9s il y a deux ans \u00e0 cr\u00e9er de tels endroits aussi en dehors des centres urbains.\u00a0\u00bb<\/p>\n<p>Mme Rita Gindorf-Wagner, PDG de saaris\u00a0: Cela fait longtemps que le \u00ab\u00a0coworking\u00a0\u2013 le travail commun dans des espaces utilisables de mani\u00e8re flexible\u00a0\u2013 est bien plus qu\u2019une tendance des m\u00e9tropoles et il offre de grandes opportunit\u00e9s justement aux zones rurales\u00a0: il relie un travail num\u00e9rique moderne avec un enracinement r\u00e9gional, il cr\u00e9e de nouveaux r\u00e9seaux et favorise des innovations directement sur place.\u00a0\u00bb Puis d\u2019ajouter\u00a0: \u00ab\u00a0Et surtout, le coworking offre la possibilit\u00e9 de travailler proche du lieu de r\u00e9sidence, de r\u00e9duire les temps de d\u00e9placement tout en profitant d\u2019un environnement de travail inspirant.\u00a0\u00bb<\/p>\n<p>Joshua Pawlak, maire de R\u00e9hling-Sierbourg\u00a0: \u00ab\u00a0Je me r\u00e9jouis que le projet pilote de coworking sera maintenant mis en pratique \u00e0 R\u00e9hling-Sierbourg. Il offre des opportunit\u00e9s sur bien des points de vue\u00a0: aussi bien pour une collaboration suprar\u00e9gionale, interculturelle et interg\u00e9n\u00e9rationnelle que, naturellement, pour le renforcement de l\u2019\u00e9conomie locale\u00a0\u00bb souligne M. Pawlak. \u00ab\u00a0Ma vision est d\u2019avoir ici sur place une communaut\u00e9 dynamique de personnes cr\u00e9atives, de travailleurs ind\u00e9pendants et d\u2019entreprises. C\u2019est ce qui va maintenant pendre forme et je ne peux que m\u2019en f\u00e9liciter.\u00a0\u00bb<\/p>\n<p>Toutes les personnes participantes en sont convaincues\u00a0: de nouveaux lieux de travail communs et locaux contribueront au renforcement des communes rurales en tant que lieux de r\u00e9sidence et sites commerciaux dans le cadre d\u2019un d\u00e9veloppement r\u00e9gional durable, ils accentueront l\u2019attractivit\u00e9 de la Sarre en tant que lieu de vie, emplacement \u00e9conomique et lieu de travail et ils augmenteront ainsi l\u2019attractivit\u00e9 et la viabilit\u00e9 des communes sarroises.<\/p>\n<p>\u00ab\u00a0co:working66\u00a0\u00bb d\u00e9signe des lieux de travail commun (\u00ab\u00a0co\u00a0\u00bb \u00ab\u00a0working\u00a0\u00bb) en zone rurale de la Sarre (\u00ab\u00a066\u00a0\u00bb).<\/p>\n<p>Retrouvez toutes les informations concernant le projet ainsi que la brochure du projet \u00e0 t\u00e9l\u00e9charger sous\u00a0: <a href=\"http:\/\/www.coworking.saarland\/\">www.coworking.saarland<\/a><\/p>\n","protected":false},"excerpt":{"rendered":"<p>\u00ab\u00a0Le coworking en zone rurale\u00a0\u00bb\u00a0: Cl\u00f4ture de la phase pilote et coup d\u2019envoi pour trois<\/p>\n","protected":false},"author":7,"featured_media":0,"comment_status":"closed","ping_status":"closed","sticky":false,"template":"","format":"standard","meta":{"_acf_changed":false,"footnotes":""},"categories":[3],"tags":[],"class_list":["post-25813","post","type-post","status-publish","format-standard","hentry","category-generale"],"acf":[],"yoast_head":"<!-- This site is optimized with the Yoast SEO plugin v27.4 - https:\/\/yoast.com\/product\/yoast-seo-wordpress\/ -->\n<title>\u00ab\u00a0Le coworking en zone rurale\u00a0\u00bb\u00a0: Coup d\u2019envoi pour trois communes sarroises - SHS | Strukturholding Saar<\/title>\n<meta name=\"robots\" content=\"index, follow, max-snippet:-1, max-image-preview:large, max-video-preview:-1\" \/>\n<link rel=\"canonical\" href=\"https:\/\/www.strukturholding.de\/fr\/le-coworking-en-zone-rurale-coup-denvoi-pour-trois-communes-sarroises\/\" \/>\n<meta property=\"og:locale\" content=\"fr_FR\" \/>\n<meta property=\"og:type\" content=\"article\" \/>\n<meta property=\"og:title\" content=\"\u00ab\u00a0Le coworking en zone rurale\u00a0\u00bb\u00a0: Coup d\u2019envoi pour trois communes sarroises - SHS | Strukturholding Saar\" \/>\n<meta property=\"og:description\" content=\"\u00ab\u00a0Le coworking en zone rurale\u00a0\u00bb\u00a0: Cl\u00f4ture de la phase pilote et coup d\u2019envoi pour trois\" \/>\n<meta property=\"og:url\" content=\"https:\/\/www.strukturholding.de\/fr\/le-coworking-en-zone-rurale-coup-denvoi-pour-trois-communes-sarroises\/\" \/>\n<meta property=\"og:site_name\" content=\"SHS | Strukturholding Saar\" \/>\n<meta property=\"article:published_time\" content=\"2025-03-25T12:57:26+00:00\" \/>\n<meta property=\"og:image\" content=\"https:\/\/www.strukturholding.de\/wp-content\/uploads\/2016\/10\/og_image_strukturholding.jpg\" \/>\n\t<meta property=\"og:image:width\" content=\"1200\" \/>\n\t<meta property=\"og:image:height\" content=\"630\" \/>\n\t<meta property=\"og:image:type\" content=\"image\/jpeg\" \/>\n<meta name=\"author\" content=\"roseburgard\" \/>\n<meta name=\"twitter:label1\" content=\"\u00c9crit par\" \/>\n\t<meta name=\"twitter:data1\" content=\"roseburgard\" \/>\n\t<meta name=\"twitter:label2\" content=\"Dur\u00e9e de lecture estim\u00e9e\" \/>\n\t<meta name=\"twitter:data2\" content=\"4 minutes\" \/>\n<script type=\"application\/ld+json\" class=\"yoast-schema-graph\">{\"@context\":\"https:\\\/\\\/schema.org\",\"@graph\":[{\"@type\":\"Article\",\"@id\":\"https:\\\/\\\/www.strukturholding.de\\\/fr\\\/le-coworking-en-zone-rurale-coup-denvoi-pour-trois-communes-sarroises\\\/#article\",\"isPartOf\":{\"@id\":\"https:\\\/\\\/www.strukturholding.de\\\/fr\\\/le-coworking-en-zone-rurale-coup-denvoi-pour-trois-communes-sarroises\\\/\"},\"author\":{\"name\":\"roseburgard\",\"@id\":\"https:\\\/\\\/www.strukturholding.de\\\/#\\\/schema\\\/person\\\/6de28da221fc7edc231f999716e955c5\"},\"headline\":\"\u00ab\u00a0Le coworking en zone rurale\u00a0\u00bb\u00a0: Coup d\u2019envoi pour trois communes sarroises\",\"datePublished\":\"2025-03-25T12:57:26+00:00\",\"mainEntityOfPage\":{\"@id\":\"https:\\\/\\\/www.strukturholding.de\\\/fr\\\/le-coworking-en-zone-rurale-coup-denvoi-pour-trois-communes-sarroises\\\/\"},\"wordCount\":750,\"articleSection\":[\"G\u00e9n\u00e9ral\"],\"inLanguage\":\"fr-FR\"},{\"@type\":\"WebPage\",\"@id\":\"https:\\\/\\\/www.strukturholding.de\\\/fr\\\/le-coworking-en-zone-rurale-coup-denvoi-pour-trois-communes-sarroises\\\/\",\"url\":\"https:\\\/\\\/www.strukturholding.de\\\/fr\\\/le-coworking-en-zone-rurale-coup-denvoi-pour-trois-communes-sarroises\\\/\",\"name\":\"\u00ab\u00a0Le coworking en zone rurale\u00a0\u00bb\u00a0: Coup d\u2019envoi pour trois communes sarroises - SHS | Strukturholding Saar\",\"isPartOf\":{\"@id\":\"https:\\\/\\\/www.strukturholding.de\\\/#website\"},\"datePublished\":\"2025-03-25T12:57:26+00:00\",\"author\":{\"@id\":\"https:\\\/\\\/www.strukturholding.de\\\/#\\\/schema\\\/person\\\/6de28da221fc7edc231f999716e955c5\"},\"breadcrumb\":{\"@id\":\"https:\\\/\\\/www.strukturholding.de\\\/fr\\\/le-coworking-en-zone-rurale-coup-denvoi-pour-trois-communes-sarroises\\\/#breadcrumb\"},\"inLanguage\":\"fr-FR\",\"potentialAction\":[{\"@type\":\"ReadAction\",\"target\":[\"https:\\\/\\\/www.strukturholding.de\\\/fr\\\/le-coworking-en-zone-rurale-coup-denvoi-pour-trois-communes-sarroises\\\/\"]}]},{\"@type\":\"BreadcrumbList\",\"@id\":\"https:\\\/\\\/www.strukturholding.de\\\/fr\\\/le-coworking-en-zone-rurale-coup-denvoi-pour-trois-communes-sarroises\\\/#breadcrumb\",\"itemListElement\":[{\"@type\":\"ListItem\",\"position\":1,\"name\":\"Startseite\",\"item\":\"https:\\\/\\\/www.strukturholding.de\\\/fr\\\/\"},{\"@type\":\"ListItem\",\"position\":2,\"name\":\"\u00ab\u00a0Le coworking en zone rurale\u00a0\u00bb\u00a0: Coup d\u2019envoi pour trois communes sarroises\"}]},{\"@type\":\"WebSite\",\"@id\":\"https:\\\/\\\/www.strukturholding.de\\\/#website\",\"url\":\"https:\\\/\\\/www.strukturholding.de\\\/\",\"name\":\"SHS | Strukturholding Saar\",\"description\":\"\",\"potentialAction\":[{\"@type\":\"SearchAction\",\"target\":{\"@type\":\"EntryPoint\",\"urlTemplate\":\"https:\\\/\\\/www.strukturholding.de\\\/?s={search_term_string}\"},\"query-input\":{\"@type\":\"PropertyValueSpecification\",\"valueRequired\":true,\"valueName\":\"search_term_string\"}}],\"inLanguage\":\"fr-FR\"},{\"@type\":\"Person\",\"@id\":\"https:\\\/\\\/www.strukturholding.de\\\/#\\\/schema\\\/person\\\/6de28da221fc7edc231f999716e955c5\",\"name\":\"roseburgard\",\"url\":\"https:\\\/\\\/www.strukturholding.de\\\/fr\\\/author\\\/rose\\\/\"}]}<\/script>\n<!-- \/ Yoast SEO plugin. -->","yoast_head_json":{"title":"\u00ab\u00a0Le coworking en zone rurale\u00a0\u00bb\u00a0: Coup d\u2019envoi pour trois communes sarroises - SHS | Strukturholding Saar","robots":{"index":"index","follow":"follow","max-snippet":"max-snippet:-1","max-image-preview":"max-image-preview:large","max-video-preview":"max-video-preview:-1"},"canonical":"https:\/\/www.strukturholding.de\/fr\/le-coworking-en-zone-rurale-coup-denvoi-pour-trois-communes-sarroises\/","og_locale":"fr_FR","og_type":"article","og_title":"\u00ab\u00a0Le coworking en zone rurale\u00a0\u00bb\u00a0: Coup d\u2019envoi pour trois communes sarroises - SHS | Strukturholding Saar","og_description":"\u00ab\u00a0Le coworking en zone rurale\u00a0\u00bb\u00a0: Cl\u00f4ture de la phase pilote et coup d\u2019envoi pour trois","og_url":"https:\/\/www.strukturholding.de\/fr\/le-coworking-en-zone-rurale-coup-denvoi-pour-trois-communes-sarroises\/","og_site_name":"SHS | Strukturholding Saar","article_published_time":"2025-03-25T12:57:26+00:00","og_image":[{"width":1200,"height":630,"url":"https:\/\/www.strukturholding.de\/wp-content\/uploads\/2016\/10\/og_image_strukturholding.jpg","type":"image\/jpeg"}],"author":"roseburgard","twitter_misc":{"\u00c9crit par":"roseburgard","Dur\u00e9e de lecture estim\u00e9e":"4 minutes"},"schema":{"@context":"https:\/\/schema.org","@graph":[{"@type":"Article","@id":"https:\/\/www.strukturholding.de\/fr\/le-coworking-en-zone-rurale-coup-denvoi-pour-trois-communes-sarroises\/#article","isPartOf":{"@id":"https:\/\/www.strukturholding.de\/fr\/le-coworking-en-zone-rurale-coup-denvoi-pour-trois-communes-sarroises\/"},"author":{"name":"roseburgard","@id":"https:\/\/www.strukturholding.de\/#\/schema\/person\/6de28da221fc7edc231f999716e955c5"},"headline":"\u00ab\u00a0Le coworking en zone rurale\u00a0\u00bb\u00a0: Coup d\u2019envoi pour trois communes sarroises","datePublished":"2025-03-25T12:57:26+00:00","mainEntityOfPage":{"@id":"https:\/\/www.strukturholding.de\/fr\/le-coworking-en-zone-rurale-coup-denvoi-pour-trois-communes-sarroises\/"},"wordCount":750,"articleSection":["G\u00e9n\u00e9ral"],"inLanguage":"fr-FR"},{"@type":"WebPage","@id":"https:\/\/www.strukturholding.de\/fr\/le-coworking-en-zone-rurale-coup-denvoi-pour-trois-communes-sarroises\/","url":"https:\/\/www.strukturholding.de\/fr\/le-coworking-en-zone-rurale-coup-denvoi-pour-trois-communes-sarroises\/","name":"\u00ab\u00a0Le coworking en zone rurale\u00a0\u00bb\u00a0: Coup d\u2019envoi pour trois communes sarroises - SHS | Strukturholding Saar","isPartOf":{"@id":"https:\/\/www.strukturholding.de\/#website"},"datePublished":"2025-03-25T12:57:26+00:00","author":{"@id":"https:\/\/www.strukturholding.de\/#\/schema\/person\/6de28da221fc7edc231f999716e955c5"},"breadcrumb":{"@id":"https:\/\/www.strukturholding.de\/fr\/le-coworking-en-zone-rurale-coup-denvoi-pour-trois-communes-sarroises\/#breadcrumb"},"inLanguage":"fr-FR","potentialAction":[{"@type":"ReadAction","target":["https:\/\/www.strukturholding.de\/fr\/le-coworking-en-zone-rurale-coup-denvoi-pour-trois-communes-sarroises\/"]}]},{"@type":"BreadcrumbList","@id":"https:\/\/www.strukturholding.de\/fr\/le-coworking-en-zone-rurale-coup-denvoi-pour-trois-communes-sarroises\/#breadcrumb","itemListElement":[{"@type":"ListItem","position":1,"name":"Startseite","item":"https:\/\/www.strukturholding.de\/fr\/"},{"@type":"ListItem","position":2,"name":"\u00ab\u00a0Le coworking en zone rurale\u00a0\u00bb\u00a0: Coup d\u2019envoi pour trois communes sarroises"}]},{"@type":"WebSite","@id":"https:\/\/www.strukturholding.de\/#website","url":"https:\/\/www.strukturholding.de\/","name":"SHS | Strukturholding Saar","description":"","potentialAction":[{"@type":"SearchAction","target":{"@type":"EntryPoint","urlTemplate":"https:\/\/www.strukturholding.de\/?s={search_term_string}"},"query-input":{"@type":"PropertyValueSpecification","valueRequired":true,"valueName":"search_term_string"}}],"inLanguage":"fr-FR"},{"@type":"Person","@id":"https:\/\/www.strukturholding.de\/#\/schema\/person\/6de28da221fc7edc231f999716e955c5","name":"roseburgard","url":"https:\/\/www.strukturholding.de\/fr\/author\/rose\/"}]}},"_links":{"self":[{"href":"https:\/\/www.strukturholding.de\/fr\/wp-json\/wp\/v2\/posts\/25813","targetHints":{"allow":["GET"]}}],"collection":[{"href":"https:\/\/www.strukturholding.de\/fr\/wp-json\/wp\/v2\/posts"}],"about":[{"href":"https:\/\/www.strukturholding.de\/fr\/wp-json\/wp\/v2\/types\/post"}],"author":[{"embeddable":true,"href":"https:\/\/www.strukturholding.de\/fr\/wp-json\/wp\/v2\/users\/7"}],"replies":[{"embeddable":true,"href":"https:\/\/www.strukturholding.de\/fr\/wp-json\/wp\/v2\/comments?post=25813"}],"version-history":[{"count":5,"href":"https:\/\/www.strukturholding.de\/fr\/wp-json\/wp\/v2\/posts\/25813\/revisions"}],"predecessor-version":[{"id":25818,"href":"https:\/\/www.strukturholding.de\/fr\/wp-json\/wp\/v2\/posts\/25813\/revisions\/25818"}],"wp:attachment":[{"href":"https:\/\/www.strukturholding.de\/fr\/wp-json\/wp\/v2\/media?parent=25813"}],"wp:term":[{"taxonomy":"category","embeddable":true,"href":"https:\/\/www.strukturholding.de\/fr\/wp-json\/wp\/v2\/categories?post=25813"},{"taxonomy":"post_tag","embeddable":true,"href":"https:\/\/www.strukturholding.de\/fr\/wp-json\/wp\/v2\/tags?post=25813"}],"curies":[{"name":"wp","href":"https:\/\/api.w.org\/{rel}","templated":true}]}}