{"id":25385,"date":"2025-01-28T09:51:47","date_gmt":"2025-01-28T08:51:47","guid":{"rendered":"https:\/\/www.strukturholding.de\/?p=25385"},"modified":"2025-01-28T09:51:47","modified_gmt":"2025-01-28T08:51:47","slug":"la-semaine-de-lhydrogene-nationale-sous-les-auspices-de-la-sarre","status":"publish","type":"post","link":"https:\/\/www.strukturholding.de\/fr\/la-semaine-de-lhydrogene-nationale-sous-les-auspices-de-la-sarre\/","title":{"rendered":"La \u00ab\u00a0Semaine de l&rsquo;Hydrog\u00e8ne\u00a0\u00bb nationale sous les auspices de la Sarre"},"content":{"rendered":"<h1><strong>La \u00ab\u00a0SEMAINE DE L\u2019HYDROG\u00c8NE\u00a0\u00bb nationale sous les auspices de la Sarre <\/strong><\/h1>\n<p><strong>\u00c0 l\u2019occasion de la \u00ab SEMAINE DE L\u2019HYDROG\u00c8NE \u00bb (21 \u2013 29\/06) de cette ann\u00e9e, les entreprises et institutions offriront des informations concernant la viabilit\u00e9 de la source d\u2019\u00e9nergie qu\u2019est l\u2019hydrog\u00e8ne via de nombreux \u00e9v\u00e8nements qui auront lieu dans toute l\u2019Allemagne. C\u2019est la premi\u00e8re fois qu\u2019une repr\u00e9sentante sarroise, \u00e0 savoir la PDG de l\u2019Agence Sarroise pour l\u2019Hydrog\u00e8ne H2Saar Mme Dr. Bettina H\u00fcbschen, assurera le patronage de cette semaine d\u2019action nationale.<\/strong><\/p>\n<p>Jouant un r\u00f4le essentiel dans la transition \u00e9nerg\u00e9tique, l\u2019hydrog\u00e8ne est la technologie cl\u00e9 pour le stockage de l\u2019\u00e9nergie verte, pour la d\u00e9carbonation de l\u2019industrie et du secteur chimique ainsi que pour la transformation du secteur des transports. La \u00ab\u00a0SEMAINE DE L\u2019HYDROG\u00c8NE\u00a0\u00bb (<em>Woche des Wasserstoffs<\/em> #WDW) du 21 au 29 juin offrira aux citoyennes et citoyens int\u00e9ress\u00e9s des \u00e9v\u00e8nements passionnants pour s\u2019informer et auxquels participer. L\u2019objectif de la #WDW est d\u2019informer le public au sujet de l\u2019hydrog\u00e8ne et de sa contribution \u00e0 une politique \u00e9nerg\u00e9tique durable et de faire tomber les pr\u00e9jug\u00e9s.<\/p>\n<p>\u00ab\u00a0Il est important que le public soit au courant de l\u2019efficacit\u00e9 et de la durabilit\u00e9 de la source d\u2019\u00e9nergie qu\u2019est l\u2019hydrog\u00e8ne pour pouvoir mettre en place les technologies et les mesures structurelles n\u00e9cessaires \u00e0 la transition \u00e9nerg\u00e9tique sur la base d\u2019un consensus. Cette semaine d\u2019action offrira \u00e0 toute personne int\u00e9ress\u00e9e une introduction facile dans la mati\u00e8re. En tant que marraine, je souhaite offrir un caract\u00e8re transfrontalier \u00e0 la SEMAINE DE L\u2019HYDROG\u00c8NE en collaboration avec des partenaires de France et du Luxembourg afin de cr\u00e9er un v\u00e9ritable \u00e9cosyst\u00e8me de l\u2019hydrog\u00e8ne. J\u2019invite cordialement tout le monde \u00e0 y participer\u00a0\u2013 aussi bien les entreprises et les institutions en participant avec leurs propres offres, que les citoyennes et les citoyens en se rendant \u00e0 la semaine d\u2019action\u00a0\u00bb confie Dr. Bettina H\u00fcbschen, PDG de l\u2019Agence sarroise de l\u2019hydrog\u00e8ne H2saar.<\/p>\n<p>La #WDW se veut une vitrine pour tous les enthousiastes de l\u2019hydrog\u00e8ne et une sc\u00e8ne pour les acteurs qui souhaitent pr\u00e9senter leurs projets et leurs innovations. Peuvent participer \u00e0 la semaine d\u2019action entreprises, \u00e9coles sup\u00e9rieures, r\u00e9seaux et initiatives. Les personnes int\u00e9ress\u00e9es trouveront toutes les informations sur la plateforme internet centrale <a href=\"http:\/\/www.wochedeswasserstoffs.de\">www.wochedeswasserstoffs.de<\/a>.<\/p>\n<p>Mme Bettina H\u00fcbschen succ\u00e8de \u00e0 M. Andreas Rimkus, membre du Bundestag et responsable de l\u2019hydrog\u00e8ne du groupe parlementaire SPD, qui \u00e9tait le parrain en 2024. L\u2019\u00e9dition de la #WDW de cette ann\u00e9e aura lieu pour la septi\u00e8me fois en tout et pour la troisi\u00e8me fois au niveau national.<\/p>\n<p>&nbsp;<\/p>\n","protected":false},"excerpt":{"rendered":"<p>La \u00ab\u00a0SEMAINE DE L\u2019HYDROG\u00c8NE\u00a0\u00bb nationale sous les auspices de la Sarre \u00c0 l\u2019occasion de la<\/p>\n","protected":false},"author":7,"featured_media":23181,"comment_status":"closed","ping_status":"closed","sticky":false,"template":"","format":"standard","meta":{"_acf_changed":false,"footnotes":""},"categories":[156],"tags":[],"class_list":["post-25385","post","type-post","status-publish","format-standard","has-post-thumbnail","hentry","category-h2saar-fr"],"acf":[],"yoast_head":"<!-- This site is optimized with the Yoast SEO plugin v27.4 - https:\/\/yoast.com\/product\/yoast-seo-wordpress\/ -->\n<title>La \u00ab\u00a0Semaine de l&#039;Hydrog\u00e8ne\u00a0\u00bb nationale sous les auspices de la Sarre - SHS | Strukturholding Saar<\/title>\n<meta name=\"robots\" content=\"index, follow, max-snippet:-1, max-image-preview:large, max-video-preview:-1\" \/>\n<link rel=\"canonical\" href=\"https:\/\/www.strukturholding.de\/fr\/la-semaine-de-lhydrogene-nationale-sous-les-auspices-de-la-sarre\/\" \/>\n<meta property=\"og:locale\" content=\"fr_FR\" \/>\n<meta property=\"og:type\" content=\"article\" \/>\n<meta property=\"og:title\" content=\"La \u00ab\u00a0Semaine de l&#039;Hydrog\u00e8ne\u00a0\u00bb nationale sous les auspices de la Sarre - SHS | Strukturholding Saar\" \/>\n<meta property=\"og:description\" content=\"La \u00ab\u00a0SEMAINE DE L\u2019HYDROG\u00c8NE\u00a0\u00bb nationale sous les auspices de la Sarre \u00c0 l\u2019occasion de la\" \/>\n<meta property=\"og:url\" content=\"https:\/\/www.strukturholding.de\/fr\/la-semaine-de-lhydrogene-nationale-sous-les-auspices-de-la-sarre\/\" \/>\n<meta property=\"og:site_name\" content=\"SHS | Strukturholding Saar\" \/>\n<meta property=\"article:published_time\" content=\"2025-01-28T08:51:47+00:00\" \/>\n<meta property=\"og:image\" content=\"https:\/\/www.strukturholding.de\/wp-content\/uploads\/2023\/10\/h2saar_rgb_logo_mit_claim.png\" \/>\n\t<meta property=\"og:image:width\" content=\"1802\" \/>\n\t<meta property=\"og:image:height\" content=\"1018\" \/>\n\t<meta property=\"og:image:type\" content=\"image\/png\" \/>\n<meta name=\"author\" content=\"roseburgard\" \/>\n<meta name=\"twitter:label1\" content=\"\u00c9crit par\" \/>\n\t<meta name=\"twitter:data1\" content=\"roseburgard\" \/>\n\t<meta name=\"twitter:label2\" content=\"Dur\u00e9e de lecture estim\u00e9e\" \/>\n\t<meta name=\"twitter:data2\" content=\"3 minutes\" \/>\n<script type=\"application\/ld+json\" class=\"yoast-schema-graph\">{\"@context\":\"https:\\\/\\\/schema.org\",\"@graph\":[{\"@type\":\"Article\",\"@id\":\"https:\\\/\\\/www.strukturholding.de\\\/fr\\\/la-semaine-de-lhydrogene-nationale-sous-les-auspices-de-la-sarre\\\/#article\",\"isPartOf\":{\"@id\":\"https:\\\/\\\/www.strukturholding.de\\\/fr\\\/la-semaine-de-lhydrogene-nationale-sous-les-auspices-de-la-sarre\\\/\"},\"author\":{\"name\":\"roseburgard\",\"@id\":\"https:\\\/\\\/www.strukturholding.de\\\/#\\\/schema\\\/person\\\/6de28da221fc7edc231f999716e955c5\"},\"headline\":\"La \u00ab\u00a0Semaine de l&rsquo;Hydrog\u00e8ne\u00a0\u00bb nationale sous les auspices de la Sarre\",\"datePublished\":\"2025-01-28T08:51:47+00:00\",\"mainEntityOfPage\":{\"@id\":\"https:\\\/\\\/www.strukturholding.de\\\/fr\\\/la-semaine-de-lhydrogene-nationale-sous-les-auspices-de-la-sarre\\\/\"},\"wordCount\":488,\"image\":{\"@id\":\"https:\\\/\\\/www.strukturholding.de\\\/fr\\\/la-semaine-de-lhydrogene-nationale-sous-les-auspices-de-la-sarre\\\/#primaryimage\"},\"thumbnailUrl\":\"https:\\\/\\\/www.strukturholding.de\\\/wp-content\\\/uploads\\\/2023\\\/10\\\/h2saar_rgb_logo_mit_claim.png\",\"articleSection\":[\"h2saar\"],\"inLanguage\":\"fr-FR\"},{\"@type\":\"WebPage\",\"@id\":\"https:\\\/\\\/www.strukturholding.de\\\/fr\\\/la-semaine-de-lhydrogene-nationale-sous-les-auspices-de-la-sarre\\\/\",\"url\":\"https:\\\/\\\/www.strukturholding.de\\\/fr\\\/la-semaine-de-lhydrogene-nationale-sous-les-auspices-de-la-sarre\\\/\",\"name\":\"La \u00ab\u00a0Semaine de l'Hydrog\u00e8ne\u00a0\u00bb nationale sous les auspices de la Sarre - SHS | Strukturholding Saar\",\"isPartOf\":{\"@id\":\"https:\\\/\\\/www.strukturholding.de\\\/#website\"},\"primaryImageOfPage\":{\"@id\":\"https:\\\/\\\/www.strukturholding.de\\\/fr\\\/la-semaine-de-lhydrogene-nationale-sous-les-auspices-de-la-sarre\\\/#primaryimage\"},\"image\":{\"@id\":\"https:\\\/\\\/www.strukturholding.de\\\/fr\\\/la-semaine-de-lhydrogene-nationale-sous-les-auspices-de-la-sarre\\\/#primaryimage\"},\"thumbnailUrl\":\"https:\\\/\\\/www.strukturholding.de\\\/wp-content\\\/uploads\\\/2023\\\/10\\\/h2saar_rgb_logo_mit_claim.png\",\"datePublished\":\"2025-01-28T08:51:47+00:00\",\"author\":{\"@id\":\"https:\\\/\\\/www.strukturholding.de\\\/#\\\/schema\\\/person\\\/6de28da221fc7edc231f999716e955c5\"},\"breadcrumb\":{\"@id\":\"https:\\\/\\\/www.strukturholding.de\\\/fr\\\/la-semaine-de-lhydrogene-nationale-sous-les-auspices-de-la-sarre\\\/#breadcrumb\"},\"inLanguage\":\"fr-FR\",\"potentialAction\":[{\"@type\":\"ReadAction\",\"target\":[\"https:\\\/\\\/www.strukturholding.de\\\/fr\\\/la-semaine-de-lhydrogene-nationale-sous-les-auspices-de-la-sarre\\\/\"]}]},{\"@type\":\"ImageObject\",\"inLanguage\":\"fr-FR\",\"@id\":\"https:\\\/\\\/www.strukturholding.de\\\/fr\\\/la-semaine-de-lhydrogene-nationale-sous-les-auspices-de-la-sarre\\\/#primaryimage\",\"url\":\"https:\\\/\\\/www.strukturholding.de\\\/wp-content\\\/uploads\\\/2023\\\/10\\\/h2saar_rgb_logo_mit_claim.png\",\"contentUrl\":\"https:\\\/\\\/www.strukturholding.de\\\/wp-content\\\/uploads\\\/2023\\\/10\\\/h2saar_rgb_logo_mit_claim.png\",\"width\":1802,\"height\":1018},{\"@type\":\"BreadcrumbList\",\"@id\":\"https:\\\/\\\/www.strukturholding.de\\\/fr\\\/la-semaine-de-lhydrogene-nationale-sous-les-auspices-de-la-sarre\\\/#breadcrumb\",\"itemListElement\":[{\"@type\":\"ListItem\",\"position\":1,\"name\":\"Startseite\",\"item\":\"https:\\\/\\\/www.strukturholding.de\\\/fr\\\/\"},{\"@type\":\"ListItem\",\"position\":2,\"name\":\"La \u00ab\u00a0Semaine de l&#8217;Hydrog\u00e8ne\u00a0\u00bb nationale sous les auspices de la Sarre\"}]},{\"@type\":\"WebSite\",\"@id\":\"https:\\\/\\\/www.strukturholding.de\\\/#website\",\"url\":\"https:\\\/\\\/www.strukturholding.de\\\/\",\"name\":\"SHS | Strukturholding Saar\",\"description\":\"\",\"potentialAction\":[{\"@type\":\"SearchAction\",\"target\":{\"@type\":\"EntryPoint\",\"urlTemplate\":\"https:\\\/\\\/www.strukturholding.de\\\/?s={search_term_string}\"},\"query-input\":{\"@type\":\"PropertyValueSpecification\",\"valueRequired\":true,\"valueName\":\"search_term_string\"}}],\"inLanguage\":\"fr-FR\"},{\"@type\":\"Person\",\"@id\":\"https:\\\/\\\/www.strukturholding.de\\\/#\\\/schema\\\/person\\\/6de28da221fc7edc231f999716e955c5\",\"name\":\"roseburgard\",\"url\":\"https:\\\/\\\/www.strukturholding.de\\\/fr\\\/author\\\/rose\\\/\"}]}<\/script>\n<!-- \/ Yoast SEO plugin. -->","yoast_head_json":{"title":"La \u00ab\u00a0Semaine de l'Hydrog\u00e8ne\u00a0\u00bb nationale sous les auspices de la Sarre - SHS | Strukturholding Saar","robots":{"index":"index","follow":"follow","max-snippet":"max-snippet:-1","max-image-preview":"max-image-preview:large","max-video-preview":"max-video-preview:-1"},"canonical":"https:\/\/www.strukturholding.de\/fr\/la-semaine-de-lhydrogene-nationale-sous-les-auspices-de-la-sarre\/","og_locale":"fr_FR","og_type":"article","og_title":"La \u00ab\u00a0Semaine de l'Hydrog\u00e8ne\u00a0\u00bb nationale sous les auspices de la Sarre - SHS | Strukturholding Saar","og_description":"La \u00ab\u00a0SEMAINE DE L\u2019HYDROG\u00c8NE\u00a0\u00bb nationale sous les auspices de la Sarre \u00c0 l\u2019occasion de la","og_url":"https:\/\/www.strukturholding.de\/fr\/la-semaine-de-lhydrogene-nationale-sous-les-auspices-de-la-sarre\/","og_site_name":"SHS | Strukturholding Saar","article_published_time":"2025-01-28T08:51:47+00:00","og_image":[{"width":1802,"height":1018,"url":"https:\/\/www.strukturholding.de\/wp-content\/uploads\/2023\/10\/h2saar_rgb_logo_mit_claim.png","type":"image\/png"}],"author":"roseburgard","twitter_misc":{"\u00c9crit par":"roseburgard","Dur\u00e9e de lecture estim\u00e9e":"3 minutes"},"schema":{"@context":"https:\/\/schema.org","@graph":[{"@type":"Article","@id":"https:\/\/www.strukturholding.de\/fr\/la-semaine-de-lhydrogene-nationale-sous-les-auspices-de-la-sarre\/#article","isPartOf":{"@id":"https:\/\/www.strukturholding.de\/fr\/la-semaine-de-lhydrogene-nationale-sous-les-auspices-de-la-sarre\/"},"author":{"name":"roseburgard","@id":"https:\/\/www.strukturholding.de\/#\/schema\/person\/6de28da221fc7edc231f999716e955c5"},"headline":"La \u00ab\u00a0Semaine de l&rsquo;Hydrog\u00e8ne\u00a0\u00bb nationale sous les auspices de la Sarre","datePublished":"2025-01-28T08:51:47+00:00","mainEntityOfPage":{"@id":"https:\/\/www.strukturholding.de\/fr\/la-semaine-de-lhydrogene-nationale-sous-les-auspices-de-la-sarre\/"},"wordCount":488,"image":{"@id":"https:\/\/www.strukturholding.de\/fr\/la-semaine-de-lhydrogene-nationale-sous-les-auspices-de-la-sarre\/#primaryimage"},"thumbnailUrl":"https:\/\/www.strukturholding.de\/wp-content\/uploads\/2023\/10\/h2saar_rgb_logo_mit_claim.png","articleSection":["h2saar"],"inLanguage":"fr-FR"},{"@type":"WebPage","@id":"https:\/\/www.strukturholding.de\/fr\/la-semaine-de-lhydrogene-nationale-sous-les-auspices-de-la-sarre\/","url":"https:\/\/www.strukturholding.de\/fr\/la-semaine-de-lhydrogene-nationale-sous-les-auspices-de-la-sarre\/","name":"La \u00ab\u00a0Semaine de l'Hydrog\u00e8ne\u00a0\u00bb nationale sous les auspices de la Sarre - SHS | Strukturholding Saar","isPartOf":{"@id":"https:\/\/www.strukturholding.de\/#website"},"primaryImageOfPage":{"@id":"https:\/\/www.strukturholding.de\/fr\/la-semaine-de-lhydrogene-nationale-sous-les-auspices-de-la-sarre\/#primaryimage"},"image":{"@id":"https:\/\/www.strukturholding.de\/fr\/la-semaine-de-lhydrogene-nationale-sous-les-auspices-de-la-sarre\/#primaryimage"},"thumbnailUrl":"https:\/\/www.strukturholding.de\/wp-content\/uploads\/2023\/10\/h2saar_rgb_logo_mit_claim.png","datePublished":"2025-01-28T08:51:47+00:00","author":{"@id":"https:\/\/www.strukturholding.de\/#\/schema\/person\/6de28da221fc7edc231f999716e955c5"},"breadcrumb":{"@id":"https:\/\/www.strukturholding.de\/fr\/la-semaine-de-lhydrogene-nationale-sous-les-auspices-de-la-sarre\/#breadcrumb"},"inLanguage":"fr-FR","potentialAction":[{"@type":"ReadAction","target":["https:\/\/www.strukturholding.de\/fr\/la-semaine-de-lhydrogene-nationale-sous-les-auspices-de-la-sarre\/"]}]},{"@type":"ImageObject","inLanguage":"fr-FR","@id":"https:\/\/www.strukturholding.de\/fr\/la-semaine-de-lhydrogene-nationale-sous-les-auspices-de-la-sarre\/#primaryimage","url":"https:\/\/www.strukturholding.de\/wp-content\/uploads\/2023\/10\/h2saar_rgb_logo_mit_claim.png","contentUrl":"https:\/\/www.strukturholding.de\/wp-content\/uploads\/2023\/10\/h2saar_rgb_logo_mit_claim.png","width":1802,"height":1018},{"@type":"BreadcrumbList","@id":"https:\/\/www.strukturholding.de\/fr\/la-semaine-de-lhydrogene-nationale-sous-les-auspices-de-la-sarre\/#breadcrumb","itemListElement":[{"@type":"ListItem","position":1,"name":"Startseite","item":"https:\/\/www.strukturholding.de\/fr\/"},{"@type":"ListItem","position":2,"name":"La \u00ab\u00a0Semaine de l&#8217;Hydrog\u00e8ne\u00a0\u00bb nationale sous les auspices de la Sarre"}]},{"@type":"WebSite","@id":"https:\/\/www.strukturholding.de\/#website","url":"https:\/\/www.strukturholding.de\/","name":"SHS | Strukturholding Saar","description":"","potentialAction":[{"@type":"SearchAction","target":{"@type":"EntryPoint","urlTemplate":"https:\/\/www.strukturholding.de\/?s={search_term_string}"},"query-input":{"@type":"PropertyValueSpecification","valueRequired":true,"valueName":"search_term_string"}}],"inLanguage":"fr-FR"},{"@type":"Person","@id":"https:\/\/www.strukturholding.de\/#\/schema\/person\/6de28da221fc7edc231f999716e955c5","name":"roseburgard","url":"https:\/\/www.strukturholding.de\/fr\/author\/rose\/"}]}},"_links":{"self":[{"href":"https:\/\/www.strukturholding.de\/fr\/wp-json\/wp\/v2\/posts\/25385","targetHints":{"allow":["GET"]}}],"collection":[{"href":"https:\/\/www.strukturholding.de\/fr\/wp-json\/wp\/v2\/posts"}],"about":[{"href":"https:\/\/www.strukturholding.de\/fr\/wp-json\/wp\/v2\/types\/post"}],"author":[{"embeddable":true,"href":"https:\/\/www.strukturholding.de\/fr\/wp-json\/wp\/v2\/users\/7"}],"replies":[{"embeddable":true,"href":"https:\/\/www.strukturholding.de\/fr\/wp-json\/wp\/v2\/comments?post=25385"}],"version-history":[{"count":2,"href":"https:\/\/www.strukturholding.de\/fr\/wp-json\/wp\/v2\/posts\/25385\/revisions"}],"predecessor-version":[{"id":25387,"href":"https:\/\/www.strukturholding.de\/fr\/wp-json\/wp\/v2\/posts\/25385\/revisions\/25387"}],"wp:featuredmedia":[{"embeddable":true,"href":"https:\/\/www.strukturholding.de\/fr\/wp-json\/wp\/v2\/media\/23181"}],"wp:attachment":[{"href":"https:\/\/www.strukturholding.de\/fr\/wp-json\/wp\/v2\/media?parent=25385"}],"wp:term":[{"taxonomy":"category","embeddable":true,"href":"https:\/\/www.strukturholding.de\/fr\/wp-json\/wp\/v2\/categories?post=25385"},{"taxonomy":"post_tag","embeddable":true,"href":"https:\/\/www.strukturholding.de\/fr\/wp-json\/wp\/v2\/tags?post=25385"}],"curies":[{"name":"wp","href":"https:\/\/api.w.org\/{rel}","templated":true}]}}