{"id":25137,"date":"2024-11-08T13:32:47","date_gmt":"2024-11-08T12:32:47","guid":{"rendered":"https:\/\/www.strukturholding.de\/?p=25137"},"modified":"2024-11-08T13:41:12","modified_gmt":"2024-11-08T12:41:12","slug":"lancement-devent-wing-laeroport-de-sarrebruck-comme-lieu-devenements","status":"publish","type":"post","link":"https:\/\/www.strukturholding.de\/fr\/lancement-devent-wing-laeroport-de-sarrebruck-comme-lieu-devenements\/","title":{"rendered":"Lancement d\u2019Event Wing\u00a0: L&rsquo;a\u00e9roport de Sarrebruck comme lieu d&rsquo;\u00e9v\u00e9nements"},"content":{"rendered":"<h1><strong>Lancement d\u2019Event Wing\u00a0: l\u2019a\u00e9roport de Sarrebruck propose des visites guid\u00e9es, des salles de conf\u00e9rence et des espaces \u00e9v\u00e8nementiels<\/strong><\/h1>\n<p><strong>Aujourd\u2019hui, le 1<sup>er<\/sup> novembre, l\u2019a\u00e9roport de Sarrebruck lance \u00ab\u00a0Event Wing\u00a0\u00bb, une offre visant \u00e0 la commercialisation et \u00e0 la r\u00e9servation de salles de conf\u00e9rence, d\u2019espaces int\u00e9rieurs et ext\u00e9rieurs ainsi que de visites guid\u00e9es de l\u2019a\u00e9roport. L\u2019objectif \u00e9tant de positionner l\u2019a\u00e9roport non seulement en tant que prestataire d\u2019infrastructures pour compagnies a\u00e9riennes, mais aussi en tant que lieu attrayant d\u2019exp\u00e9riences et d\u2019\u00e9v\u00e8nements. <\/strong><\/p>\n<p>Depuis des s\u00e9minaires et des conf\u00e9rences jusqu\u2019\u00e0 des grands \u00e9v\u00e8nements comptant plus de mille invit\u00e9s et des visites guid\u00e9es de l\u2019a\u00e9roport avec coup d\u2019\u0153il dans les coulisses en passant par des f\u00eates d\u2019entreprises et des soir\u00e9es entre coll\u00e8gues apr\u00e8s le travail\u00a0: avec la plateforme en ligne \u00ab\u00a0Event Wing\u00a0\u00bb (www.eventwing.saarland), l\u2019a\u00e9roport de Sarrebruck rassemble pour la premi\u00e8re fois tous les formats \u00e9v\u00e8nementiels qui sont possibles sur le site en plus du service a\u00e9rien.<\/p>\n<p>Thomas Schuck, g\u00e9rant de l\u2019a\u00e9roport\u00a0: \u00ab\u00a0L\u2019a\u00e9roport offre une atmosph\u00e8re unique en son genre en Sarre. Il n\u2019est ainsi que logique que nous tirions pleinement profit du potentiel de ce site au-del\u00e0 du service a\u00e9rien ordinaire. En d\u2019autres mots\u00a0: commercialiser activement nos salles de conf\u00e9rence et nos espaces \u00e9v\u00e8nementiels et \u00e9toffer successivement les visites guid\u00e9es si appr\u00e9ci\u00e9es de l\u2019a\u00e9roport. Notre a\u00e9roport doit devenir un incontournable sur le plan \u00e9v\u00e8nementiel\u00a0\u2013 aussi bien pour les activit\u00e9s de loisir priv\u00e9es que pour les clients professionnels. Dans cet objectif, nous continuerons de d\u00e9velopper l\u2019offre d\u2019Event Wing. Nous nous r\u00e9jouissons par avance des demandes \u00e0 venir.\u00a0\u00bb<\/p>\n<p>En consultant la page www.eventwing.saarland les personnes int\u00e9ress\u00e9es obtiendront un aper\u00e7u de toutes les offres, dont les informations concernant les espaces et locaux disponibles \u00e0 la r\u00e9servation. Les r\u00e9servations des visites guid\u00e9es si appr\u00e9ci\u00e9es de l\u2019a\u00e9roport ont, elles aussi, \u00e9t\u00e9 nettement simplifi\u00e9es et peuvent se faire d\u00e9sormais en ligne. Pour les formats \u00e9v\u00e8nementiels individuels, la plateforme permet d\u2019entrer en contact avec une \u00e9quipe exp\u00e9riment\u00e9e qui \u00e9laborera des offres sur mesure.<\/p>\n<p>Les visites guid\u00e9es ont repr\u00e9sent\u00e9 un d\u00e9fi tout particulier lors de la mise au point d\u2019Event Wing \u00e9tant donn\u00e9 qu\u2019il s\u2019agissait de concilier une offre int\u00e9ressante avec les exigences de s\u00e9curit\u00e9 et le bon d\u00e9roulement du service a\u00e9rien. En m\u00eame temps, des guides exp\u00e9riment\u00e9s ont \u00e9t\u00e9 form\u00e9s pour faire visiter l\u2019a\u00e9roport \u00e0 des groupes.<\/p>\n<p>L\u2019efficacit\u00e9 des diff\u00e9rents espaces de l\u2019a\u00e9roport a \u00e9t\u00e9 d\u00e9montr\u00e9e de fa\u00e7on pratique par exemple par le concert Musikfestspiele Saar (18\/05) dans le hangar de l\u2019a\u00e9roport avec env. 1\u00a0500 invit\u00e9s, par l\u2019\u00e9v\u00e8nement Airport Wies\u00b4n de l\u2019organisateur Grunder sur le champ de festivit\u00e9s et par divers ateliers d\u2019entreprises dans les locaux du terminal.<\/p>\n<p><a href=\"http:\/\/www.eventwing.saarland\"><strong>www.eventwing.saarland<\/strong><\/a><\/p>\n<p>&nbsp;<\/p>\n<p>Photo\u00a0: Dirk Guldner<\/p>\n<p>&nbsp;<\/p>\n","protected":false},"excerpt":{"rendered":"<p>Lancement d\u2019Event Wing\u00a0: l\u2019a\u00e9roport de Sarrebruck propose des visites guid\u00e9es, des salles de conf\u00e9rence et<\/p>\n","protected":false},"author":7,"featured_media":0,"comment_status":"closed","ping_status":"closed","sticky":false,"template":"","format":"standard","meta":{"_acf_changed":false,"footnotes":""},"categories":[138],"tags":[],"class_list":["post-25137","post","type-post","status-publish","format-standard","hentry","category-scn-fr"],"acf":[],"yoast_head":"<!-- This site is optimized with the Yoast SEO plugin v27.4 - https:\/\/yoast.com\/product\/yoast-seo-wordpress\/ -->\n<title>Lancement d\u2019Event Wing\u00a0: L&#039;a\u00e9roport de Sarrebruck comme lieu d&#039;\u00e9v\u00e9nements - SHS | Strukturholding Saar<\/title>\n<meta name=\"robots\" content=\"index, follow, max-snippet:-1, max-image-preview:large, max-video-preview:-1\" \/>\n<link rel=\"canonical\" href=\"https:\/\/www.strukturholding.de\/fr\/lancement-devent-wing-laeroport-de-sarrebruck-comme-lieu-devenements\/\" \/>\n<meta property=\"og:locale\" content=\"fr_FR\" \/>\n<meta property=\"og:type\" content=\"article\" \/>\n<meta property=\"og:title\" content=\"Lancement d\u2019Event Wing\u00a0: L&#039;a\u00e9roport de Sarrebruck comme lieu d&#039;\u00e9v\u00e9nements - SHS | Strukturholding Saar\" \/>\n<meta property=\"og:description\" content=\"Lancement d\u2019Event Wing\u00a0: l\u2019a\u00e9roport de Sarrebruck propose des visites guid\u00e9es, des salles de conf\u00e9rence et\" \/>\n<meta property=\"og:url\" content=\"https:\/\/www.strukturholding.de\/fr\/lancement-devent-wing-laeroport-de-sarrebruck-comme-lieu-devenements\/\" \/>\n<meta property=\"og:site_name\" content=\"SHS | Strukturholding Saar\" \/>\n<meta property=\"article:published_time\" content=\"2024-11-08T12:32:47+00:00\" \/>\n<meta property=\"article:modified_time\" content=\"2024-11-08T12:41:12+00:00\" \/>\n<meta property=\"og:image\" content=\"https:\/\/www.strukturholding.de\/wp-content\/uploads\/2016\/10\/og_image_strukturholding.jpg\" \/>\n\t<meta property=\"og:image:width\" content=\"1200\" \/>\n\t<meta property=\"og:image:height\" content=\"630\" \/>\n\t<meta property=\"og:image:type\" content=\"image\/jpeg\" \/>\n<meta name=\"author\" content=\"roseburgard\" \/>\n<meta name=\"twitter:label1\" content=\"\u00c9crit par\" \/>\n\t<meta name=\"twitter:data1\" content=\"roseburgard\" \/>\n\t<meta name=\"twitter:label2\" content=\"Dur\u00e9e de lecture estim\u00e9e\" \/>\n\t<meta name=\"twitter:data2\" content=\"3 minutes\" \/>\n<script type=\"application\/ld+json\" class=\"yoast-schema-graph\">{\"@context\":\"https:\\\/\\\/schema.org\",\"@graph\":[{\"@type\":\"Article\",\"@id\":\"https:\\\/\\\/www.strukturholding.de\\\/fr\\\/lancement-devent-wing-laeroport-de-sarrebruck-comme-lieu-devenements\\\/#article\",\"isPartOf\":{\"@id\":\"https:\\\/\\\/www.strukturholding.de\\\/fr\\\/lancement-devent-wing-laeroport-de-sarrebruck-comme-lieu-devenements\\\/\"},\"author\":{\"name\":\"roseburgard\",\"@id\":\"https:\\\/\\\/www.strukturholding.de\\\/#\\\/schema\\\/person\\\/6de28da221fc7edc231f999716e955c5\"},\"headline\":\"Lancement d\u2019Event Wing\u00a0: L&rsquo;a\u00e9roport de Sarrebruck comme lieu d&rsquo;\u00e9v\u00e9nements\",\"datePublished\":\"2024-11-08T12:32:47+00:00\",\"dateModified\":\"2024-11-08T12:41:12+00:00\",\"mainEntityOfPage\":{\"@id\":\"https:\\\/\\\/www.strukturholding.de\\\/fr\\\/lancement-devent-wing-laeroport-de-sarrebruck-comme-lieu-devenements\\\/\"},\"wordCount\":559,\"articleSection\":[\"SCN\"],\"inLanguage\":\"fr-FR\"},{\"@type\":\"WebPage\",\"@id\":\"https:\\\/\\\/www.strukturholding.de\\\/fr\\\/lancement-devent-wing-laeroport-de-sarrebruck-comme-lieu-devenements\\\/\",\"url\":\"https:\\\/\\\/www.strukturholding.de\\\/fr\\\/lancement-devent-wing-laeroport-de-sarrebruck-comme-lieu-devenements\\\/\",\"name\":\"Lancement d\u2019Event Wing\u00a0: L'a\u00e9roport de Sarrebruck comme lieu d'\u00e9v\u00e9nements - SHS | Strukturholding Saar\",\"isPartOf\":{\"@id\":\"https:\\\/\\\/www.strukturholding.de\\\/#website\"},\"datePublished\":\"2024-11-08T12:32:47+00:00\",\"dateModified\":\"2024-11-08T12:41:12+00:00\",\"author\":{\"@id\":\"https:\\\/\\\/www.strukturholding.de\\\/#\\\/schema\\\/person\\\/6de28da221fc7edc231f999716e955c5\"},\"breadcrumb\":{\"@id\":\"https:\\\/\\\/www.strukturholding.de\\\/fr\\\/lancement-devent-wing-laeroport-de-sarrebruck-comme-lieu-devenements\\\/#breadcrumb\"},\"inLanguage\":\"fr-FR\",\"potentialAction\":[{\"@type\":\"ReadAction\",\"target\":[\"https:\\\/\\\/www.strukturholding.de\\\/fr\\\/lancement-devent-wing-laeroport-de-sarrebruck-comme-lieu-devenements\\\/\"]}]},{\"@type\":\"BreadcrumbList\",\"@id\":\"https:\\\/\\\/www.strukturholding.de\\\/fr\\\/lancement-devent-wing-laeroport-de-sarrebruck-comme-lieu-devenements\\\/#breadcrumb\",\"itemListElement\":[{\"@type\":\"ListItem\",\"position\":1,\"name\":\"Startseite\",\"item\":\"https:\\\/\\\/www.strukturholding.de\\\/fr\\\/\"},{\"@type\":\"ListItem\",\"position\":2,\"name\":\"Lancement d\u2019Event Wing\u00a0: L&#8217;a\u00e9roport de Sarrebruck comme lieu d&#8217;\u00e9v\u00e9nements\"}]},{\"@type\":\"WebSite\",\"@id\":\"https:\\\/\\\/www.strukturholding.de\\\/#website\",\"url\":\"https:\\\/\\\/www.strukturholding.de\\\/\",\"name\":\"SHS | Strukturholding Saar\",\"description\":\"\",\"potentialAction\":[{\"@type\":\"SearchAction\",\"target\":{\"@type\":\"EntryPoint\",\"urlTemplate\":\"https:\\\/\\\/www.strukturholding.de\\\/?s={search_term_string}\"},\"query-input\":{\"@type\":\"PropertyValueSpecification\",\"valueRequired\":true,\"valueName\":\"search_term_string\"}}],\"inLanguage\":\"fr-FR\"},{\"@type\":\"Person\",\"@id\":\"https:\\\/\\\/www.strukturholding.de\\\/#\\\/schema\\\/person\\\/6de28da221fc7edc231f999716e955c5\",\"name\":\"roseburgard\",\"url\":\"https:\\\/\\\/www.strukturholding.de\\\/fr\\\/author\\\/rose\\\/\"}]}<\/script>\n<!-- \/ Yoast SEO plugin. -->","yoast_head_json":{"title":"Lancement d\u2019Event Wing\u00a0: L'a\u00e9roport de Sarrebruck comme lieu d'\u00e9v\u00e9nements - SHS | Strukturholding Saar","robots":{"index":"index","follow":"follow","max-snippet":"max-snippet:-1","max-image-preview":"max-image-preview:large","max-video-preview":"max-video-preview:-1"},"canonical":"https:\/\/www.strukturholding.de\/fr\/lancement-devent-wing-laeroport-de-sarrebruck-comme-lieu-devenements\/","og_locale":"fr_FR","og_type":"article","og_title":"Lancement d\u2019Event Wing\u00a0: L'a\u00e9roport de Sarrebruck comme lieu d'\u00e9v\u00e9nements - SHS | Strukturholding Saar","og_description":"Lancement d\u2019Event Wing\u00a0: l\u2019a\u00e9roport de Sarrebruck propose des visites guid\u00e9es, des salles de conf\u00e9rence et","og_url":"https:\/\/www.strukturholding.de\/fr\/lancement-devent-wing-laeroport-de-sarrebruck-comme-lieu-devenements\/","og_site_name":"SHS | Strukturholding Saar","article_published_time":"2024-11-08T12:32:47+00:00","article_modified_time":"2024-11-08T12:41:12+00:00","og_image":[{"width":1200,"height":630,"url":"https:\/\/www.strukturholding.de\/wp-content\/uploads\/2016\/10\/og_image_strukturholding.jpg","type":"image\/jpeg"}],"author":"roseburgard","twitter_misc":{"\u00c9crit par":"roseburgard","Dur\u00e9e de lecture estim\u00e9e":"3 minutes"},"schema":{"@context":"https:\/\/schema.org","@graph":[{"@type":"Article","@id":"https:\/\/www.strukturholding.de\/fr\/lancement-devent-wing-laeroport-de-sarrebruck-comme-lieu-devenements\/#article","isPartOf":{"@id":"https:\/\/www.strukturholding.de\/fr\/lancement-devent-wing-laeroport-de-sarrebruck-comme-lieu-devenements\/"},"author":{"name":"roseburgard","@id":"https:\/\/www.strukturholding.de\/#\/schema\/person\/6de28da221fc7edc231f999716e955c5"},"headline":"Lancement d\u2019Event Wing\u00a0: L&rsquo;a\u00e9roport de Sarrebruck comme lieu d&rsquo;\u00e9v\u00e9nements","datePublished":"2024-11-08T12:32:47+00:00","dateModified":"2024-11-08T12:41:12+00:00","mainEntityOfPage":{"@id":"https:\/\/www.strukturholding.de\/fr\/lancement-devent-wing-laeroport-de-sarrebruck-comme-lieu-devenements\/"},"wordCount":559,"articleSection":["SCN"],"inLanguage":"fr-FR"},{"@type":"WebPage","@id":"https:\/\/www.strukturholding.de\/fr\/lancement-devent-wing-laeroport-de-sarrebruck-comme-lieu-devenements\/","url":"https:\/\/www.strukturholding.de\/fr\/lancement-devent-wing-laeroport-de-sarrebruck-comme-lieu-devenements\/","name":"Lancement d\u2019Event Wing\u00a0: L'a\u00e9roport de Sarrebruck comme lieu d'\u00e9v\u00e9nements - SHS | Strukturholding Saar","isPartOf":{"@id":"https:\/\/www.strukturholding.de\/#website"},"datePublished":"2024-11-08T12:32:47+00:00","dateModified":"2024-11-08T12:41:12+00:00","author":{"@id":"https:\/\/www.strukturholding.de\/#\/schema\/person\/6de28da221fc7edc231f999716e955c5"},"breadcrumb":{"@id":"https:\/\/www.strukturholding.de\/fr\/lancement-devent-wing-laeroport-de-sarrebruck-comme-lieu-devenements\/#breadcrumb"},"inLanguage":"fr-FR","potentialAction":[{"@type":"ReadAction","target":["https:\/\/www.strukturholding.de\/fr\/lancement-devent-wing-laeroport-de-sarrebruck-comme-lieu-devenements\/"]}]},{"@type":"BreadcrumbList","@id":"https:\/\/www.strukturholding.de\/fr\/lancement-devent-wing-laeroport-de-sarrebruck-comme-lieu-devenements\/#breadcrumb","itemListElement":[{"@type":"ListItem","position":1,"name":"Startseite","item":"https:\/\/www.strukturholding.de\/fr\/"},{"@type":"ListItem","position":2,"name":"Lancement d\u2019Event Wing\u00a0: L&#8217;a\u00e9roport de Sarrebruck comme lieu d&#8217;\u00e9v\u00e9nements"}]},{"@type":"WebSite","@id":"https:\/\/www.strukturholding.de\/#website","url":"https:\/\/www.strukturholding.de\/","name":"SHS | Strukturholding Saar","description":"","potentialAction":[{"@type":"SearchAction","target":{"@type":"EntryPoint","urlTemplate":"https:\/\/www.strukturholding.de\/?s={search_term_string}"},"query-input":{"@type":"PropertyValueSpecification","valueRequired":true,"valueName":"search_term_string"}}],"inLanguage":"fr-FR"},{"@type":"Person","@id":"https:\/\/www.strukturholding.de\/#\/schema\/person\/6de28da221fc7edc231f999716e955c5","name":"roseburgard","url":"https:\/\/www.strukturholding.de\/fr\/author\/rose\/"}]}},"_links":{"self":[{"href":"https:\/\/www.strukturholding.de\/fr\/wp-json\/wp\/v2\/posts\/25137","targetHints":{"allow":["GET"]}}],"collection":[{"href":"https:\/\/www.strukturholding.de\/fr\/wp-json\/wp\/v2\/posts"}],"about":[{"href":"https:\/\/www.strukturholding.de\/fr\/wp-json\/wp\/v2\/types\/post"}],"author":[{"embeddable":true,"href":"https:\/\/www.strukturholding.de\/fr\/wp-json\/wp\/v2\/users\/7"}],"replies":[{"embeddable":true,"href":"https:\/\/www.strukturholding.de\/fr\/wp-json\/wp\/v2\/comments?post=25137"}],"version-history":[{"count":3,"href":"https:\/\/www.strukturholding.de\/fr\/wp-json\/wp\/v2\/posts\/25137\/revisions"}],"predecessor-version":[{"id":25140,"href":"https:\/\/www.strukturholding.de\/fr\/wp-json\/wp\/v2\/posts\/25137\/revisions\/25140"}],"wp:attachment":[{"href":"https:\/\/www.strukturholding.de\/fr\/wp-json\/wp\/v2\/media?parent=25137"}],"wp:term":[{"taxonomy":"category","embeddable":true,"href":"https:\/\/www.strukturholding.de\/fr\/wp-json\/wp\/v2\/categories?post=25137"},{"taxonomy":"post_tag","embeddable":true,"href":"https:\/\/www.strukturholding.de\/fr\/wp-json\/wp\/v2\/tags?post=25137"}],"curies":[{"name":"wp","href":"https:\/\/api.w.org\/{rel}","templated":true}]}}