{"id":24231,"date":"2024-06-14T14:40:30","date_gmt":"2024-06-14T12:40:30","guid":{"rendered":"https:\/\/www.strukturholding.de\/?p=24231"},"modified":"2024-06-14T14:58:35","modified_gmt":"2024-06-14T12:58:35","slug":"le-champion-en-coulisses-du-secteur-pharmaceutique-opte-pour-la-sarre","status":"publish","type":"post","link":"https:\/\/www.strukturholding.de\/fr\/le-champion-en-coulisses-du-secteur-pharmaceutique-opte-pour-la-sarre\/","title":{"rendered":"Le champion en coulisses du secteur pharmaceutique opte pour la Sarre"},"content":{"rendered":"<h1><strong>Le champion en coulisses du secteur pharmaceutique opte pour la Sarre\u00a0: l\u2019entreprise familiale Vetter s\u2019installe \u00e0 Sarrelouis<\/strong><\/h1>\n<p>Apr\u00e8s des n\u00e9gociations intenses et constructives ces derni\u00e8res semaines, le prestataire de services pharmaceutiques Vetter agissant au niveau mondial et dont le si\u00e8ge se trouve \u00e0 Ravensbourg a opt\u00e9 pour une implantation sur le site de Ford \u00e0 Sarrelouis. Sp\u00e9cialis\u00e9e dans la production de m\u00e9dicaments complexes, cette entreprise travaille avec succ\u00e8s pour l\u2019industrie pharmaceutique mondiale en tant que fabricant \u00e0 la commande. Actuellement, Vetter Pharma-Fertigung GmbH &amp; Co. KG emploie plus de 6\u00a0300 collaborateurs dans le monde entier et cette entreprise a pu r\u00e9aliser l\u2019ann\u00e9e derni\u00e8re un chiffre d\u2019affaires de plus de 1 milliard d\u2019euros.<\/p>\n<p><strong>Mme Anke Rehlinger, ministre-pr\u00e9sidente de la Sarre<\/strong>\u00a0: \u00ab\u00a0L\u2019implantation de l\u2019entreprise familiale allemande Vetter est une aubaine pour Sarrelouis et la Sarre tout enti\u00e8re. Je remercie la famille Vetter ainsi que l\u2019ensemble de la direction d\u2019entreprise pour la confiance accord\u00e9e au gouvernement de la Sarre et \u00e0 la Sarre elle-m\u00eame.\u00a0\u00bb<\/p>\n<p><strong>J\u00fcrgen Barke, ministre de l\u2019\u00e9conomie<\/strong>: \u00ab\u00a0Vetter\u00a0\u2013 le champion en coulisses du secteur pharmaceutique\u00a0\u2013 a opt\u00e9 pour notre site. Ce qui est une excellente nouvelle pour la Sarre\u00a0! Cette entreprise familiale du sud de l\u2019Allemagne aura ici tout la place pour prendre l\u2019envergure dont elle a besoin, elle cr\u00e9era des postes de travail et pourra pour cela avoir recours \u00e0 tout un r\u00e9servoir de professionnels potentiels. Je me r\u00e9jouis vraiment que, gr\u00e2ce \u00e0 Vetter, nous pourrons \u00e9tablir ce site de fa\u00e7on plus robuste et plus diversifi\u00e9e. Il s\u2019agit l\u00e0 d\u2019un r\u00e9el secteur d\u2019avenir d\u2019une importance consid\u00e9rable en mati\u00e8re de valeur ajout\u00e9e, d\u2019emploi et d\u2019innovations. Je tiens \u00e0 remercier ici tout particuli\u00e8rement mon \u00e9quipe au sein du minist\u00e8re de l\u2019\u00e9conomie et la gwSaar qui ont men\u00e9 avec brio ce projet d\u2019implantation et qui ont r\u00e9ussi de fa\u00e7on professionnelle \u00e0 souligner les avantages de notre site.\u00a0\u00bb<\/p>\n<p>Vetter entend dans un premier temps construire sur les terrains encore vagues du site de Ford un nouveau site suppl\u00e9mentaire pour la production pharmaceutique.<\/p>\n<p><strong>Le s\u00e9nateur h.c. Udo J. Vetter, pr\u00e9sident du comit\u00e9 consultatif d\u2019entreprise et membre de la famille propri\u00e9taire de l\u2019entreprise<\/strong>, d\u00e9clare\u00a0: \u00ab\u00a0Des patients du monde entier font confiance aux m\u00e9dicaments complexes produits par nos 6\u00a0300 collaborateurs sur de nombreux sites en Allemagne, en Autriche et aux \u00c9tats-Unis pour le compte de nos clients. Et la Sarre en fera aussi partie \u00e0 l\u2019avenir. En effet, Sarrelouis s\u2019est clairement d\u00e9marqu\u00e9 en tant que site pr\u00e9sentant les meilleures conditions pour augmenter nos capacit\u00e9s de production. Nous souhaitons cr\u00e9er ici jusqu\u2019\u00e0 2\u00a0000 postes de travail et offrir ainsi \u00e0 de nombreuses personnes de nouvelles perspectives professionnelles dans un secteur d\u2019activit\u00e9 porteur d\u2019avenir. Nos valeurs en tant qu\u2019entreprise familiale ont ce faisant la priorit\u00e9 absolue\u00a0: une action durable et fiable ainsi qu\u2019une planification prospective\u00a0\u2013 pour le bien tant des patients du monde entier que de notre entreprise et des habitants de cette belle r\u00e9gion.\u00a0\u00bb<\/p>\n<p>Hier, la Sarre s\u2019est assur\u00e9e l\u2019acc\u00e8s aux terrains Ford n\u00e9cessaires \u00e0 l\u2019aide d\u2019une inscription notariale provisoire du droit au transfert de propri\u00e9t\u00e9. La n\u00e9gociation du contrat de vente est actuellement en cours. En m\u00eame temps ont lieu des planifications concernant la s\u00e9paration de l\u2019infrastructure sur le site de Ford. Il s\u2019agit l\u00e0 de s\u00e9curiser l\u2019approvisionnement sans faille de Ford et de la nouvelle utilisation \u00e0 venir sur le terrain libre. Il est pr\u00e9vu que la planification de l\u2019infrastructure soit termin\u00e9e encore en 2024 pour que les mesures infrastructurelles n\u00e9cessaires puissent commencer \u00e0 partir de janvier 2025. Apr\u00e8s la fin de la production de la Ford Focus fin novembre 2025 les travaux de construction pourront alors commencer rapidement. De plus, des transitions fluides vers Vetter devront alors \u00eatre organis\u00e9es. Pour ce faire, l\u2019entreprise pr\u00e9voit de proposer ses propres mesures de formation et de qualification pour les jeunes professionnels, mais surtout aussi pour les personnes en reconversion professionnelle.<\/p>\n<p>La Sarre soutiendra l\u2019implantation de l\u2019entreprise dans les limites de ses moyens. Cela comprend les investissements d\u2019exploitation pr\u00e9vus, des mesures de formation continue, des mesures \u00e9ventuelles d\u2019efficacit\u00e9 \u00e9nerg\u00e9tique et de protection de l\u2019environnement ou encore des projets novateurs.<\/p>\n<p>&nbsp;<\/p>\n<p><strong>Qui est Vetter\u00a0? <\/strong><\/p>\n<p>Vetter est un des plus importants prestataires de services pharmaceutiques pour la fabrication de m\u00e9dicaments injectables qui permettent d\u2019am\u00e9liorer la qualit\u00e9 de vie de patientes et de patients dans le monde entier. La comp\u00e9tence et l\u2019expertise de l\u2019entreprise permettent aux personnes concern\u00e9es, entre autres, le traitement du cancer, de la scl\u00e9rose en plaques et de l\u2019arthrite rhumato\u00efde jusqu\u2019au traitement de maladies rares. Cette entreprise familiale de longue tradition, agissant au niveau mondial et dont le si\u00e8ge se trouve \u00e0 Ravensbourg, exploite des sites de production et de d\u00e9veloppement en Allemagne, en Autriche et aux \u00c9tats-Unis ainsi que des sites de vente dans les march\u00e9s d\u2019Asie-Pacifique que sont le Japon, la Chine, la Cor\u00e9e du Sud et Singapour.<\/p>\n<p>Pour davantage d\u2019informations, consultez la page <a href=\"http:\/\/www.vetter-pharma.com\">www.vetter-pharma.com<\/a><\/p>\n<p>&nbsp;<\/p>\n","protected":false},"excerpt":{"rendered":"<p>Le champion en coulisses du secteur pharmaceutique opte pour la Sarre\u00a0: l\u2019entreprise familiale Vetter s\u2019installe<\/p>\n","protected":false},"author":7,"featured_media":0,"comment_status":"closed","ping_status":"closed","sticky":false,"template":"","format":"standard","meta":{"_acf_changed":false,"footnotes":""},"categories":[3],"tags":[],"class_list":["post-24231","post","type-post","status-publish","format-standard","hentry","category-generale"],"acf":[],"yoast_head":"<!-- This site is optimized with the Yoast SEO plugin v27.4 - https:\/\/yoast.com\/product\/yoast-seo-wordpress\/ -->\n<title>Le champion en coulisses du secteur pharmaceutique opte pour la Sarre - SHS | Strukturholding Saar<\/title>\n<meta name=\"robots\" content=\"index, follow, max-snippet:-1, max-image-preview:large, max-video-preview:-1\" \/>\n<link rel=\"canonical\" href=\"https:\/\/www.strukturholding.de\/fr\/le-champion-en-coulisses-du-secteur-pharmaceutique-opte-pour-la-sarre\/\" \/>\n<meta property=\"og:locale\" content=\"fr_FR\" \/>\n<meta property=\"og:type\" content=\"article\" \/>\n<meta property=\"og:title\" content=\"Le champion en coulisses du secteur pharmaceutique opte pour la Sarre - SHS | Strukturholding Saar\" \/>\n<meta property=\"og:description\" content=\"Le champion en coulisses du secteur pharmaceutique opte pour la Sarre\u00a0: l\u2019entreprise familiale Vetter s\u2019installe\" \/>\n<meta property=\"og:url\" content=\"https:\/\/www.strukturholding.de\/fr\/le-champion-en-coulisses-du-secteur-pharmaceutique-opte-pour-la-sarre\/\" \/>\n<meta property=\"og:site_name\" content=\"SHS | Strukturholding Saar\" \/>\n<meta property=\"article:published_time\" content=\"2024-06-14T12:40:30+00:00\" \/>\n<meta property=\"article:modified_time\" content=\"2024-06-14T12:58:35+00:00\" \/>\n<meta property=\"og:image\" content=\"https:\/\/www.strukturholding.de\/wp-content\/uploads\/2016\/10\/og_image_strukturholding.jpg\" \/>\n\t<meta property=\"og:image:width\" content=\"1200\" \/>\n\t<meta property=\"og:image:height\" content=\"630\" \/>\n\t<meta property=\"og:image:type\" content=\"image\/jpeg\" \/>\n<meta name=\"author\" content=\"roseburgard\" \/>\n<meta name=\"twitter:label1\" content=\"\u00c9crit par\" \/>\n\t<meta name=\"twitter:data1\" content=\"roseburgard\" \/>\n\t<meta name=\"twitter:label2\" content=\"Dur\u00e9e de lecture estim\u00e9e\" \/>\n\t<meta name=\"twitter:data2\" content=\"5 minutes\" \/>\n<script type=\"application\/ld+json\" class=\"yoast-schema-graph\">{\"@context\":\"https:\\\/\\\/schema.org\",\"@graph\":[{\"@type\":\"Article\",\"@id\":\"https:\\\/\\\/www.strukturholding.de\\\/fr\\\/le-champion-en-coulisses-du-secteur-pharmaceutique-opte-pour-la-sarre\\\/#article\",\"isPartOf\":{\"@id\":\"https:\\\/\\\/www.strukturholding.de\\\/fr\\\/le-champion-en-coulisses-du-secteur-pharmaceutique-opte-pour-la-sarre\\\/\"},\"author\":{\"name\":\"roseburgard\",\"@id\":\"https:\\\/\\\/www.strukturholding.de\\\/#\\\/schema\\\/person\\\/6de28da221fc7edc231f999716e955c5\"},\"headline\":\"Le champion en coulisses du secteur pharmaceutique opte pour la Sarre\",\"datePublished\":\"2024-06-14T12:40:30+00:00\",\"dateModified\":\"2024-06-14T12:58:35+00:00\",\"mainEntityOfPage\":{\"@id\":\"https:\\\/\\\/www.strukturholding.de\\\/fr\\\/le-champion-en-coulisses-du-secteur-pharmaceutique-opte-pour-la-sarre\\\/\"},\"wordCount\":908,\"articleSection\":[\"G\u00e9n\u00e9ral\"],\"inLanguage\":\"fr-FR\"},{\"@type\":\"WebPage\",\"@id\":\"https:\\\/\\\/www.strukturholding.de\\\/fr\\\/le-champion-en-coulisses-du-secteur-pharmaceutique-opte-pour-la-sarre\\\/\",\"url\":\"https:\\\/\\\/www.strukturholding.de\\\/fr\\\/le-champion-en-coulisses-du-secteur-pharmaceutique-opte-pour-la-sarre\\\/\",\"name\":\"Le champion en coulisses du secteur pharmaceutique opte pour la Sarre - SHS | Strukturholding Saar\",\"isPartOf\":{\"@id\":\"https:\\\/\\\/www.strukturholding.de\\\/#website\"},\"datePublished\":\"2024-06-14T12:40:30+00:00\",\"dateModified\":\"2024-06-14T12:58:35+00:00\",\"author\":{\"@id\":\"https:\\\/\\\/www.strukturholding.de\\\/#\\\/schema\\\/person\\\/6de28da221fc7edc231f999716e955c5\"},\"breadcrumb\":{\"@id\":\"https:\\\/\\\/www.strukturholding.de\\\/fr\\\/le-champion-en-coulisses-du-secteur-pharmaceutique-opte-pour-la-sarre\\\/#breadcrumb\"},\"inLanguage\":\"fr-FR\",\"potentialAction\":[{\"@type\":\"ReadAction\",\"target\":[\"https:\\\/\\\/www.strukturholding.de\\\/fr\\\/le-champion-en-coulisses-du-secteur-pharmaceutique-opte-pour-la-sarre\\\/\"]}]},{\"@type\":\"BreadcrumbList\",\"@id\":\"https:\\\/\\\/www.strukturholding.de\\\/fr\\\/le-champion-en-coulisses-du-secteur-pharmaceutique-opte-pour-la-sarre\\\/#breadcrumb\",\"itemListElement\":[{\"@type\":\"ListItem\",\"position\":1,\"name\":\"Startseite\",\"item\":\"https:\\\/\\\/www.strukturholding.de\\\/fr\\\/\"},{\"@type\":\"ListItem\",\"position\":2,\"name\":\"Le champion en coulisses du secteur pharmaceutique opte pour la Sarre\"}]},{\"@type\":\"WebSite\",\"@id\":\"https:\\\/\\\/www.strukturholding.de\\\/#website\",\"url\":\"https:\\\/\\\/www.strukturholding.de\\\/\",\"name\":\"SHS | Strukturholding Saar\",\"description\":\"\",\"potentialAction\":[{\"@type\":\"SearchAction\",\"target\":{\"@type\":\"EntryPoint\",\"urlTemplate\":\"https:\\\/\\\/www.strukturholding.de\\\/?s={search_term_string}\"},\"query-input\":{\"@type\":\"PropertyValueSpecification\",\"valueRequired\":true,\"valueName\":\"search_term_string\"}}],\"inLanguage\":\"fr-FR\"},{\"@type\":\"Person\",\"@id\":\"https:\\\/\\\/www.strukturholding.de\\\/#\\\/schema\\\/person\\\/6de28da221fc7edc231f999716e955c5\",\"name\":\"roseburgard\",\"url\":\"https:\\\/\\\/www.strukturholding.de\\\/fr\\\/author\\\/rose\\\/\"}]}<\/script>\n<!-- \/ Yoast SEO plugin. -->","yoast_head_json":{"title":"Le champion en coulisses du secteur pharmaceutique opte pour la Sarre - SHS | Strukturholding Saar","robots":{"index":"index","follow":"follow","max-snippet":"max-snippet:-1","max-image-preview":"max-image-preview:large","max-video-preview":"max-video-preview:-1"},"canonical":"https:\/\/www.strukturholding.de\/fr\/le-champion-en-coulisses-du-secteur-pharmaceutique-opte-pour-la-sarre\/","og_locale":"fr_FR","og_type":"article","og_title":"Le champion en coulisses du secteur pharmaceutique opte pour la Sarre - SHS | Strukturholding Saar","og_description":"Le champion en coulisses du secteur pharmaceutique opte pour la Sarre\u00a0: l\u2019entreprise familiale Vetter s\u2019installe","og_url":"https:\/\/www.strukturholding.de\/fr\/le-champion-en-coulisses-du-secteur-pharmaceutique-opte-pour-la-sarre\/","og_site_name":"SHS | Strukturholding Saar","article_published_time":"2024-06-14T12:40:30+00:00","article_modified_time":"2024-06-14T12:58:35+00:00","og_image":[{"width":1200,"height":630,"url":"https:\/\/www.strukturholding.de\/wp-content\/uploads\/2016\/10\/og_image_strukturholding.jpg","type":"image\/jpeg"}],"author":"roseburgard","twitter_misc":{"\u00c9crit par":"roseburgard","Dur\u00e9e de lecture estim\u00e9e":"5 minutes"},"schema":{"@context":"https:\/\/schema.org","@graph":[{"@type":"Article","@id":"https:\/\/www.strukturholding.de\/fr\/le-champion-en-coulisses-du-secteur-pharmaceutique-opte-pour-la-sarre\/#article","isPartOf":{"@id":"https:\/\/www.strukturholding.de\/fr\/le-champion-en-coulisses-du-secteur-pharmaceutique-opte-pour-la-sarre\/"},"author":{"name":"roseburgard","@id":"https:\/\/www.strukturholding.de\/#\/schema\/person\/6de28da221fc7edc231f999716e955c5"},"headline":"Le champion en coulisses du secteur pharmaceutique opte pour la Sarre","datePublished":"2024-06-14T12:40:30+00:00","dateModified":"2024-06-14T12:58:35+00:00","mainEntityOfPage":{"@id":"https:\/\/www.strukturholding.de\/fr\/le-champion-en-coulisses-du-secteur-pharmaceutique-opte-pour-la-sarre\/"},"wordCount":908,"articleSection":["G\u00e9n\u00e9ral"],"inLanguage":"fr-FR"},{"@type":"WebPage","@id":"https:\/\/www.strukturholding.de\/fr\/le-champion-en-coulisses-du-secteur-pharmaceutique-opte-pour-la-sarre\/","url":"https:\/\/www.strukturholding.de\/fr\/le-champion-en-coulisses-du-secteur-pharmaceutique-opte-pour-la-sarre\/","name":"Le champion en coulisses du secteur pharmaceutique opte pour la Sarre - SHS | Strukturholding Saar","isPartOf":{"@id":"https:\/\/www.strukturholding.de\/#website"},"datePublished":"2024-06-14T12:40:30+00:00","dateModified":"2024-06-14T12:58:35+00:00","author":{"@id":"https:\/\/www.strukturholding.de\/#\/schema\/person\/6de28da221fc7edc231f999716e955c5"},"breadcrumb":{"@id":"https:\/\/www.strukturholding.de\/fr\/le-champion-en-coulisses-du-secteur-pharmaceutique-opte-pour-la-sarre\/#breadcrumb"},"inLanguage":"fr-FR","potentialAction":[{"@type":"ReadAction","target":["https:\/\/www.strukturholding.de\/fr\/le-champion-en-coulisses-du-secteur-pharmaceutique-opte-pour-la-sarre\/"]}]},{"@type":"BreadcrumbList","@id":"https:\/\/www.strukturholding.de\/fr\/le-champion-en-coulisses-du-secteur-pharmaceutique-opte-pour-la-sarre\/#breadcrumb","itemListElement":[{"@type":"ListItem","position":1,"name":"Startseite","item":"https:\/\/www.strukturholding.de\/fr\/"},{"@type":"ListItem","position":2,"name":"Le champion en coulisses du secteur pharmaceutique opte pour la Sarre"}]},{"@type":"WebSite","@id":"https:\/\/www.strukturholding.de\/#website","url":"https:\/\/www.strukturholding.de\/","name":"SHS | Strukturholding Saar","description":"","potentialAction":[{"@type":"SearchAction","target":{"@type":"EntryPoint","urlTemplate":"https:\/\/www.strukturholding.de\/?s={search_term_string}"},"query-input":{"@type":"PropertyValueSpecification","valueRequired":true,"valueName":"search_term_string"}}],"inLanguage":"fr-FR"},{"@type":"Person","@id":"https:\/\/www.strukturholding.de\/#\/schema\/person\/6de28da221fc7edc231f999716e955c5","name":"roseburgard","url":"https:\/\/www.strukturholding.de\/fr\/author\/rose\/"}]}},"_links":{"self":[{"href":"https:\/\/www.strukturholding.de\/fr\/wp-json\/wp\/v2\/posts\/24231","targetHints":{"allow":["GET"]}}],"collection":[{"href":"https:\/\/www.strukturholding.de\/fr\/wp-json\/wp\/v2\/posts"}],"about":[{"href":"https:\/\/www.strukturholding.de\/fr\/wp-json\/wp\/v2\/types\/post"}],"author":[{"embeddable":true,"href":"https:\/\/www.strukturholding.de\/fr\/wp-json\/wp\/v2\/users\/7"}],"replies":[{"embeddable":true,"href":"https:\/\/www.strukturholding.de\/fr\/wp-json\/wp\/v2\/comments?post=24231"}],"version-history":[{"count":3,"href":"https:\/\/www.strukturholding.de\/fr\/wp-json\/wp\/v2\/posts\/24231\/revisions"}],"predecessor-version":[{"id":24242,"href":"https:\/\/www.strukturholding.de\/fr\/wp-json\/wp\/v2\/posts\/24231\/revisions\/24242"}],"wp:attachment":[{"href":"https:\/\/www.strukturholding.de\/fr\/wp-json\/wp\/v2\/media?parent=24231"}],"wp:term":[{"taxonomy":"category","embeddable":true,"href":"https:\/\/www.strukturholding.de\/fr\/wp-json\/wp\/v2\/categories?post=24231"},{"taxonomy":"post_tag","embeddable":true,"href":"https:\/\/www.strukturholding.de\/fr\/wp-json\/wp\/v2\/tags?post=24231"}],"curies":[{"name":"wp","href":"https:\/\/api.w.org\/{rel}","templated":true}]}}