{"id":23962,"date":"2024-05-07T15:45:12","date_gmt":"2024-05-07T13:45:12","guid":{"rendered":"https:\/\/www.strukturholding.de\/?p=23962"},"modified":"2024-05-07T15:45:12","modified_gmt":"2024-05-07T13:45:12","slug":"inauguration-de-linnovation-center-de-luniversite-de-la-sarre","status":"publish","type":"post","link":"https:\/\/www.strukturholding.de\/fr\/inauguration-de-linnovation-center-de-luniversite-de-la-sarre\/","title":{"rendered":"Inauguration de l\u2019Innovation Center de l\u2019Universit\u00e9 de la Sarre"},"content":{"rendered":"<h1><strong>Inauguration de l\u2019Innovation Center de l\u2019Universit\u00e9 de la Sarre<\/strong><\/h1>\n<p>LEG Service, une filiale de SHS, s\u2019est charg\u00e9e de la gestion du projet et de la coordination de la s\u00e9curit\u00e9 et de la protection de la sant\u00e9 dans le cadre de la cr\u00e9ation d\u2019un nouveau centre d\u2019innovation \u00e0 Sarrebruck pour l\u2019Universit\u00e9 de la Sarre. Une fois de plus, une des soci\u00e9t\u00e9s SHS a contribu\u00e9 avec son savoir-faire \u00e0 la r\u00e9alisation de projets d\u2019avenir en Sarre\u00a0\u2013 comme ici au campus universitaire.<\/p>\n<p>C\u2019est ainsi que, le 25 avril, a \u00e9t\u00e9 inaugur\u00e9 directement en face du <a href=\"https:\/\/www.science-park-saar.de\/fr\/\">&gt;&gt; Science Park Saar<\/a> l\u2019\u00ab\u00a0Innovation Center\u00a0\u00bb dont la construction vient tout juste d\u2019\u00eatre achev\u00e9e. Une \u00e9volution importante pour le transfert de technologie qui offrira aux \u00e9tudiants, aux chercheurs, aux personnes int\u00e9ress\u00e9es par la cr\u00e9ation d\u2019entreprise ainsi qu\u2019\u00e0 l\u2019\u00e9conomie un lieu interdisciplinaire d\u2019\u00e9changes cr\u00e9atifs, de mise en r\u00e9seau, de mise au point de nouvelles id\u00e9es dont il sera possible de r\u00e9aliser de premiers prototypes.<\/p>\n<p><strong>Le bon endroit<\/strong><br \/>\nL\u2019arri\u00e8re du b\u00e2timent longe le <em>Stuhlsatzenhausweg<\/em>. Un endroit propice \u00e9tant donn\u00e9 qu\u2019on y trouve aussi d\u2019autres instituts de recherche extra-universitaires situ\u00e9s au campus, par exemple le Helmholtz Center for Information Security (CISPA) ou le b\u00e2timent de KIST avec sa r\u00e9sidence d\u2019h\u00f4tes. La SHS Strukturholding Saar a aussi grandement contribu\u00e9 \u00e0 son d\u00e9veloppement et agrandissement structurel.<\/p>\n<p><strong>Conditions optimales<\/strong><br \/>\nC\u2019est sur quatre \u00e9tages que ce b\u00e2timent aux dimensions ext\u00e9rieures de 48\u00a0m x 18\u00a0m offre aux chercheurs, aux personnes int\u00e9ress\u00e9es par la cr\u00e9ation d\u2019entreprise et aux entreprises r\u00e9gionales l\u2019espace id\u00e9al et les ressources adapt\u00e9es \u00e0 un \u00e9change anim\u00e9 ainsi que des actions et \u00e9v\u00e8nements. Ici, des groupes de travail intersectoriels peuvent d\u00e9velopper leurs id\u00e9es et prototypes dans un laboratoire cr\u00e9atif sp\u00e9cial. Plus de 100 postes de travail y ont \u00e9t\u00e9 cr\u00e9\u00e9s.<br \/>\nVaste et claire avec une ouverture \u00e0 l\u2019ouest et une entr\u00e9e au sud en direction de la sculpture noire \u00ab\u00a0Torque\u00a0\u00bb, la zone d\u2019entr\u00e9e est con\u00e7ue pour la communication et les actions ouvertes.<br \/>\nLe rez-de-chauss\u00e9e spacieux repr\u00e9sente le c\u0153ur du b\u00e2timent, avec de multiples possibilit\u00e9s conceptionnelles pour exposer des objets scientifiques ainsi que des salles de travail librement accessibles. \u00c0 l\u2019autre bout, le rez-de-chauss\u00e9e d\u00e9bouche sur un grand syst\u00e8me d\u2019escalier ouvert (\u00ab\u00a0<em>Sitztreppe<\/em>\u00a0\u00bb), qui s\u00b4\u00e9tend le long d\u2019un grand mur vitr\u00e9 jusqu\u2019au premier \u00e9tage.<br \/>\nAu deuxi\u00e8me \u00e9tage, la structure des locaux est flexible et peut \u00eatre modifi\u00e9e si n\u00e9cessaire. Il y a de l\u00b4espace pour les activit\u00e9s aussi bien des personnes int\u00e9ress\u00e9es \u00e0 cr\u00e9er une entreprise dans la phase d\u2019entr\u00e9e sur le march\u00e9 que des groupes de projet scientifiques orient\u00e9s vers l\u2019application.<br \/>\nAu dernier \u00e9tage, un centre de congr\u00e8s et de formation avec des salles multifonctionnelles offre de la place pour plus de 200 personnes. La terrasse sur le toit avec lounge lumineux convient aux plus divers formats d\u2019\u00e9v\u00e8nements int\u00e9rieurs et ext\u00e9rieurs, et elle offre une vue magnifique sur les toits environnants ainsi que sur le paysage verdoyant autour du campus.<\/p>\n<p>Avec sa fa\u00e7ade-rideau compos\u00e9e d\u2019\u00e9l\u00e9ments en aluminium et d\u2019acier similaire \u00e0 celle du Science Park avoisinant, l\u2019Innovation Center a \u00e9t\u00e9 construit en l\u2019espace de trois ann\u00e9es seulement. Il a \u00e9t\u00e9 financ\u00e9 par le Fonds europ\u00e9en de d\u00e9veloppement r\u00e9gional (FEDER) ainsi que par le Land. En tout, ce sont env. 21 millions d\u2019euros qui ont \u00e9t\u00e9 n\u00e9cessaires pour ce b\u00e2timent neuf, \u00e9quipement de base inclus.<\/p>\n","protected":false},"excerpt":{"rendered":"<p>Inauguration de l\u2019Innovation Center de l\u2019Universit\u00e9 de la Sarre LEG Service, une filiale de SHS,<\/p>\n","protected":false},"author":7,"featured_media":0,"comment_status":"closed","ping_status":"closed","sticky":false,"template":"","format":"standard","meta":{"_acf_changed":false,"footnotes":""},"categories":[3],"tags":[],"class_list":["post-23962","post","type-post","status-publish","format-standard","hentry","category-generale"],"acf":[],"yoast_head":"<!-- This site is optimized with the Yoast SEO plugin v27.4 - https:\/\/yoast.com\/product\/yoast-seo-wordpress\/ -->\n<title>Inauguration de l\u2019Innovation Center de l\u2019Universit\u00e9 de la Sarre - SHS | Strukturholding Saar<\/title>\n<meta name=\"robots\" content=\"index, follow, max-snippet:-1, max-image-preview:large, max-video-preview:-1\" \/>\n<link rel=\"canonical\" href=\"https:\/\/www.strukturholding.de\/fr\/inauguration-de-linnovation-center-de-luniversite-de-la-sarre\/\" \/>\n<meta property=\"og:locale\" content=\"fr_FR\" \/>\n<meta property=\"og:type\" content=\"article\" \/>\n<meta property=\"og:title\" content=\"Inauguration de l\u2019Innovation Center de l\u2019Universit\u00e9 de la Sarre - SHS | Strukturholding Saar\" \/>\n<meta property=\"og:description\" content=\"Inauguration de l\u2019Innovation Center de l\u2019Universit\u00e9 de la Sarre LEG Service, une filiale de SHS,\" \/>\n<meta property=\"og:url\" content=\"https:\/\/www.strukturholding.de\/fr\/inauguration-de-linnovation-center-de-luniversite-de-la-sarre\/\" \/>\n<meta property=\"og:site_name\" content=\"SHS | Strukturholding Saar\" \/>\n<meta property=\"article:published_time\" content=\"2024-05-07T13:45:12+00:00\" \/>\n<meta property=\"og:image\" content=\"https:\/\/www.strukturholding.de\/wp-content\/uploads\/2016\/10\/og_image_strukturholding.jpg\" \/>\n\t<meta property=\"og:image:width\" content=\"1200\" \/>\n\t<meta property=\"og:image:height\" content=\"630\" \/>\n\t<meta property=\"og:image:type\" content=\"image\/jpeg\" \/>\n<meta name=\"author\" content=\"roseburgard\" \/>\n<meta name=\"twitter:label1\" content=\"\u00c9crit par\" \/>\n\t<meta name=\"twitter:data1\" content=\"roseburgard\" \/>\n\t<meta name=\"twitter:label2\" content=\"Dur\u00e9e de lecture estim\u00e9e\" \/>\n\t<meta name=\"twitter:data2\" content=\"4 minutes\" \/>\n<script type=\"application\/ld+json\" class=\"yoast-schema-graph\">{\"@context\":\"https:\\\/\\\/schema.org\",\"@graph\":[{\"@type\":\"Article\",\"@id\":\"https:\\\/\\\/www.strukturholding.de\\\/fr\\\/inauguration-de-linnovation-center-de-luniversite-de-la-sarre\\\/#article\",\"isPartOf\":{\"@id\":\"https:\\\/\\\/www.strukturholding.de\\\/fr\\\/inauguration-de-linnovation-center-de-luniversite-de-la-sarre\\\/\"},\"author\":{\"name\":\"roseburgard\",\"@id\":\"https:\\\/\\\/www.strukturholding.de\\\/#\\\/schema\\\/person\\\/6de28da221fc7edc231f999716e955c5\"},\"headline\":\"Inauguration de l\u2019Innovation Center de l\u2019Universit\u00e9 de la Sarre\",\"datePublished\":\"2024-05-07T13:45:12+00:00\",\"mainEntityOfPage\":{\"@id\":\"https:\\\/\\\/www.strukturholding.de\\\/fr\\\/inauguration-de-linnovation-center-de-luniversite-de-la-sarre\\\/\"},\"wordCount\":643,\"articleSection\":[\"G\u00e9n\u00e9ral\"],\"inLanguage\":\"fr-FR\"},{\"@type\":\"WebPage\",\"@id\":\"https:\\\/\\\/www.strukturholding.de\\\/fr\\\/inauguration-de-linnovation-center-de-luniversite-de-la-sarre\\\/\",\"url\":\"https:\\\/\\\/www.strukturholding.de\\\/fr\\\/inauguration-de-linnovation-center-de-luniversite-de-la-sarre\\\/\",\"name\":\"Inauguration de l\u2019Innovation Center de l\u2019Universit\u00e9 de la Sarre - SHS | Strukturholding Saar\",\"isPartOf\":{\"@id\":\"https:\\\/\\\/www.strukturholding.de\\\/#website\"},\"datePublished\":\"2024-05-07T13:45:12+00:00\",\"author\":{\"@id\":\"https:\\\/\\\/www.strukturholding.de\\\/#\\\/schema\\\/person\\\/6de28da221fc7edc231f999716e955c5\"},\"breadcrumb\":{\"@id\":\"https:\\\/\\\/www.strukturholding.de\\\/fr\\\/inauguration-de-linnovation-center-de-luniversite-de-la-sarre\\\/#breadcrumb\"},\"inLanguage\":\"fr-FR\",\"potentialAction\":[{\"@type\":\"ReadAction\",\"target\":[\"https:\\\/\\\/www.strukturholding.de\\\/fr\\\/inauguration-de-linnovation-center-de-luniversite-de-la-sarre\\\/\"]}]},{\"@type\":\"BreadcrumbList\",\"@id\":\"https:\\\/\\\/www.strukturholding.de\\\/fr\\\/inauguration-de-linnovation-center-de-luniversite-de-la-sarre\\\/#breadcrumb\",\"itemListElement\":[{\"@type\":\"ListItem\",\"position\":1,\"name\":\"Startseite\",\"item\":\"https:\\\/\\\/www.strukturholding.de\\\/fr\\\/\"},{\"@type\":\"ListItem\",\"position\":2,\"name\":\"Inauguration de l\u2019Innovation Center de l\u2019Universit\u00e9 de la Sarre\"}]},{\"@type\":\"WebSite\",\"@id\":\"https:\\\/\\\/www.strukturholding.de\\\/#website\",\"url\":\"https:\\\/\\\/www.strukturholding.de\\\/\",\"name\":\"SHS | Strukturholding Saar\",\"description\":\"\",\"potentialAction\":[{\"@type\":\"SearchAction\",\"target\":{\"@type\":\"EntryPoint\",\"urlTemplate\":\"https:\\\/\\\/www.strukturholding.de\\\/?s={search_term_string}\"},\"query-input\":{\"@type\":\"PropertyValueSpecification\",\"valueRequired\":true,\"valueName\":\"search_term_string\"}}],\"inLanguage\":\"fr-FR\"},{\"@type\":\"Person\",\"@id\":\"https:\\\/\\\/www.strukturholding.de\\\/#\\\/schema\\\/person\\\/6de28da221fc7edc231f999716e955c5\",\"name\":\"roseburgard\",\"url\":\"https:\\\/\\\/www.strukturholding.de\\\/fr\\\/author\\\/rose\\\/\"}]}<\/script>\n<!-- \/ Yoast SEO plugin. -->","yoast_head_json":{"title":"Inauguration de l\u2019Innovation Center de l\u2019Universit\u00e9 de la Sarre - SHS | Strukturholding Saar","robots":{"index":"index","follow":"follow","max-snippet":"max-snippet:-1","max-image-preview":"max-image-preview:large","max-video-preview":"max-video-preview:-1"},"canonical":"https:\/\/www.strukturholding.de\/fr\/inauguration-de-linnovation-center-de-luniversite-de-la-sarre\/","og_locale":"fr_FR","og_type":"article","og_title":"Inauguration de l\u2019Innovation Center de l\u2019Universit\u00e9 de la Sarre - SHS | Strukturholding Saar","og_description":"Inauguration de l\u2019Innovation Center de l\u2019Universit\u00e9 de la Sarre LEG Service, une filiale de SHS,","og_url":"https:\/\/www.strukturholding.de\/fr\/inauguration-de-linnovation-center-de-luniversite-de-la-sarre\/","og_site_name":"SHS | Strukturholding Saar","article_published_time":"2024-05-07T13:45:12+00:00","og_image":[{"width":1200,"height":630,"url":"https:\/\/www.strukturholding.de\/wp-content\/uploads\/2016\/10\/og_image_strukturholding.jpg","type":"image\/jpeg"}],"author":"roseburgard","twitter_misc":{"\u00c9crit par":"roseburgard","Dur\u00e9e de lecture estim\u00e9e":"4 minutes"},"schema":{"@context":"https:\/\/schema.org","@graph":[{"@type":"Article","@id":"https:\/\/www.strukturholding.de\/fr\/inauguration-de-linnovation-center-de-luniversite-de-la-sarre\/#article","isPartOf":{"@id":"https:\/\/www.strukturholding.de\/fr\/inauguration-de-linnovation-center-de-luniversite-de-la-sarre\/"},"author":{"name":"roseburgard","@id":"https:\/\/www.strukturholding.de\/#\/schema\/person\/6de28da221fc7edc231f999716e955c5"},"headline":"Inauguration de l\u2019Innovation Center de l\u2019Universit\u00e9 de la Sarre","datePublished":"2024-05-07T13:45:12+00:00","mainEntityOfPage":{"@id":"https:\/\/www.strukturholding.de\/fr\/inauguration-de-linnovation-center-de-luniversite-de-la-sarre\/"},"wordCount":643,"articleSection":["G\u00e9n\u00e9ral"],"inLanguage":"fr-FR"},{"@type":"WebPage","@id":"https:\/\/www.strukturholding.de\/fr\/inauguration-de-linnovation-center-de-luniversite-de-la-sarre\/","url":"https:\/\/www.strukturholding.de\/fr\/inauguration-de-linnovation-center-de-luniversite-de-la-sarre\/","name":"Inauguration de l\u2019Innovation Center de l\u2019Universit\u00e9 de la Sarre - SHS | Strukturholding Saar","isPartOf":{"@id":"https:\/\/www.strukturholding.de\/#website"},"datePublished":"2024-05-07T13:45:12+00:00","author":{"@id":"https:\/\/www.strukturholding.de\/#\/schema\/person\/6de28da221fc7edc231f999716e955c5"},"breadcrumb":{"@id":"https:\/\/www.strukturholding.de\/fr\/inauguration-de-linnovation-center-de-luniversite-de-la-sarre\/#breadcrumb"},"inLanguage":"fr-FR","potentialAction":[{"@type":"ReadAction","target":["https:\/\/www.strukturholding.de\/fr\/inauguration-de-linnovation-center-de-luniversite-de-la-sarre\/"]}]},{"@type":"BreadcrumbList","@id":"https:\/\/www.strukturholding.de\/fr\/inauguration-de-linnovation-center-de-luniversite-de-la-sarre\/#breadcrumb","itemListElement":[{"@type":"ListItem","position":1,"name":"Startseite","item":"https:\/\/www.strukturholding.de\/fr\/"},{"@type":"ListItem","position":2,"name":"Inauguration de l\u2019Innovation Center de l\u2019Universit\u00e9 de la Sarre"}]},{"@type":"WebSite","@id":"https:\/\/www.strukturholding.de\/#website","url":"https:\/\/www.strukturholding.de\/","name":"SHS | Strukturholding Saar","description":"","potentialAction":[{"@type":"SearchAction","target":{"@type":"EntryPoint","urlTemplate":"https:\/\/www.strukturholding.de\/?s={search_term_string}"},"query-input":{"@type":"PropertyValueSpecification","valueRequired":true,"valueName":"search_term_string"}}],"inLanguage":"fr-FR"},{"@type":"Person","@id":"https:\/\/www.strukturholding.de\/#\/schema\/person\/6de28da221fc7edc231f999716e955c5","name":"roseburgard","url":"https:\/\/www.strukturholding.de\/fr\/author\/rose\/"}]}},"_links":{"self":[{"href":"https:\/\/www.strukturholding.de\/fr\/wp-json\/wp\/v2\/posts\/23962","targetHints":{"allow":["GET"]}}],"collection":[{"href":"https:\/\/www.strukturholding.de\/fr\/wp-json\/wp\/v2\/posts"}],"about":[{"href":"https:\/\/www.strukturholding.de\/fr\/wp-json\/wp\/v2\/types\/post"}],"author":[{"embeddable":true,"href":"https:\/\/www.strukturholding.de\/fr\/wp-json\/wp\/v2\/users\/7"}],"replies":[{"embeddable":true,"href":"https:\/\/www.strukturholding.de\/fr\/wp-json\/wp\/v2\/comments?post=23962"}],"version-history":[{"count":4,"href":"https:\/\/www.strukturholding.de\/fr\/wp-json\/wp\/v2\/posts\/23962\/revisions"}],"predecessor-version":[{"id":23966,"href":"https:\/\/www.strukturholding.de\/fr\/wp-json\/wp\/v2\/posts\/23962\/revisions\/23966"}],"wp:attachment":[{"href":"https:\/\/www.strukturholding.de\/fr\/wp-json\/wp\/v2\/media?parent=23962"}],"wp:term":[{"taxonomy":"category","embeddable":true,"href":"https:\/\/www.strukturholding.de\/fr\/wp-json\/wp\/v2\/categories?post=23962"},{"taxonomy":"post_tag","embeddable":true,"href":"https:\/\/www.strukturholding.de\/fr\/wp-json\/wp\/v2\/tags?post=23962"}],"curies":[{"name":"wp","href":"https:\/\/api.w.org\/{rel}","templated":true}]}}