{"id":23727,"date":"2024-02-22T16:11:37","date_gmt":"2024-02-22T15:11:37","guid":{"rendered":"https:\/\/www.strukturholding.de\/?p=23727"},"modified":"2024-02-22T16:11:37","modified_gmt":"2024-02-22T15:11:37","slug":"de-nouveaux-vehicules-de-pompiers-pour-laeroport-de-saarbruecken","status":"publish","type":"post","link":"https:\/\/www.strukturholding.de\/fr\/de-nouveaux-vehicules-de-pompiers-pour-laeroport-de-saarbruecken\/","title":{"rendered":"De nouveaux v\u00e9hicules de pompiers pour l&rsquo;a\u00e9roport de Saarbr\u00fccken"},"content":{"rendered":"<h1><strong>De nouveaux v\u00e9hicules de pompiers pour l&rsquo;a\u00e9roport<br \/>\n<\/strong><\/h1>\n<p><strong>Le 16 f\u00e9vrier, deux camions de pompiers ultramodernes \u00e9taient mis en service \u00e0 l&rsquo;a\u00e9roport de Sarrebruck. Les v\u00e9hicules sont un investissement \u00e0 long terme dans la s\u00e9curit\u00e9 des passagers et dans l&rsquo;ensemble des op\u00e9rations a\u00e9riennes. En outre, ils sont plus \u00e9conomiques que leurs pr\u00e9d\u00e9cesseurs tout en offrant des meilleures performances.<\/strong><\/p>\n<p><strong>\u200b<\/strong>La mise en service officielle des deux nouveaux v\u00e9hicules de pompiers \u00abAdvancer FLF 60\/100\u00bb a eu lieu avec une pr\u00e9sentation des performances par le g\u00e9rant de l&rsquo;a\u00e9roport, Thomas Schuck. Ils remplaceront d\u00e8s maintenant les deux v\u00e9hicules \u00abPanther\u00bb.<\/p>\n<p>\u200b\u00abAvec les nouveaux v\u00e9hicules, nous travaillons au plus haut niveau de s\u00e9curit\u00e9 sur une longue p\u00e9riode pour les passagers et les compagnies a\u00e9riennes. Les mod\u00e8les correspondent \u00e0 l&rsquo;\u00e9tat actuel de la technologie et, gr\u00e2ce \u00e0 leur \u00e9quipement moderne, r\u00e9pondent aux exigences pr\u00e9sentes et futures. En outre, ils sont aussi plus \u00e9conomiques que les vieux v\u00e9hicules. Toutefois, j&rsquo;esp\u00e8re que les nouveaux v\u00e9hicules ne devront pas \u00eatre utilis\u00e9s plus souvent que leurs pr\u00e9d\u00e9cesseurs\u00bb, a d\u00e9clar\u00e9 Thomas Schuck.<\/p>\n<p>\u200bLes \u00abAdvancers\u00bb du producteur Albert Ziegler GmbH, entreprise internationale sp\u00e9cialis\u00e9e dans la gestion des interventions d&rsquo;urgence et des op\u00e9rations, sont \u00e9quipp\u00e9s d&rsquo;un r\u00e9servoir d&rsquo;eau de 10.000 litres, d&rsquo;un r\u00e9servoir d\u00b4agent moussant de 1.100 litres ainsi que d&rsquo;un syst\u00e8me d&rsquo;extinction \u00e0 poudre de 450 kg et d&rsquo;un syst\u00e8me d&rsquo;extinction au CO2 novateur de 120 kg. Avec une tourelle de toit et une tourelle avant, les agents extincteurs peuvent \u00eatre utilis\u00e9s en parall\u00e8le et ind\u00e9pendamment l\u00b4un de l\u00b4autre. Les cam\u00e9ras thermiques et l\u2019alignement des agents extincteurs assist\u00e9 par laser assurent une efficacit\u00e9 maximale. Gr\u00e2ce \u00e0 l&rsquo;automatisation tr\u00e8s \u00e9lev\u00e9e, l&rsquo;\u00e9quipage peut se concentrer pleinement sur la lutte contre l&rsquo;incendie.<\/p>\n<p>\u200bAinsi, les nouveaux v\u00e9hicules sont plus efficaces et, avec un poids de 30 tonnes sur un ch\u00e2ssis standard, aussi nettement plus l\u00e9gers que leurs pr\u00e9d\u00e9cesseurs vieux de pr\u00e8s de 20 ans. S\u00b4ajoute qu\u00b4ils poss\u00e8dent une autorisation de circulation r\u00e9guli\u00e8re et que la fourniture de pi\u00e8ces de rechange est garantie pour toute la dur\u00e9e de service. Au total, 1,15 million d&rsquo;euros ont \u00e9t\u00e9 investis dans les deux \u00abAdvancers\u00bb, y compris du mat\u00e9riel de lutte contre le feu et de l\u00b4\u00e9quippement sp\u00e9cial. Un investissement rentable \u00e0 moyen terme gr\u00e2ce \u00e0 son efficacit\u00e9 \u00e9conomique.<\/p>\n<p>\u200bLes \u00abPanther\u00bb seront vendus, l\u00b4un des v\u00e9hicules sera utilis\u00e9 dans une usine de pierre en Sarre.<\/p>\n","protected":false},"excerpt":{"rendered":"<p>De nouveaux v\u00e9hicules de pompiers pour l&rsquo;a\u00e9roport Le 16 f\u00e9vrier, deux camions de pompiers ultramodernes<\/p>\n","protected":false},"author":7,"featured_media":0,"comment_status":"closed","ping_status":"closed","sticky":false,"template":"","format":"standard","meta":{"_acf_changed":false,"footnotes":""},"categories":[3],"tags":[],"class_list":["post-23727","post","type-post","status-publish","format-standard","hentry","category-generale"],"acf":[],"yoast_head":"<!-- This site is optimized with the Yoast SEO plugin v27.4 - https:\/\/yoast.com\/product\/yoast-seo-wordpress\/ -->\n<title>De nouveaux v\u00e9hicules de pompiers pour l&#039;a\u00e9roport de Saarbr\u00fccken - SHS | Strukturholding Saar<\/title>\n<meta name=\"robots\" content=\"index, follow, max-snippet:-1, max-image-preview:large, max-video-preview:-1\" \/>\n<link rel=\"canonical\" href=\"https:\/\/www.strukturholding.de\/fr\/de-nouveaux-vehicules-de-pompiers-pour-laeroport-de-saarbruecken\/\" \/>\n<meta property=\"og:locale\" content=\"fr_FR\" \/>\n<meta property=\"og:type\" content=\"article\" \/>\n<meta property=\"og:title\" content=\"De nouveaux v\u00e9hicules de pompiers pour l&#039;a\u00e9roport de Saarbr\u00fccken - SHS | Strukturholding Saar\" \/>\n<meta property=\"og:description\" content=\"De nouveaux v\u00e9hicules de pompiers pour l&rsquo;a\u00e9roport Le 16 f\u00e9vrier, deux camions de pompiers ultramodernes\" \/>\n<meta property=\"og:url\" content=\"https:\/\/www.strukturholding.de\/fr\/de-nouveaux-vehicules-de-pompiers-pour-laeroport-de-saarbruecken\/\" \/>\n<meta property=\"og:site_name\" content=\"SHS | Strukturholding Saar\" \/>\n<meta property=\"article:published_time\" content=\"2024-02-22T15:11:37+00:00\" \/>\n<meta property=\"og:image\" content=\"https:\/\/www.strukturholding.de\/wp-content\/uploads\/2016\/10\/og_image_strukturholding.jpg\" \/>\n\t<meta property=\"og:image:width\" content=\"1200\" \/>\n\t<meta property=\"og:image:height\" content=\"630\" \/>\n\t<meta property=\"og:image:type\" content=\"image\/jpeg\" \/>\n<meta name=\"author\" content=\"roseburgard\" \/>\n<meta name=\"twitter:label1\" content=\"\u00c9crit par\" \/>\n\t<meta name=\"twitter:data1\" content=\"roseburgard\" \/>\n\t<meta name=\"twitter:label2\" content=\"Dur\u00e9e de lecture estim\u00e9e\" \/>\n\t<meta name=\"twitter:data2\" content=\"3 minutes\" \/>\n<script type=\"application\/ld+json\" class=\"yoast-schema-graph\">{\"@context\":\"https:\\\/\\\/schema.org\",\"@graph\":[{\"@type\":\"Article\",\"@id\":\"https:\\\/\\\/www.strukturholding.de\\\/fr\\\/de-nouveaux-vehicules-de-pompiers-pour-laeroport-de-saarbruecken\\\/#article\",\"isPartOf\":{\"@id\":\"https:\\\/\\\/www.strukturholding.de\\\/fr\\\/de-nouveaux-vehicules-de-pompiers-pour-laeroport-de-saarbruecken\\\/\"},\"author\":{\"name\":\"roseburgard\",\"@id\":\"https:\\\/\\\/www.strukturholding.de\\\/#\\\/schema\\\/person\\\/6de28da221fc7edc231f999716e955c5\"},\"headline\":\"De nouveaux v\u00e9hicules de pompiers pour l&rsquo;a\u00e9roport de Saarbr\u00fccken\",\"datePublished\":\"2024-02-22T15:11:37+00:00\",\"mainEntityOfPage\":{\"@id\":\"https:\\\/\\\/www.strukturholding.de\\\/fr\\\/de-nouveaux-vehicules-de-pompiers-pour-laeroport-de-saarbruecken\\\/\"},\"wordCount\":448,\"articleSection\":[\"G\u00e9n\u00e9ral\"],\"inLanguage\":\"fr-FR\"},{\"@type\":\"WebPage\",\"@id\":\"https:\\\/\\\/www.strukturholding.de\\\/fr\\\/de-nouveaux-vehicules-de-pompiers-pour-laeroport-de-saarbruecken\\\/\",\"url\":\"https:\\\/\\\/www.strukturholding.de\\\/fr\\\/de-nouveaux-vehicules-de-pompiers-pour-laeroport-de-saarbruecken\\\/\",\"name\":\"De nouveaux v\u00e9hicules de pompiers pour l'a\u00e9roport de Saarbr\u00fccken - SHS | Strukturholding Saar\",\"isPartOf\":{\"@id\":\"https:\\\/\\\/www.strukturholding.de\\\/#website\"},\"datePublished\":\"2024-02-22T15:11:37+00:00\",\"author\":{\"@id\":\"https:\\\/\\\/www.strukturholding.de\\\/#\\\/schema\\\/person\\\/6de28da221fc7edc231f999716e955c5\"},\"breadcrumb\":{\"@id\":\"https:\\\/\\\/www.strukturholding.de\\\/fr\\\/de-nouveaux-vehicules-de-pompiers-pour-laeroport-de-saarbruecken\\\/#breadcrumb\"},\"inLanguage\":\"fr-FR\",\"potentialAction\":[{\"@type\":\"ReadAction\",\"target\":[\"https:\\\/\\\/www.strukturholding.de\\\/fr\\\/de-nouveaux-vehicules-de-pompiers-pour-laeroport-de-saarbruecken\\\/\"]}]},{\"@type\":\"BreadcrumbList\",\"@id\":\"https:\\\/\\\/www.strukturholding.de\\\/fr\\\/de-nouveaux-vehicules-de-pompiers-pour-laeroport-de-saarbruecken\\\/#breadcrumb\",\"itemListElement\":[{\"@type\":\"ListItem\",\"position\":1,\"name\":\"Startseite\",\"item\":\"https:\\\/\\\/www.strukturholding.de\\\/fr\\\/\"},{\"@type\":\"ListItem\",\"position\":2,\"name\":\"De nouveaux v\u00e9hicules de pompiers pour l&rsquo;a\u00e9roport de Saarbr\u00fccken\"}]},{\"@type\":\"WebSite\",\"@id\":\"https:\\\/\\\/www.strukturholding.de\\\/#website\",\"url\":\"https:\\\/\\\/www.strukturholding.de\\\/\",\"name\":\"SHS | Strukturholding Saar\",\"description\":\"\",\"potentialAction\":[{\"@type\":\"SearchAction\",\"target\":{\"@type\":\"EntryPoint\",\"urlTemplate\":\"https:\\\/\\\/www.strukturholding.de\\\/?s={search_term_string}\"},\"query-input\":{\"@type\":\"PropertyValueSpecification\",\"valueRequired\":true,\"valueName\":\"search_term_string\"}}],\"inLanguage\":\"fr-FR\"},{\"@type\":\"Person\",\"@id\":\"https:\\\/\\\/www.strukturholding.de\\\/#\\\/schema\\\/person\\\/6de28da221fc7edc231f999716e955c5\",\"name\":\"roseburgard\",\"url\":\"https:\\\/\\\/www.strukturholding.de\\\/fr\\\/author\\\/rose\\\/\"}]}<\/script>\n<!-- \/ Yoast SEO plugin. -->","yoast_head_json":{"title":"De nouveaux v\u00e9hicules de pompiers pour l'a\u00e9roport de Saarbr\u00fccken - SHS | Strukturholding Saar","robots":{"index":"index","follow":"follow","max-snippet":"max-snippet:-1","max-image-preview":"max-image-preview:large","max-video-preview":"max-video-preview:-1"},"canonical":"https:\/\/www.strukturholding.de\/fr\/de-nouveaux-vehicules-de-pompiers-pour-laeroport-de-saarbruecken\/","og_locale":"fr_FR","og_type":"article","og_title":"De nouveaux v\u00e9hicules de pompiers pour l'a\u00e9roport de Saarbr\u00fccken - SHS | Strukturholding Saar","og_description":"De nouveaux v\u00e9hicules de pompiers pour l&rsquo;a\u00e9roport Le 16 f\u00e9vrier, deux camions de pompiers ultramodernes","og_url":"https:\/\/www.strukturholding.de\/fr\/de-nouveaux-vehicules-de-pompiers-pour-laeroport-de-saarbruecken\/","og_site_name":"SHS | Strukturholding Saar","article_published_time":"2024-02-22T15:11:37+00:00","og_image":[{"width":1200,"height":630,"url":"https:\/\/www.strukturholding.de\/wp-content\/uploads\/2016\/10\/og_image_strukturholding.jpg","type":"image\/jpeg"}],"author":"roseburgard","twitter_misc":{"\u00c9crit par":"roseburgard","Dur\u00e9e de lecture estim\u00e9e":"3 minutes"},"schema":{"@context":"https:\/\/schema.org","@graph":[{"@type":"Article","@id":"https:\/\/www.strukturholding.de\/fr\/de-nouveaux-vehicules-de-pompiers-pour-laeroport-de-saarbruecken\/#article","isPartOf":{"@id":"https:\/\/www.strukturholding.de\/fr\/de-nouveaux-vehicules-de-pompiers-pour-laeroport-de-saarbruecken\/"},"author":{"name":"roseburgard","@id":"https:\/\/www.strukturholding.de\/#\/schema\/person\/6de28da221fc7edc231f999716e955c5"},"headline":"De nouveaux v\u00e9hicules de pompiers pour l&rsquo;a\u00e9roport de Saarbr\u00fccken","datePublished":"2024-02-22T15:11:37+00:00","mainEntityOfPage":{"@id":"https:\/\/www.strukturholding.de\/fr\/de-nouveaux-vehicules-de-pompiers-pour-laeroport-de-saarbruecken\/"},"wordCount":448,"articleSection":["G\u00e9n\u00e9ral"],"inLanguage":"fr-FR"},{"@type":"WebPage","@id":"https:\/\/www.strukturholding.de\/fr\/de-nouveaux-vehicules-de-pompiers-pour-laeroport-de-saarbruecken\/","url":"https:\/\/www.strukturholding.de\/fr\/de-nouveaux-vehicules-de-pompiers-pour-laeroport-de-saarbruecken\/","name":"De nouveaux v\u00e9hicules de pompiers pour l'a\u00e9roport de Saarbr\u00fccken - SHS | Strukturholding Saar","isPartOf":{"@id":"https:\/\/www.strukturholding.de\/#website"},"datePublished":"2024-02-22T15:11:37+00:00","author":{"@id":"https:\/\/www.strukturholding.de\/#\/schema\/person\/6de28da221fc7edc231f999716e955c5"},"breadcrumb":{"@id":"https:\/\/www.strukturholding.de\/fr\/de-nouveaux-vehicules-de-pompiers-pour-laeroport-de-saarbruecken\/#breadcrumb"},"inLanguage":"fr-FR","potentialAction":[{"@type":"ReadAction","target":["https:\/\/www.strukturholding.de\/fr\/de-nouveaux-vehicules-de-pompiers-pour-laeroport-de-saarbruecken\/"]}]},{"@type":"BreadcrumbList","@id":"https:\/\/www.strukturholding.de\/fr\/de-nouveaux-vehicules-de-pompiers-pour-laeroport-de-saarbruecken\/#breadcrumb","itemListElement":[{"@type":"ListItem","position":1,"name":"Startseite","item":"https:\/\/www.strukturholding.de\/fr\/"},{"@type":"ListItem","position":2,"name":"De nouveaux v\u00e9hicules de pompiers pour l&rsquo;a\u00e9roport de Saarbr\u00fccken"}]},{"@type":"WebSite","@id":"https:\/\/www.strukturholding.de\/#website","url":"https:\/\/www.strukturholding.de\/","name":"SHS | Strukturholding Saar","description":"","potentialAction":[{"@type":"SearchAction","target":{"@type":"EntryPoint","urlTemplate":"https:\/\/www.strukturholding.de\/?s={search_term_string}"},"query-input":{"@type":"PropertyValueSpecification","valueRequired":true,"valueName":"search_term_string"}}],"inLanguage":"fr-FR"},{"@type":"Person","@id":"https:\/\/www.strukturholding.de\/#\/schema\/person\/6de28da221fc7edc231f999716e955c5","name":"roseburgard","url":"https:\/\/www.strukturholding.de\/fr\/author\/rose\/"}]}},"_links":{"self":[{"href":"https:\/\/www.strukturholding.de\/fr\/wp-json\/wp\/v2\/posts\/23727","targetHints":{"allow":["GET"]}}],"collection":[{"href":"https:\/\/www.strukturholding.de\/fr\/wp-json\/wp\/v2\/posts"}],"about":[{"href":"https:\/\/www.strukturholding.de\/fr\/wp-json\/wp\/v2\/types\/post"}],"author":[{"embeddable":true,"href":"https:\/\/www.strukturholding.de\/fr\/wp-json\/wp\/v2\/users\/7"}],"replies":[{"embeddable":true,"href":"https:\/\/www.strukturholding.de\/fr\/wp-json\/wp\/v2\/comments?post=23727"}],"version-history":[{"count":3,"href":"https:\/\/www.strukturholding.de\/fr\/wp-json\/wp\/v2\/posts\/23727\/revisions"}],"predecessor-version":[{"id":23730,"href":"https:\/\/www.strukturholding.de\/fr\/wp-json\/wp\/v2\/posts\/23727\/revisions\/23730"}],"wp:attachment":[{"href":"https:\/\/www.strukturholding.de\/fr\/wp-json\/wp\/v2\/media?parent=23727"}],"wp:term":[{"taxonomy":"category","embeddable":true,"href":"https:\/\/www.strukturholding.de\/fr\/wp-json\/wp\/v2\/categories?post=23727"},{"taxonomy":"post_tag","embeddable":true,"href":"https:\/\/www.strukturholding.de\/fr\/wp-json\/wp\/v2\/tags?post=23727"}],"curies":[{"name":"wp","href":"https:\/\/api.w.org\/{rel}","templated":true}]}}