{"id":23627,"date":"2024-01-25T09:44:38","date_gmt":"2024-01-25T08:44:38","guid":{"rendered":"https:\/\/www.strukturholding.de\/saar-unternehmer-treffen-wasserstoffbeauftragten-unterstuetzung-bei-anschluss-an-ueberregionales-wasserstoffnetz\/"},"modified":"2024-02-15T14:33:14","modified_gmt":"2024-02-15T13:33:14","slug":"saar-unternehmer-treffen-wasserstoffbeauftragten-unterstuetzung-bei-anschluss-an-ueberregionales-wasserstoffnetz","status":"publish","type":"post","link":"https:\/\/www.strukturholding.de\/fr\/saar-unternehmer-treffen-wasserstoffbeauftragten-unterstuetzung-bei-anschluss-an-ueberregionales-wasserstoffnetz\/","title":{"rendered":"Rencontre d\u00b4entrepreneurs sarrois et le responsable de l&rsquo;hydrog\u00e8ne du groupe parlementaire SPD"},"content":{"rendered":"<h1><strong>Rencontre d\u00b4entrepreneurs sarrois et le responsable de l&rsquo;hydrog\u00e8ne du groupe parlementaire SPD: soutien au raccordement au r\u00e9seau suprar\u00e9gional de l&rsquo;hydrog\u00e8ne<\/strong><\/h1>\n<p>Lors de la table ronde de haut niveau organis\u00e9e le 24 janvier et compos\u00e9e d\u00b4entrepreneurs sarrois et le responsable de l&rsquo;hydrog\u00e8ne du groupe parlementaire SPD Andreas Rimkus, ce dernier a assur\u00e9 son soutien au raccordement de la Sarre au r\u00e9seau suprar\u00e9gional de l&rsquo;hydrog\u00e8ne. La Saarl\u00e4ndische Wasserstoffagentur GmbH (h2saar) avait invit\u00e9.<\/p>\n<p>\u200b\u00c0 l&rsquo;occasion de sa visite en Sarre, le responsable de l\u00b4hydrog\u00e8ne du groupe parlementaire SPD Andreas Rimkus et des repr\u00e9sentants d&rsquo;entreprises sarroises se sont rencontr\u00e9s dans les locaux du minist\u00e8re de l&rsquo;\u00c9conomie pour une table ronde. \u00c9taient \u00e9galement pr\u00e9sents le repr\u00e9sentant de la Sarre aupr\u00e8s du gouvernement f\u00e9d\u00e9ral, le secr\u00e9taire d&rsquo;\u00c9tat Thorsten Bischoff, le repr\u00e9sentant de la Sarre pour le changement structurel Dr. Frank N\u00e4gele, ainsi que des repr\u00e9sentants du Verband der Saarh\u00fctten.<\/p>\n<p>\u00c0 l&rsquo;invitation et sous la mod\u00e9ration de h2saar, de nombreux th\u00e8mes d\u00b4importance pour le raccordement r\u00e9ussi de la Sarre \u00e0 un r\u00e9seau d&rsquo;hydrog\u00e8ne suprar\u00e9gional \u00e9taient discut\u00e9s: des exigences techniques aux redevances d\u00b4utilisation des r\u00e9seaux aux conditions imp\u00e9ratives quant \u00e0 l\u00b4appui financier et \u00e0 la loi. Avec Iqony, Stahl-Holding Saar, EnergieSaarLorLux, Bosch et Creos, des entreprises et acteurs importants s\u00b4il s\u00b4agit de d\u00e9velopper l&rsquo;\u00e9conomie sarroise de l&rsquo;hydrog\u00e8ne \u00e9taient repr\u00e9sent\u00e9s.<\/p>\n<p>Les repr\u00e9sentants des entreprises sarroises soulignaient qu&rsquo;un acc\u00e8s rapide \u00e0 l&rsquo;hydrog\u00e8ne est d\u00b4une tr\u00e8s grande importance pour leurs entreprises. Un large accord existait que les conditions-cadres devaient \u00eatre clairement d\u00e9finies afin que la transformation puisse \u00eatre accomplie avec succ\u00e8s aux d\u00e9lais pr\u00e9vus.<\/p>\n<p>Andreas Rimkus a assur\u00e9 qu&rsquo;il s\u00b4engagerait pour qu\u00b4une connexion rapide soit possible et pour que les entreprises locales ne soient pas d\u00e9savantag\u00e9es en comparaison aux concurrents des autres L\u00e4nder.<\/p>\n<p>\u00abNous sommes tr\u00e8s heureux que M. Rimkus ait pris le temps pour cette discussion. Cela nous montre que la Sarre se trouve de plus en plus au centre de l&rsquo;attention politique \u00e9galement au niveau f\u00e9d\u00e9ral. Une condition pr\u00e9alable de relevance pour que notre r\u00e9gion comme site industriel puisse s&rsquo;orienter avec succ\u00e8s vers un avenir climatiquement neutre\u00bb, a d\u00e9clar\u00e9 la g\u00e9rante de la Wasserstoffagentur, Dr. Bettina H\u00fcbschen.<\/p>\n<p>\u200b<\/p>\n","protected":false},"excerpt":{"rendered":"<p>Rencontre d\u00b4entrepreneurs sarrois et le responsable de l&rsquo;hydrog\u00e8ne du groupe parlementaire SPD: soutien au raccordement<\/p>\n","protected":false},"author":8,"featured_media":0,"comment_status":"closed","ping_status":"closed","sticky":false,"template":"","format":"standard","meta":{"_acf_changed":false,"footnotes":""},"categories":[156],"tags":[],"class_list":["post-23627","post","type-post","status-publish","format-standard","hentry","category-h2saar-fr"],"acf":[],"yoast_head":"<!-- This site is optimized with the Yoast SEO plugin v27.4 - https:\/\/yoast.com\/product\/yoast-seo-wordpress\/ -->\n<title>Rencontre d\u00b4entrepreneurs sarrois et le responsable de l&#039;hydrog\u00e8ne du groupe parlementaire SPD - SHS | Strukturholding Saar<\/title>\n<meta name=\"robots\" content=\"index, follow, max-snippet:-1, max-image-preview:large, max-video-preview:-1\" \/>\n<link rel=\"canonical\" href=\"https:\/\/www.strukturholding.de\/fr\/saar-unternehmer-treffen-wasserstoffbeauftragten-unterstuetzung-bei-anschluss-an-ueberregionales-wasserstoffnetz\/\" \/>\n<meta property=\"og:locale\" content=\"fr_FR\" \/>\n<meta property=\"og:type\" content=\"article\" \/>\n<meta property=\"og:title\" content=\"Rencontre d\u00b4entrepreneurs sarrois et le responsable de l&#039;hydrog\u00e8ne du groupe parlementaire SPD - SHS | Strukturholding Saar\" \/>\n<meta property=\"og:description\" content=\"Rencontre d\u00b4entrepreneurs sarrois et le responsable de l&rsquo;hydrog\u00e8ne du groupe parlementaire SPD: soutien au raccordement\" \/>\n<meta property=\"og:url\" content=\"https:\/\/www.strukturholding.de\/fr\/saar-unternehmer-treffen-wasserstoffbeauftragten-unterstuetzung-bei-anschluss-an-ueberregionales-wasserstoffnetz\/\" \/>\n<meta property=\"og:site_name\" content=\"SHS | Strukturholding Saar\" \/>\n<meta property=\"article:published_time\" content=\"2024-01-25T08:44:38+00:00\" \/>\n<meta property=\"article:modified_time\" content=\"2024-02-15T13:33:14+00:00\" \/>\n<meta property=\"og:image\" content=\"https:\/\/www.strukturholding.de\/wp-content\/uploads\/2016\/10\/og_image_strukturholding.jpg\" \/>\n\t<meta property=\"og:image:width\" content=\"1200\" \/>\n\t<meta property=\"og:image:height\" content=\"630\" \/>\n\t<meta property=\"og:image:type\" content=\"image\/jpeg\" \/>\n<meta name=\"author\" content=\"marcneuhardt\" \/>\n<meta name=\"twitter:label1\" content=\"\u00c9crit par\" \/>\n\t<meta name=\"twitter:data1\" content=\"marcneuhardt\" \/>\n\t<meta name=\"twitter:label2\" content=\"Dur\u00e9e de lecture estim\u00e9e\" \/>\n\t<meta name=\"twitter:data2\" content=\"2 minutes\" \/>\n<script type=\"application\/ld+json\" class=\"yoast-schema-graph\">{\"@context\":\"https:\\\/\\\/schema.org\",\"@graph\":[{\"@type\":\"Article\",\"@id\":\"https:\\\/\\\/www.strukturholding.de\\\/fr\\\/saar-unternehmer-treffen-wasserstoffbeauftragten-unterstuetzung-bei-anschluss-an-ueberregionales-wasserstoffnetz\\\/#article\",\"isPartOf\":{\"@id\":\"https:\\\/\\\/www.strukturholding.de\\\/fr\\\/saar-unternehmer-treffen-wasserstoffbeauftragten-unterstuetzung-bei-anschluss-an-ueberregionales-wasserstoffnetz\\\/\"},\"author\":{\"name\":\"marcneuhardt\",\"@id\":\"https:\\\/\\\/www.strukturholding.de\\\/#\\\/schema\\\/person\\\/9a16d7201991ccc62960722ad53cac61\"},\"headline\":\"Rencontre d\u00b4entrepreneurs sarrois et le responsable de l&rsquo;hydrog\u00e8ne du groupe parlementaire SPD\",\"datePublished\":\"2024-01-25T08:44:38+00:00\",\"dateModified\":\"2024-02-15T13:33:14+00:00\",\"mainEntityOfPage\":{\"@id\":\"https:\\\/\\\/www.strukturholding.de\\\/fr\\\/saar-unternehmer-treffen-wasserstoffbeauftragten-unterstuetzung-bei-anschluss-an-ueberregionales-wasserstoffnetz\\\/\"},\"wordCount\":429,\"articleSection\":[\"h2saar\"],\"inLanguage\":\"fr-FR\"},{\"@type\":\"WebPage\",\"@id\":\"https:\\\/\\\/www.strukturholding.de\\\/fr\\\/saar-unternehmer-treffen-wasserstoffbeauftragten-unterstuetzung-bei-anschluss-an-ueberregionales-wasserstoffnetz\\\/\",\"url\":\"https:\\\/\\\/www.strukturholding.de\\\/fr\\\/saar-unternehmer-treffen-wasserstoffbeauftragten-unterstuetzung-bei-anschluss-an-ueberregionales-wasserstoffnetz\\\/\",\"name\":\"Rencontre d\u00b4entrepreneurs sarrois et le responsable de l'hydrog\u00e8ne du groupe parlementaire SPD - SHS | Strukturholding Saar\",\"isPartOf\":{\"@id\":\"https:\\\/\\\/www.strukturholding.de\\\/#website\"},\"datePublished\":\"2024-01-25T08:44:38+00:00\",\"dateModified\":\"2024-02-15T13:33:14+00:00\",\"author\":{\"@id\":\"https:\\\/\\\/www.strukturholding.de\\\/#\\\/schema\\\/person\\\/9a16d7201991ccc62960722ad53cac61\"},\"breadcrumb\":{\"@id\":\"https:\\\/\\\/www.strukturholding.de\\\/fr\\\/saar-unternehmer-treffen-wasserstoffbeauftragten-unterstuetzung-bei-anschluss-an-ueberregionales-wasserstoffnetz\\\/#breadcrumb\"},\"inLanguage\":\"fr-FR\",\"potentialAction\":[{\"@type\":\"ReadAction\",\"target\":[\"https:\\\/\\\/www.strukturholding.de\\\/fr\\\/saar-unternehmer-treffen-wasserstoffbeauftragten-unterstuetzung-bei-anschluss-an-ueberregionales-wasserstoffnetz\\\/\"]}]},{\"@type\":\"BreadcrumbList\",\"@id\":\"https:\\\/\\\/www.strukturholding.de\\\/fr\\\/saar-unternehmer-treffen-wasserstoffbeauftragten-unterstuetzung-bei-anschluss-an-ueberregionales-wasserstoffnetz\\\/#breadcrumb\",\"itemListElement\":[{\"@type\":\"ListItem\",\"position\":1,\"name\":\"Startseite\",\"item\":\"https:\\\/\\\/www.strukturholding.de\\\/fr\\\/\"},{\"@type\":\"ListItem\",\"position\":2,\"name\":\"Rencontre d\u00b4entrepreneurs sarrois et le responsable de l&#8217;hydrog\u00e8ne du groupe parlementaire SPD\"}]},{\"@type\":\"WebSite\",\"@id\":\"https:\\\/\\\/www.strukturholding.de\\\/#website\",\"url\":\"https:\\\/\\\/www.strukturholding.de\\\/\",\"name\":\"SHS | Strukturholding Saar\",\"description\":\"\",\"potentialAction\":[{\"@type\":\"SearchAction\",\"target\":{\"@type\":\"EntryPoint\",\"urlTemplate\":\"https:\\\/\\\/www.strukturholding.de\\\/?s={search_term_string}\"},\"query-input\":{\"@type\":\"PropertyValueSpecification\",\"valueRequired\":true,\"valueName\":\"search_term_string\"}}],\"inLanguage\":\"fr-FR\"},{\"@type\":\"Person\",\"@id\":\"https:\\\/\\\/www.strukturholding.de\\\/#\\\/schema\\\/person\\\/9a16d7201991ccc62960722ad53cac61\",\"name\":\"marcneuhardt\",\"url\":\"https:\\\/\\\/www.strukturholding.de\\\/fr\\\/author\\\/marc-neuhardt\\\/\"}]}<\/script>\n<!-- \/ Yoast SEO plugin. -->","yoast_head_json":{"title":"Rencontre d\u00b4entrepreneurs sarrois et le responsable de l'hydrog\u00e8ne du groupe parlementaire SPD - SHS | Strukturholding Saar","robots":{"index":"index","follow":"follow","max-snippet":"max-snippet:-1","max-image-preview":"max-image-preview:large","max-video-preview":"max-video-preview:-1"},"canonical":"https:\/\/www.strukturholding.de\/fr\/saar-unternehmer-treffen-wasserstoffbeauftragten-unterstuetzung-bei-anschluss-an-ueberregionales-wasserstoffnetz\/","og_locale":"fr_FR","og_type":"article","og_title":"Rencontre d\u00b4entrepreneurs sarrois et le responsable de l'hydrog\u00e8ne du groupe parlementaire SPD - SHS | Strukturholding Saar","og_description":"Rencontre d\u00b4entrepreneurs sarrois et le responsable de l&rsquo;hydrog\u00e8ne du groupe parlementaire SPD: soutien au raccordement","og_url":"https:\/\/www.strukturholding.de\/fr\/saar-unternehmer-treffen-wasserstoffbeauftragten-unterstuetzung-bei-anschluss-an-ueberregionales-wasserstoffnetz\/","og_site_name":"SHS | Strukturholding Saar","article_published_time":"2024-01-25T08:44:38+00:00","article_modified_time":"2024-02-15T13:33:14+00:00","og_image":[{"width":1200,"height":630,"url":"https:\/\/www.strukturholding.de\/wp-content\/uploads\/2016\/10\/og_image_strukturholding.jpg","type":"image\/jpeg"}],"author":"marcneuhardt","twitter_misc":{"\u00c9crit par":"marcneuhardt","Dur\u00e9e de lecture estim\u00e9e":"2 minutes"},"schema":{"@context":"https:\/\/schema.org","@graph":[{"@type":"Article","@id":"https:\/\/www.strukturholding.de\/fr\/saar-unternehmer-treffen-wasserstoffbeauftragten-unterstuetzung-bei-anschluss-an-ueberregionales-wasserstoffnetz\/#article","isPartOf":{"@id":"https:\/\/www.strukturholding.de\/fr\/saar-unternehmer-treffen-wasserstoffbeauftragten-unterstuetzung-bei-anschluss-an-ueberregionales-wasserstoffnetz\/"},"author":{"name":"marcneuhardt","@id":"https:\/\/www.strukturholding.de\/#\/schema\/person\/9a16d7201991ccc62960722ad53cac61"},"headline":"Rencontre d\u00b4entrepreneurs sarrois et le responsable de l&rsquo;hydrog\u00e8ne du groupe parlementaire SPD","datePublished":"2024-01-25T08:44:38+00:00","dateModified":"2024-02-15T13:33:14+00:00","mainEntityOfPage":{"@id":"https:\/\/www.strukturholding.de\/fr\/saar-unternehmer-treffen-wasserstoffbeauftragten-unterstuetzung-bei-anschluss-an-ueberregionales-wasserstoffnetz\/"},"wordCount":429,"articleSection":["h2saar"],"inLanguage":"fr-FR"},{"@type":"WebPage","@id":"https:\/\/www.strukturholding.de\/fr\/saar-unternehmer-treffen-wasserstoffbeauftragten-unterstuetzung-bei-anschluss-an-ueberregionales-wasserstoffnetz\/","url":"https:\/\/www.strukturholding.de\/fr\/saar-unternehmer-treffen-wasserstoffbeauftragten-unterstuetzung-bei-anschluss-an-ueberregionales-wasserstoffnetz\/","name":"Rencontre d\u00b4entrepreneurs sarrois et le responsable de l'hydrog\u00e8ne du groupe parlementaire SPD - SHS | Strukturholding Saar","isPartOf":{"@id":"https:\/\/www.strukturholding.de\/#website"},"datePublished":"2024-01-25T08:44:38+00:00","dateModified":"2024-02-15T13:33:14+00:00","author":{"@id":"https:\/\/www.strukturholding.de\/#\/schema\/person\/9a16d7201991ccc62960722ad53cac61"},"breadcrumb":{"@id":"https:\/\/www.strukturholding.de\/fr\/saar-unternehmer-treffen-wasserstoffbeauftragten-unterstuetzung-bei-anschluss-an-ueberregionales-wasserstoffnetz\/#breadcrumb"},"inLanguage":"fr-FR","potentialAction":[{"@type":"ReadAction","target":["https:\/\/www.strukturholding.de\/fr\/saar-unternehmer-treffen-wasserstoffbeauftragten-unterstuetzung-bei-anschluss-an-ueberregionales-wasserstoffnetz\/"]}]},{"@type":"BreadcrumbList","@id":"https:\/\/www.strukturholding.de\/fr\/saar-unternehmer-treffen-wasserstoffbeauftragten-unterstuetzung-bei-anschluss-an-ueberregionales-wasserstoffnetz\/#breadcrumb","itemListElement":[{"@type":"ListItem","position":1,"name":"Startseite","item":"https:\/\/www.strukturholding.de\/fr\/"},{"@type":"ListItem","position":2,"name":"Rencontre d\u00b4entrepreneurs sarrois et le responsable de l&#8217;hydrog\u00e8ne du groupe parlementaire SPD"}]},{"@type":"WebSite","@id":"https:\/\/www.strukturholding.de\/#website","url":"https:\/\/www.strukturholding.de\/","name":"SHS | Strukturholding Saar","description":"","potentialAction":[{"@type":"SearchAction","target":{"@type":"EntryPoint","urlTemplate":"https:\/\/www.strukturholding.de\/?s={search_term_string}"},"query-input":{"@type":"PropertyValueSpecification","valueRequired":true,"valueName":"search_term_string"}}],"inLanguage":"fr-FR"},{"@type":"Person","@id":"https:\/\/www.strukturholding.de\/#\/schema\/person\/9a16d7201991ccc62960722ad53cac61","name":"marcneuhardt","url":"https:\/\/www.strukturholding.de\/fr\/author\/marc-neuhardt\/"}]}},"_links":{"self":[{"href":"https:\/\/www.strukturholding.de\/fr\/wp-json\/wp\/v2\/posts\/23627","targetHints":{"allow":["GET"]}}],"collection":[{"href":"https:\/\/www.strukturholding.de\/fr\/wp-json\/wp\/v2\/posts"}],"about":[{"href":"https:\/\/www.strukturholding.de\/fr\/wp-json\/wp\/v2\/types\/post"}],"author":[{"embeddable":true,"href":"https:\/\/www.strukturholding.de\/fr\/wp-json\/wp\/v2\/users\/8"}],"replies":[{"embeddable":true,"href":"https:\/\/www.strukturholding.de\/fr\/wp-json\/wp\/v2\/comments?post=23627"}],"version-history":[{"count":3,"href":"https:\/\/www.strukturholding.de\/fr\/wp-json\/wp\/v2\/posts\/23627\/revisions"}],"predecessor-version":[{"id":23647,"href":"https:\/\/www.strukturholding.de\/fr\/wp-json\/wp\/v2\/posts\/23627\/revisions\/23647"}],"wp:attachment":[{"href":"https:\/\/www.strukturholding.de\/fr\/wp-json\/wp\/v2\/media?parent=23627"}],"wp:term":[{"taxonomy":"category","embeddable":true,"href":"https:\/\/www.strukturholding.de\/fr\/wp-json\/wp\/v2\/categories?post=23627"},{"taxonomy":"post_tag","embeddable":true,"href":"https:\/\/www.strukturholding.de\/fr\/wp-json\/wp\/v2\/tags?post=23627"}],"curies":[{"name":"wp","href":"https:\/\/api.w.org\/{rel}","templated":true}]}}