{"id":23537,"date":"2023-12-20T17:45:40","date_gmt":"2023-12-20T16:45:40","guid":{"rendered":"https:\/\/www.strukturholding.de\/linienflugverbindung-saarbruecken-tuzla-eingeweiht\/"},"modified":"2024-01-16T14:10:36","modified_gmt":"2024-01-16T13:10:36","slug":"linienflugverbindung-saarbruecken-tuzla-eingeweiht","status":"publish","type":"post","link":"https:\/\/www.strukturholding.de\/fr\/linienflugverbindung-saarbruecken-tuzla-eingeweiht\/","title":{"rendered":"Inauguration de la liaison a\u00e9rienne r\u00e9guli\u00e8re Sarrebruck-Tuzla"},"content":{"rendered":"<h1><strong>Inauguration de la liaison a\u00e9rienne r\u00e9guli\u00e8re Sarrebruck-Tuzla: c\u00e9r\u00e9monie de bienvenue pour le premier avion<\/strong><\/h1>\n<p><strong>Aujourd&rsquo;hui (20 d\u00e9cembre), la compagnie a\u00e9rienne Lumiwings a \u00e9t\u00e9 accueillie par la traditionnelle c\u00e9r\u00e9monie du premier vol \u00e0 l&rsquo;a\u00e9roport de Sarrebruck. Dor\u00e9navant, la compagnie desservira la ligne a\u00e9rienne r\u00e9guli\u00e8re entre Sarrebruck et Tuzla &#8211; avec un avion plus grand que pr\u00e9vu initialement \u00e0 cause du nombre \u00e9lev\u00e9 des r\u00e9servations.<\/strong><\/p>\n<p>Avec l&rsquo;atterrissage du premier avion Lumiwings le 20 d\u00e9cembre \u00e0 16h40, la liaison a\u00e9rienne r\u00e9guli\u00e8re entre Sarrebruck et Tuzla (Bosnie-Herz\u00e9govine) a \u00e9t\u00e9 demarr\u00e9e. L&rsquo;a\u00e9roport a accueilli l&rsquo;avion de mani\u00e8re traditionnelle.<\/p>\n<p>\u00c0 cause du nombre de r\u00e9servations toujours haut, la compagnie a\u00e9rienne utilise actuellement un avion r\u00e9gulier Boeing 737-700 (149 si\u00e8ges) au lieu du jet r\u00e9gional Embraer E190 (118 si\u00e8ges) initialement pr\u00e9vu pour la route.<\/p>\n<p>Lumiwings dessert la ligne deux fois par semaine. Le mercredi, l&rsquo;avion d\u00e9colle de Sarrebruck \u00e0 17h20. Le samedi matin, la machine part pour Tuzla \u00e0 9h55. Les vols retour au d\u00e9part de Tuzla ont lieu le mercredi \u00e0 14h25 et le samedi \u00e0 7h00. La dur\u00e9e du vol est d&rsquo;un peu moins de deux heures.<\/p>\n","protected":false},"excerpt":{"rendered":"<p>Inauguration de la liaison a\u00e9rienne r\u00e9guli\u00e8re Sarrebruck-Tuzla: c\u00e9r\u00e9monie de bienvenue pour le premier avion Aujourd&rsquo;hui<\/p>\n","protected":false},"author":8,"featured_media":0,"comment_status":"closed","ping_status":"closed","sticky":false,"template":"","format":"standard","meta":{"_acf_changed":false,"footnotes":""},"categories":[138],"tags":[],"class_list":["post-23537","post","type-post","status-publish","format-standard","hentry","category-scn-fr"],"acf":[],"yoast_head":"<!-- This site is optimized with the Yoast SEO plugin v27.4 - https:\/\/yoast.com\/product\/yoast-seo-wordpress\/ -->\n<title>Inauguration de la liaison a\u00e9rienne r\u00e9guli\u00e8re Sarrebruck-Tuzla - SHS | Strukturholding Saar<\/title>\n<meta name=\"robots\" content=\"index, follow, max-snippet:-1, max-image-preview:large, max-video-preview:-1\" \/>\n<link rel=\"canonical\" href=\"https:\/\/www.strukturholding.de\/fr\/linienflugverbindung-saarbruecken-tuzla-eingeweiht\/\" \/>\n<meta property=\"og:locale\" content=\"fr_FR\" \/>\n<meta property=\"og:type\" content=\"article\" \/>\n<meta property=\"og:title\" content=\"Inauguration de la liaison a\u00e9rienne r\u00e9guli\u00e8re Sarrebruck-Tuzla - SHS | Strukturholding Saar\" \/>\n<meta property=\"og:description\" content=\"Inauguration de la liaison a\u00e9rienne r\u00e9guli\u00e8re Sarrebruck-Tuzla: c\u00e9r\u00e9monie de bienvenue pour le premier avion Aujourd&rsquo;hui\" \/>\n<meta property=\"og:url\" content=\"https:\/\/www.strukturholding.de\/fr\/linienflugverbindung-saarbruecken-tuzla-eingeweiht\/\" \/>\n<meta property=\"og:site_name\" content=\"SHS | Strukturholding Saar\" \/>\n<meta property=\"article:published_time\" content=\"2023-12-20T16:45:40+00:00\" \/>\n<meta property=\"article:modified_time\" content=\"2024-01-16T13:10:36+00:00\" \/>\n<meta property=\"og:image\" content=\"https:\/\/www.strukturholding.de\/wp-content\/uploads\/2016\/10\/og_image_strukturholding.jpg\" \/>\n\t<meta property=\"og:image:width\" content=\"1200\" \/>\n\t<meta property=\"og:image:height\" content=\"630\" \/>\n\t<meta property=\"og:image:type\" content=\"image\/jpeg\" \/>\n<meta name=\"author\" content=\"marcneuhardt\" \/>\n<meta name=\"twitter:label1\" content=\"\u00c9crit par\" \/>\n\t<meta name=\"twitter:data1\" content=\"marcneuhardt\" \/>\n\t<meta name=\"twitter:label2\" content=\"Dur\u00e9e de lecture estim\u00e9e\" \/>\n\t<meta name=\"twitter:data2\" content=\"2 minutes\" \/>\n<script type=\"application\/ld+json\" class=\"yoast-schema-graph\">{\"@context\":\"https:\\\/\\\/schema.org\",\"@graph\":[{\"@type\":\"Article\",\"@id\":\"https:\\\/\\\/www.strukturholding.de\\\/fr\\\/linienflugverbindung-saarbruecken-tuzla-eingeweiht\\\/#article\",\"isPartOf\":{\"@id\":\"https:\\\/\\\/www.strukturholding.de\\\/fr\\\/linienflugverbindung-saarbruecken-tuzla-eingeweiht\\\/\"},\"author\":{\"name\":\"marcneuhardt\",\"@id\":\"https:\\\/\\\/www.strukturholding.de\\\/#\\\/schema\\\/person\\\/9a16d7201991ccc62960722ad53cac61\"},\"headline\":\"Inauguration de la liaison a\u00e9rienne r\u00e9guli\u00e8re Sarrebruck-Tuzla\",\"datePublished\":\"2023-12-20T16:45:40+00:00\",\"dateModified\":\"2024-01-16T13:10:36+00:00\",\"mainEntityOfPage\":{\"@id\":\"https:\\\/\\\/www.strukturholding.de\\\/fr\\\/linienflugverbindung-saarbruecken-tuzla-eingeweiht\\\/\"},\"wordCount\":214,\"articleSection\":[\"SCN\"],\"inLanguage\":\"fr-FR\"},{\"@type\":\"WebPage\",\"@id\":\"https:\\\/\\\/www.strukturholding.de\\\/fr\\\/linienflugverbindung-saarbruecken-tuzla-eingeweiht\\\/\",\"url\":\"https:\\\/\\\/www.strukturholding.de\\\/fr\\\/linienflugverbindung-saarbruecken-tuzla-eingeweiht\\\/\",\"name\":\"Inauguration de la liaison a\u00e9rienne r\u00e9guli\u00e8re Sarrebruck-Tuzla - SHS | Strukturholding Saar\",\"isPartOf\":{\"@id\":\"https:\\\/\\\/www.strukturholding.de\\\/#website\"},\"datePublished\":\"2023-12-20T16:45:40+00:00\",\"dateModified\":\"2024-01-16T13:10:36+00:00\",\"author\":{\"@id\":\"https:\\\/\\\/www.strukturholding.de\\\/#\\\/schema\\\/person\\\/9a16d7201991ccc62960722ad53cac61\"},\"breadcrumb\":{\"@id\":\"https:\\\/\\\/www.strukturholding.de\\\/fr\\\/linienflugverbindung-saarbruecken-tuzla-eingeweiht\\\/#breadcrumb\"},\"inLanguage\":\"fr-FR\",\"potentialAction\":[{\"@type\":\"ReadAction\",\"target\":[\"https:\\\/\\\/www.strukturholding.de\\\/fr\\\/linienflugverbindung-saarbruecken-tuzla-eingeweiht\\\/\"]}]},{\"@type\":\"BreadcrumbList\",\"@id\":\"https:\\\/\\\/www.strukturholding.de\\\/fr\\\/linienflugverbindung-saarbruecken-tuzla-eingeweiht\\\/#breadcrumb\",\"itemListElement\":[{\"@type\":\"ListItem\",\"position\":1,\"name\":\"Startseite\",\"item\":\"https:\\\/\\\/www.strukturholding.de\\\/fr\\\/\"},{\"@type\":\"ListItem\",\"position\":2,\"name\":\"Inauguration de la liaison a\u00e9rienne r\u00e9guli\u00e8re Sarrebruck-Tuzla\"}]},{\"@type\":\"WebSite\",\"@id\":\"https:\\\/\\\/www.strukturholding.de\\\/#website\",\"url\":\"https:\\\/\\\/www.strukturholding.de\\\/\",\"name\":\"SHS | Strukturholding Saar\",\"description\":\"\",\"potentialAction\":[{\"@type\":\"SearchAction\",\"target\":{\"@type\":\"EntryPoint\",\"urlTemplate\":\"https:\\\/\\\/www.strukturholding.de\\\/?s={search_term_string}\"},\"query-input\":{\"@type\":\"PropertyValueSpecification\",\"valueRequired\":true,\"valueName\":\"search_term_string\"}}],\"inLanguage\":\"fr-FR\"},{\"@type\":\"Person\",\"@id\":\"https:\\\/\\\/www.strukturholding.de\\\/#\\\/schema\\\/person\\\/9a16d7201991ccc62960722ad53cac61\",\"name\":\"marcneuhardt\",\"url\":\"https:\\\/\\\/www.strukturholding.de\\\/fr\\\/author\\\/marc-neuhardt\\\/\"}]}<\/script>\n<!-- \/ Yoast SEO plugin. -->","yoast_head_json":{"title":"Inauguration de la liaison a\u00e9rienne r\u00e9guli\u00e8re Sarrebruck-Tuzla - SHS | Strukturholding Saar","robots":{"index":"index","follow":"follow","max-snippet":"max-snippet:-1","max-image-preview":"max-image-preview:large","max-video-preview":"max-video-preview:-1"},"canonical":"https:\/\/www.strukturholding.de\/fr\/linienflugverbindung-saarbruecken-tuzla-eingeweiht\/","og_locale":"fr_FR","og_type":"article","og_title":"Inauguration de la liaison a\u00e9rienne r\u00e9guli\u00e8re Sarrebruck-Tuzla - SHS | Strukturholding Saar","og_description":"Inauguration de la liaison a\u00e9rienne r\u00e9guli\u00e8re Sarrebruck-Tuzla: c\u00e9r\u00e9monie de bienvenue pour le premier avion Aujourd&rsquo;hui","og_url":"https:\/\/www.strukturholding.de\/fr\/linienflugverbindung-saarbruecken-tuzla-eingeweiht\/","og_site_name":"SHS | Strukturholding Saar","article_published_time":"2023-12-20T16:45:40+00:00","article_modified_time":"2024-01-16T13:10:36+00:00","og_image":[{"width":1200,"height":630,"url":"https:\/\/www.strukturholding.de\/wp-content\/uploads\/2016\/10\/og_image_strukturholding.jpg","type":"image\/jpeg"}],"author":"marcneuhardt","twitter_misc":{"\u00c9crit par":"marcneuhardt","Dur\u00e9e de lecture estim\u00e9e":"2 minutes"},"schema":{"@context":"https:\/\/schema.org","@graph":[{"@type":"Article","@id":"https:\/\/www.strukturholding.de\/fr\/linienflugverbindung-saarbruecken-tuzla-eingeweiht\/#article","isPartOf":{"@id":"https:\/\/www.strukturholding.de\/fr\/linienflugverbindung-saarbruecken-tuzla-eingeweiht\/"},"author":{"name":"marcneuhardt","@id":"https:\/\/www.strukturholding.de\/#\/schema\/person\/9a16d7201991ccc62960722ad53cac61"},"headline":"Inauguration de la liaison a\u00e9rienne r\u00e9guli\u00e8re Sarrebruck-Tuzla","datePublished":"2023-12-20T16:45:40+00:00","dateModified":"2024-01-16T13:10:36+00:00","mainEntityOfPage":{"@id":"https:\/\/www.strukturholding.de\/fr\/linienflugverbindung-saarbruecken-tuzla-eingeweiht\/"},"wordCount":214,"articleSection":["SCN"],"inLanguage":"fr-FR"},{"@type":"WebPage","@id":"https:\/\/www.strukturholding.de\/fr\/linienflugverbindung-saarbruecken-tuzla-eingeweiht\/","url":"https:\/\/www.strukturholding.de\/fr\/linienflugverbindung-saarbruecken-tuzla-eingeweiht\/","name":"Inauguration de la liaison a\u00e9rienne r\u00e9guli\u00e8re Sarrebruck-Tuzla - SHS | Strukturholding Saar","isPartOf":{"@id":"https:\/\/www.strukturholding.de\/#website"},"datePublished":"2023-12-20T16:45:40+00:00","dateModified":"2024-01-16T13:10:36+00:00","author":{"@id":"https:\/\/www.strukturholding.de\/#\/schema\/person\/9a16d7201991ccc62960722ad53cac61"},"breadcrumb":{"@id":"https:\/\/www.strukturholding.de\/fr\/linienflugverbindung-saarbruecken-tuzla-eingeweiht\/#breadcrumb"},"inLanguage":"fr-FR","potentialAction":[{"@type":"ReadAction","target":["https:\/\/www.strukturholding.de\/fr\/linienflugverbindung-saarbruecken-tuzla-eingeweiht\/"]}]},{"@type":"BreadcrumbList","@id":"https:\/\/www.strukturholding.de\/fr\/linienflugverbindung-saarbruecken-tuzla-eingeweiht\/#breadcrumb","itemListElement":[{"@type":"ListItem","position":1,"name":"Startseite","item":"https:\/\/www.strukturholding.de\/fr\/"},{"@type":"ListItem","position":2,"name":"Inauguration de la liaison a\u00e9rienne r\u00e9guli\u00e8re Sarrebruck-Tuzla"}]},{"@type":"WebSite","@id":"https:\/\/www.strukturholding.de\/#website","url":"https:\/\/www.strukturholding.de\/","name":"SHS | Strukturholding Saar","description":"","potentialAction":[{"@type":"SearchAction","target":{"@type":"EntryPoint","urlTemplate":"https:\/\/www.strukturholding.de\/?s={search_term_string}"},"query-input":{"@type":"PropertyValueSpecification","valueRequired":true,"valueName":"search_term_string"}}],"inLanguage":"fr-FR"},{"@type":"Person","@id":"https:\/\/www.strukturholding.de\/#\/schema\/person\/9a16d7201991ccc62960722ad53cac61","name":"marcneuhardt","url":"https:\/\/www.strukturholding.de\/fr\/author\/marc-neuhardt\/"}]}},"_links":{"self":[{"href":"https:\/\/www.strukturholding.de\/fr\/wp-json\/wp\/v2\/posts\/23537","targetHints":{"allow":["GET"]}}],"collection":[{"href":"https:\/\/www.strukturholding.de\/fr\/wp-json\/wp\/v2\/posts"}],"about":[{"href":"https:\/\/www.strukturholding.de\/fr\/wp-json\/wp\/v2\/types\/post"}],"author":[{"embeddable":true,"href":"https:\/\/www.strukturholding.de\/fr\/wp-json\/wp\/v2\/users\/8"}],"replies":[{"embeddable":true,"href":"https:\/\/www.strukturholding.de\/fr\/wp-json\/wp\/v2\/comments?post=23537"}],"version-history":[{"count":2,"href":"https:\/\/www.strukturholding.de\/fr\/wp-json\/wp\/v2\/posts\/23537\/revisions"}],"predecessor-version":[{"id":23541,"href":"https:\/\/www.strukturholding.de\/fr\/wp-json\/wp\/v2\/posts\/23537\/revisions\/23541"}],"wp:attachment":[{"href":"https:\/\/www.strukturholding.de\/fr\/wp-json\/wp\/v2\/media?parent=23537"}],"wp:term":[{"taxonomy":"category","embeddable":true,"href":"https:\/\/www.strukturholding.de\/fr\/wp-json\/wp\/v2\/categories?post=23537"},{"taxonomy":"post_tag","embeddable":true,"href":"https:\/\/www.strukturholding.de\/fr\/wp-json\/wp\/v2\/tags?post=23537"}],"curies":[{"name":"wp","href":"https:\/\/api.w.org\/{rel}","templated":true}]}}