{"id":23159,"date":"2023-10-30T09:18:17","date_gmt":"2023-10-30T08:18:17","guid":{"rendered":"https:\/\/www.strukturholding.de\/?p=23159"},"modified":"2023-11-29T11:54:13","modified_gmt":"2023-11-29T10:54:13","slug":"presentation-du-cadastre-des-friches-industrielles-brownfields-en-sarre","status":"publish","type":"post","link":"https:\/\/www.strukturholding.de\/fr\/presentation-du-cadastre-des-friches-industrielles-brownfields-en-sarre\/","title":{"rendered":"Pr\u00e9sentation du cadastre des friches industrielles (brownfields) en Sarre"},"content":{"rendered":"<h1><strong>\u00ab O\u00f9 tout s&rsquo;arr\u00eate, nous pouvons beaucoup bouger \u00bb : pr\u00e9sentation du cadastre des friches industrielles (<em>brownfield<\/em>s) en Sarre<\/strong><\/h1>\n<p>Le minist\u00e8re de l&rsquo;\u00c9conomie de la Sarre et la gwSaar Soci\u00e9t\u00e9 de Promotion \u00c9conomique de la Sarre ont pr\u00e9sent\u00e9 le cadastre des friches industrielles (<em>brownfield<\/em>s) en Sarre lors d&rsquo;un kick-off commun le lundi 16 octobre chez l&rsquo;entreprise DSV Road GmbH dans la zone industrielle et commerciale du \u00abZunderbaum\u00bb.<\/p>\n<p>Le ministre de l&rsquo;\u00c9conomie J\u00fcrgen Barke: \u00ab La Sarre est en transition. La transformation de notre site \u00e9conomique progresse &#8211; et nous devons maintenant exploiter tout son potentiel. Cela n\u00e9cessite de l&rsquo;espace et des terrains. L\u00b4\u00e9tablissement de nouvelles entreprises n\u00e9cessite donc une politique fonci\u00e8re tourn\u00e9e vers l\u2019avenir.\u00a0 La conversion et l&rsquo;utilisation d&rsquo;anciens terrains industriels constituent une ressource importante pour le d\u00e9veloppement \u00e9conomique de notre r\u00e9gion s\u00b4il s\u00b4agit de d\u00e9velopper des sites et des projets. Important dans ce contexte: la connaissance pr\u00e9coce des potentiels \u00e9mergents devient de plus en plus importante. Nous ne voulons pas que des terrains inexplor\u00e9s seront laiss\u00e9s friches pendant 20 ans, mais nous voulons initier une exploitation ult\u00e9rieure avant la cessation d\u00b4activit\u00e9 d\u00b4une entreprise.\u00bb<\/p>\n<p>\u200bM\u00eame l\u00e0 o\u00f9 la transformation \u00e9loigne les entreprises du march\u00e9, il faut intervenir t\u00f4t et accompagner le processus de transformation, explique Barke. \u00ab Il s&rsquo;agit de soutenir d\u00b4une\u00a0 mani\u00e8re structur\u00e9e la reprise des terrains et des halles et de cr\u00e9er ainsi une transition sans heurt vers les industries d&rsquo;avenir. \u00bb Ici, la gwSaar joue un r\u00f4le important. Gr\u00e2ce \u00e0 l&rsquo;enqu\u00eate annuelle sur le potentiel des surfaces, elle dispose d&rsquo;une vue d&rsquo;ensemble compl\u00e8te des surfaces commerciales en Sarre. Depuis 20 ans, les r\u00e9sultats obtenus constituent une base essentielle pour les activit\u00e9s de d\u00e9veloppement \u00e9conomique de la gwSaar.<\/p>\n<p>\u200bThomas Schuck, g\u00e9rant de la gwSaar : \u00ab gwSaar est le premier point de contact pour les entreprises et les investisseurs \u00e0 la recherche d\u00b4une surface d&rsquo;implantation en Sarre. Le besoin de friches industrielles (<em>brownfields<\/em>) et leur acceptation ont beaucoup augment\u00e9 ces derni\u00e8res ann\u00e9es. Gr\u00e2ce \u00e0 son cadastre comprehensif, gwSaar peut d\u00e9sormais ajuster rapidement toutes les surfaces potentielles en Sarre aux exigences des entreprises et des investisseurs et leur proposer des friches industrielles (<em>brownfields<\/em>) et <em>greenfields<\/em> appropri\u00e9s. Cela est aussi int\u00e9ressant pour les entreprises sarroises qui disposent d\u2019espaces d\u2019exploitation inutilis\u00e9s. En tant que point de contact central pour les friches industrielles (<em>brownfields<\/em>), nous pouvons les enregistrer dans notre cadastre, vous conseiller sur les perspectives futures et \u00e9tablir des contacts avec les parties int\u00e9ress\u00e9es. Ainsi, les anciennes surfaces peuvent \u00eatre transform\u00e9es plus vite en une utilisation ult\u00e9rieure. Une situation gagnant-gagnant pour toutes les parties impliqu\u00e9es. \u00bb<\/p>\n<p>\u200bHanne Jensen, directrice commerciale de DSV Road en Allemagne et membre du directoire: \u00ab Nous aussi avons b\u00e9n\u00e9fici\u00e9 du travail excellent de la gwSaar il y a sept ans et avons pu d\u00e9velopper ici un site formidable. \u00c0 l\u00b4\u00e9poque, nous \u00e9tions confront\u00e9s au d\u00e9fi de fusionner nos trois succursales de Sarrebruck et de Sarrelouis et de cr\u00e9er un site permettant une croissance. Nous appr\u00e9cions donc le projet de d\u00e9velopper des terrains suppl\u00e9mentaires ici en Sarre et de continuer \u00e0 rendre le site \u00e9conomique attrayant et prosp\u00e8re. \u00bb<\/p>\n<p>\u200bDans le cadre de l&rsquo;enqu\u00eate annuelle de la gwSaar dans les communes, le potentiel des friches industrielles (<em>brownfields<\/em>) et les zones commerciales inutilis\u00e9es sont sp\u00e9cifiquement interrog\u00e9s. En compl\u00e9ment de la propre \u00e9tude de terrain men\u00e9e par la gwSaar, des photos a\u00e9riennes de diff\u00e9rentes ann\u00e9es dans toute la Sarre ont \u00e9t\u00e9 syst\u00e9matiquement analys\u00e9es en collaboration avec un prestataire de service sp\u00e9cialis\u00e9. Sur les images a\u00e9riennes, les mouvements de v\u00e9hicules, la croissance de la v\u00e9g\u00e9tation et l&rsquo;\u00e9volution de l&rsquo;\u00e9tat des b\u00e2timents (en particulier des toits) peuvent \u00eatre reconnus et compar\u00e9s. Les r\u00e9sultats sont v\u00e9rifi\u00e9s, par exemple, en les comparant avec des annuaires d&rsquo;entreprises (p. ex. faillites d&rsquo;entreprises). C\u2019est ainsi que sont identifi\u00e9es les friches industrielles (<em>brownfields<\/em>) et les terrains sous-utilis\u00e9s. Ces friches industrielles (<em>brownfields<\/em>) doivent \u00eatre de plus en plus utilis\u00e9es comme sites alternatifs aux <em>greenfields<\/em> dans les activit\u00e9s de d\u00e9veloppement \u00e9conomique de la gwSaar ou transf\u00e9r\u00e9es \u00e0 une autre utilisation ult\u00e9rieure.<\/p>\n<p>\u200b<\/p>\n<p>Pour de plus amples informations:<\/p>\n<p><a href=\"http:\/\/www.portal.germanys.saarland\">www.portal.germanys.saarland<\/a><\/p>\n<p><a href=\"http:\/\/www.germanys.saarland\">www.germanys.saarland<\/a><\/p>\n","protected":false},"excerpt":{"rendered":"<p>\u00ab O\u00f9 tout s&rsquo;arr\u00eate, nous pouvons beaucoup bouger \u00bb : pr\u00e9sentation du cadastre des friches<\/p>\n","protected":false},"author":7,"featured_media":0,"comment_status":"closed","ping_status":"closed","sticky":false,"template":"","format":"standard","meta":{"_acf_changed":false,"footnotes":""},"categories":[3],"tags":[],"class_list":["post-23159","post","type-post","status-publish","format-standard","hentry","category-generale"],"acf":[],"yoast_head":"<!-- This site is optimized with the Yoast SEO plugin v27.4 - https:\/\/yoast.com\/product\/yoast-seo-wordpress\/ -->\n<title>Pr\u00e9sentation du cadastre des friches industrielles (brownfields) en Sarre - SHS | Strukturholding Saar<\/title>\n<meta name=\"robots\" content=\"index, follow, max-snippet:-1, max-image-preview:large, max-video-preview:-1\" \/>\n<link rel=\"canonical\" href=\"https:\/\/www.strukturholding.de\/fr\/presentation-du-cadastre-des-friches-industrielles-brownfields-en-sarre\/\" \/>\n<meta property=\"og:locale\" content=\"fr_FR\" \/>\n<meta property=\"og:type\" content=\"article\" \/>\n<meta property=\"og:title\" content=\"Pr\u00e9sentation du cadastre des friches industrielles (brownfields) en Sarre - SHS | Strukturholding Saar\" \/>\n<meta property=\"og:description\" content=\"\u00ab O\u00f9 tout s&rsquo;arr\u00eate, nous pouvons beaucoup bouger \u00bb : pr\u00e9sentation du cadastre des friches\" \/>\n<meta property=\"og:url\" content=\"https:\/\/www.strukturholding.de\/fr\/presentation-du-cadastre-des-friches-industrielles-brownfields-en-sarre\/\" \/>\n<meta property=\"og:site_name\" content=\"SHS | Strukturholding Saar\" \/>\n<meta property=\"article:published_time\" content=\"2023-10-30T08:18:17+00:00\" \/>\n<meta property=\"article:modified_time\" content=\"2023-11-29T10:54:13+00:00\" \/>\n<meta property=\"og:image\" content=\"https:\/\/www.strukturholding.de\/wp-content\/uploads\/2016\/10\/og_image_strukturholding.jpg\" \/>\n\t<meta property=\"og:image:width\" content=\"1200\" \/>\n\t<meta property=\"og:image:height\" content=\"630\" \/>\n\t<meta property=\"og:image:type\" content=\"image\/jpeg\" \/>\n<meta name=\"author\" content=\"roseburgard\" \/>\n<meta name=\"twitter:label1\" content=\"\u00c9crit par\" \/>\n\t<meta name=\"twitter:data1\" content=\"roseburgard\" \/>\n\t<meta name=\"twitter:label2\" content=\"Dur\u00e9e de lecture estim\u00e9e\" \/>\n\t<meta name=\"twitter:data2\" content=\"4 minutes\" \/>\n<script type=\"application\/ld+json\" class=\"yoast-schema-graph\">{\"@context\":\"https:\\\/\\\/schema.org\",\"@graph\":[{\"@type\":\"Article\",\"@id\":\"https:\\\/\\\/www.strukturholding.de\\\/fr\\\/presentation-du-cadastre-des-friches-industrielles-brownfields-en-sarre\\\/#article\",\"isPartOf\":{\"@id\":\"https:\\\/\\\/www.strukturholding.de\\\/fr\\\/presentation-du-cadastre-des-friches-industrielles-brownfields-en-sarre\\\/\"},\"author\":{\"name\":\"roseburgard\",\"@id\":\"https:\\\/\\\/www.strukturholding.de\\\/#\\\/schema\\\/person\\\/6de28da221fc7edc231f999716e955c5\"},\"headline\":\"Pr\u00e9sentation du cadastre des friches industrielles (brownfields) en Sarre\",\"datePublished\":\"2023-10-30T08:18:17+00:00\",\"dateModified\":\"2023-11-29T10:54:13+00:00\",\"mainEntityOfPage\":{\"@id\":\"https:\\\/\\\/www.strukturholding.de\\\/fr\\\/presentation-du-cadastre-des-friches-industrielles-brownfields-en-sarre\\\/\"},\"wordCount\":761,\"articleSection\":[\"G\u00e9n\u00e9ral\"],\"inLanguage\":\"fr-FR\"},{\"@type\":\"WebPage\",\"@id\":\"https:\\\/\\\/www.strukturholding.de\\\/fr\\\/presentation-du-cadastre-des-friches-industrielles-brownfields-en-sarre\\\/\",\"url\":\"https:\\\/\\\/www.strukturholding.de\\\/fr\\\/presentation-du-cadastre-des-friches-industrielles-brownfields-en-sarre\\\/\",\"name\":\"Pr\u00e9sentation du cadastre des friches industrielles (brownfields) en Sarre - SHS | Strukturholding Saar\",\"isPartOf\":{\"@id\":\"https:\\\/\\\/www.strukturholding.de\\\/#website\"},\"datePublished\":\"2023-10-30T08:18:17+00:00\",\"dateModified\":\"2023-11-29T10:54:13+00:00\",\"author\":{\"@id\":\"https:\\\/\\\/www.strukturholding.de\\\/#\\\/schema\\\/person\\\/6de28da221fc7edc231f999716e955c5\"},\"breadcrumb\":{\"@id\":\"https:\\\/\\\/www.strukturholding.de\\\/fr\\\/presentation-du-cadastre-des-friches-industrielles-brownfields-en-sarre\\\/#breadcrumb\"},\"inLanguage\":\"fr-FR\",\"potentialAction\":[{\"@type\":\"ReadAction\",\"target\":[\"https:\\\/\\\/www.strukturholding.de\\\/fr\\\/presentation-du-cadastre-des-friches-industrielles-brownfields-en-sarre\\\/\"]}]},{\"@type\":\"BreadcrumbList\",\"@id\":\"https:\\\/\\\/www.strukturholding.de\\\/fr\\\/presentation-du-cadastre-des-friches-industrielles-brownfields-en-sarre\\\/#breadcrumb\",\"itemListElement\":[{\"@type\":\"ListItem\",\"position\":1,\"name\":\"Startseite\",\"item\":\"https:\\\/\\\/www.strukturholding.de\\\/fr\\\/\"},{\"@type\":\"ListItem\",\"position\":2,\"name\":\"Pr\u00e9sentation du cadastre des friches industrielles (brownfields) en Sarre\"}]},{\"@type\":\"WebSite\",\"@id\":\"https:\\\/\\\/www.strukturholding.de\\\/#website\",\"url\":\"https:\\\/\\\/www.strukturholding.de\\\/\",\"name\":\"SHS | Strukturholding Saar\",\"description\":\"\",\"potentialAction\":[{\"@type\":\"SearchAction\",\"target\":{\"@type\":\"EntryPoint\",\"urlTemplate\":\"https:\\\/\\\/www.strukturholding.de\\\/?s={search_term_string}\"},\"query-input\":{\"@type\":\"PropertyValueSpecification\",\"valueRequired\":true,\"valueName\":\"search_term_string\"}}],\"inLanguage\":\"fr-FR\"},{\"@type\":\"Person\",\"@id\":\"https:\\\/\\\/www.strukturholding.de\\\/#\\\/schema\\\/person\\\/6de28da221fc7edc231f999716e955c5\",\"name\":\"roseburgard\",\"url\":\"https:\\\/\\\/www.strukturholding.de\\\/fr\\\/author\\\/rose\\\/\"}]}<\/script>\n<!-- \/ Yoast SEO plugin. -->","yoast_head_json":{"title":"Pr\u00e9sentation du cadastre des friches industrielles (brownfields) en Sarre - SHS | Strukturholding Saar","robots":{"index":"index","follow":"follow","max-snippet":"max-snippet:-1","max-image-preview":"max-image-preview:large","max-video-preview":"max-video-preview:-1"},"canonical":"https:\/\/www.strukturholding.de\/fr\/presentation-du-cadastre-des-friches-industrielles-brownfields-en-sarre\/","og_locale":"fr_FR","og_type":"article","og_title":"Pr\u00e9sentation du cadastre des friches industrielles (brownfields) en Sarre - SHS | Strukturholding Saar","og_description":"\u00ab O\u00f9 tout s&rsquo;arr\u00eate, nous pouvons beaucoup bouger \u00bb : pr\u00e9sentation du cadastre des friches","og_url":"https:\/\/www.strukturholding.de\/fr\/presentation-du-cadastre-des-friches-industrielles-brownfields-en-sarre\/","og_site_name":"SHS | Strukturholding Saar","article_published_time":"2023-10-30T08:18:17+00:00","article_modified_time":"2023-11-29T10:54:13+00:00","og_image":[{"width":1200,"height":630,"url":"https:\/\/www.strukturholding.de\/wp-content\/uploads\/2016\/10\/og_image_strukturholding.jpg","type":"image\/jpeg"}],"author":"roseburgard","twitter_misc":{"\u00c9crit par":"roseburgard","Dur\u00e9e de lecture estim\u00e9e":"4 minutes"},"schema":{"@context":"https:\/\/schema.org","@graph":[{"@type":"Article","@id":"https:\/\/www.strukturholding.de\/fr\/presentation-du-cadastre-des-friches-industrielles-brownfields-en-sarre\/#article","isPartOf":{"@id":"https:\/\/www.strukturholding.de\/fr\/presentation-du-cadastre-des-friches-industrielles-brownfields-en-sarre\/"},"author":{"name":"roseburgard","@id":"https:\/\/www.strukturholding.de\/#\/schema\/person\/6de28da221fc7edc231f999716e955c5"},"headline":"Pr\u00e9sentation du cadastre des friches industrielles (brownfields) en Sarre","datePublished":"2023-10-30T08:18:17+00:00","dateModified":"2023-11-29T10:54:13+00:00","mainEntityOfPage":{"@id":"https:\/\/www.strukturholding.de\/fr\/presentation-du-cadastre-des-friches-industrielles-brownfields-en-sarre\/"},"wordCount":761,"articleSection":["G\u00e9n\u00e9ral"],"inLanguage":"fr-FR"},{"@type":"WebPage","@id":"https:\/\/www.strukturholding.de\/fr\/presentation-du-cadastre-des-friches-industrielles-brownfields-en-sarre\/","url":"https:\/\/www.strukturholding.de\/fr\/presentation-du-cadastre-des-friches-industrielles-brownfields-en-sarre\/","name":"Pr\u00e9sentation du cadastre des friches industrielles (brownfields) en Sarre - SHS | Strukturholding Saar","isPartOf":{"@id":"https:\/\/www.strukturholding.de\/#website"},"datePublished":"2023-10-30T08:18:17+00:00","dateModified":"2023-11-29T10:54:13+00:00","author":{"@id":"https:\/\/www.strukturholding.de\/#\/schema\/person\/6de28da221fc7edc231f999716e955c5"},"breadcrumb":{"@id":"https:\/\/www.strukturholding.de\/fr\/presentation-du-cadastre-des-friches-industrielles-brownfields-en-sarre\/#breadcrumb"},"inLanguage":"fr-FR","potentialAction":[{"@type":"ReadAction","target":["https:\/\/www.strukturholding.de\/fr\/presentation-du-cadastre-des-friches-industrielles-brownfields-en-sarre\/"]}]},{"@type":"BreadcrumbList","@id":"https:\/\/www.strukturholding.de\/fr\/presentation-du-cadastre-des-friches-industrielles-brownfields-en-sarre\/#breadcrumb","itemListElement":[{"@type":"ListItem","position":1,"name":"Startseite","item":"https:\/\/www.strukturholding.de\/fr\/"},{"@type":"ListItem","position":2,"name":"Pr\u00e9sentation du cadastre des friches industrielles (brownfields) en Sarre"}]},{"@type":"WebSite","@id":"https:\/\/www.strukturholding.de\/#website","url":"https:\/\/www.strukturholding.de\/","name":"SHS | Strukturholding Saar","description":"","potentialAction":[{"@type":"SearchAction","target":{"@type":"EntryPoint","urlTemplate":"https:\/\/www.strukturholding.de\/?s={search_term_string}"},"query-input":{"@type":"PropertyValueSpecification","valueRequired":true,"valueName":"search_term_string"}}],"inLanguage":"fr-FR"},{"@type":"Person","@id":"https:\/\/www.strukturholding.de\/#\/schema\/person\/6de28da221fc7edc231f999716e955c5","name":"roseburgard","url":"https:\/\/www.strukturholding.de\/fr\/author\/rose\/"}]}},"_links":{"self":[{"href":"https:\/\/www.strukturholding.de\/fr\/wp-json\/wp\/v2\/posts\/23159","targetHints":{"allow":["GET"]}}],"collection":[{"href":"https:\/\/www.strukturholding.de\/fr\/wp-json\/wp\/v2\/posts"}],"about":[{"href":"https:\/\/www.strukturholding.de\/fr\/wp-json\/wp\/v2\/types\/post"}],"author":[{"embeddable":true,"href":"https:\/\/www.strukturholding.de\/fr\/wp-json\/wp\/v2\/users\/7"}],"replies":[{"embeddable":true,"href":"https:\/\/www.strukturholding.de\/fr\/wp-json\/wp\/v2\/comments?post=23159"}],"version-history":[{"count":9,"href":"https:\/\/www.strukturholding.de\/fr\/wp-json\/wp\/v2\/posts\/23159\/revisions"}],"predecessor-version":[{"id":23177,"href":"https:\/\/www.strukturholding.de\/fr\/wp-json\/wp\/v2\/posts\/23159\/revisions\/23177"}],"wp:attachment":[{"href":"https:\/\/www.strukturholding.de\/fr\/wp-json\/wp\/v2\/media?parent=23159"}],"wp:term":[{"taxonomy":"category","embeddable":true,"href":"https:\/\/www.strukturholding.de\/fr\/wp-json\/wp\/v2\/categories?post=23159"},{"taxonomy":"post_tag","embeddable":true,"href":"https:\/\/www.strukturholding.de\/fr\/wp-json\/wp\/v2\/tags?post=23159"}],"curies":[{"name":"wp","href":"https:\/\/api.w.org\/{rel}","templated":true}]}}