{"id":22951,"date":"2023-09-25T07:04:58","date_gmt":"2023-09-25T05:04:58","guid":{"rendered":"https:\/\/www.strukturholding.de\/?p=22951"},"modified":"2023-10-25T14:23:24","modified_gmt":"2023-10-25T12:23:24","slug":"leg-saar-soutient-la-nouvelle-expansion-du-parc-dactivites-de-wadern","status":"publish","type":"post","link":"https:\/\/www.strukturholding.de\/fr\/leg-saar-soutient-la-nouvelle-expansion-du-parc-dactivites-de-wadern\/","title":{"rendered":"LEG Saar soutient la nouvelle expansion du parc d&rsquo;activit\u00e9s de Wadern"},"content":{"rendered":"<h1>LEG Saar soutient la nouvelle expansion du parc d&rsquo;activit\u00e9s de Wadern<\/h1>\n<p>Apr\u00e8s la commercialisation r\u00e9ussie de la premi\u00e8re et la deuxi\u00e8me phase de construction, le parc d&rsquo;activit\u00e9s \u00ab Am Hals \u00bb de Wadern a \u00e9t\u00e9 agrandi une fois de plus. Le 21 septembre, le ministre de l&rsquo;\u00c9conomie J\u00fcrgen Barke et le maire Jochen Kuttler ont rouvert la zone commerciale.<\/p>\n<p>Comme pour la r\u00e9alisation de la premi\u00e8re et la deuxi\u00e8me phase de construction, LEG Saar, une filiale du groupe SHS, a accompagn\u00e9 la ville dans la cr\u00e9ation de ces nouveaux terrains commerciaux. Le g\u00e9rant Valentin Holzer se r\u00e9jouit: \u00ab LEG Saar, en tant que partenaire des communes, a pu une fois de plus apporter une contribution active \u00e0 l&rsquo;am\u00e9lioration d&rsquo;un site \u00e9conomique attractif dans une zone rurale. \u00bb Pour lui, cette expansion est \u00ab un d\u00e9veloppement exemplaire d\u00b4une autre commune en Sarre. \u00bb<\/p>\n<p>LEG Saar s&rsquo;est impliqu\u00e9e en coop\u00e9ration avec l&rsquo;entreprise communale KEV. Outre la gestion de projet, ses services comprenaient aussi le financement (gestion du compte fiduciaire) et la gestion du soutien financier. La construction de cette troisi\u00e8me section de 2 hectares (brut) a dur\u00e9 de septembre 2022 \u00e0 juin 2023.<\/p>\n<p>Les deux premi\u00e8res phases de construction couvrent des terrains d&rsquo;environ 10 et 5 hectares (brut). \u00c0 part des services de gestion, LEG Saar \u00e9tait \u00e9galement responsable pour l\u00b4&rsquo;arpentage, la planification et la r\u00e9alisation, la gestion du financement, la gestion du projet et la commercialisation.<\/p>\n<p>Situ\u00e9 \u00e0 la p\u00e9riph\u00e9rie nord-ouest de la ville de Wadern, le parc se trouve proche du centre du Hochwald et est directement raccord\u00e9 \u00e0 la voie d&rsquo;acc\u00e8s \u00e0 l&rsquo;autoroute Braunshausen\/Kastel et donc \u00e0 l&rsquo;axe nord-sud A1. Pas \u00e9tonnant, alors, que la zone commerciale soit tr\u00e8s int\u00e9ressante pour les entreprises cherchant un lieu d\u00b4implantation.<\/p>\n","protected":false},"excerpt":{"rendered":"<p>LEG Saar soutient la nouvelle expansion du parc d&rsquo;activit\u00e9s de Wadern Apr\u00e8s la commercialisation r\u00e9ussie<\/p>\n","protected":false},"author":7,"featured_media":0,"comment_status":"closed","ping_status":"closed","sticky":false,"template":"","format":"standard","meta":{"_acf_changed":false,"footnotes":""},"categories":[3],"tags":[],"class_list":["post-22951","post","type-post","status-publish","format-standard","hentry","category-generale"],"acf":[],"yoast_head":"<!-- This site is optimized with the Yoast SEO plugin v27.4 - https:\/\/yoast.com\/product\/yoast-seo-wordpress\/ -->\n<title>LEG Saar soutient la nouvelle expansion du parc d&#039;activit\u00e9s de Wadern - SHS | Strukturholding Saar<\/title>\n<meta name=\"robots\" content=\"index, follow, max-snippet:-1, max-image-preview:large, max-video-preview:-1\" \/>\n<link rel=\"canonical\" href=\"https:\/\/www.strukturholding.de\/fr\/leg-saar-soutient-la-nouvelle-expansion-du-parc-dactivites-de-wadern\/\" \/>\n<meta property=\"og:locale\" content=\"fr_FR\" \/>\n<meta property=\"og:type\" content=\"article\" \/>\n<meta property=\"og:title\" content=\"LEG Saar soutient la nouvelle expansion du parc d&#039;activit\u00e9s de Wadern - SHS | Strukturholding Saar\" \/>\n<meta property=\"og:description\" content=\"LEG Saar soutient la nouvelle expansion du parc d&rsquo;activit\u00e9s de Wadern Apr\u00e8s la commercialisation r\u00e9ussie\" \/>\n<meta property=\"og:url\" content=\"https:\/\/www.strukturholding.de\/fr\/leg-saar-soutient-la-nouvelle-expansion-du-parc-dactivites-de-wadern\/\" \/>\n<meta property=\"og:site_name\" content=\"SHS | Strukturholding Saar\" \/>\n<meta property=\"article:published_time\" content=\"2023-09-25T05:04:58+00:00\" \/>\n<meta property=\"article:modified_time\" content=\"2023-10-25T12:23:24+00:00\" \/>\n<meta property=\"og:image\" content=\"https:\/\/www.strukturholding.de\/wp-content\/uploads\/2016\/10\/og_image_strukturholding.jpg\" \/>\n\t<meta property=\"og:image:width\" content=\"1200\" \/>\n\t<meta property=\"og:image:height\" content=\"630\" \/>\n\t<meta property=\"og:image:type\" content=\"image\/jpeg\" \/>\n<meta name=\"author\" content=\"roseburgard\" \/>\n<meta name=\"twitter:label1\" content=\"\u00c9crit par\" \/>\n\t<meta name=\"twitter:data1\" content=\"roseburgard\" \/>\n\t<meta name=\"twitter:label2\" content=\"Dur\u00e9e de lecture estim\u00e9e\" \/>\n\t<meta name=\"twitter:data2\" content=\"2 minutes\" \/>\n<script type=\"application\/ld+json\" class=\"yoast-schema-graph\">{\"@context\":\"https:\\\/\\\/schema.org\",\"@graph\":[{\"@type\":\"Article\",\"@id\":\"https:\\\/\\\/www.strukturholding.de\\\/fr\\\/leg-saar-soutient-la-nouvelle-expansion-du-parc-dactivites-de-wadern\\\/#article\",\"isPartOf\":{\"@id\":\"https:\\\/\\\/www.strukturholding.de\\\/fr\\\/leg-saar-soutient-la-nouvelle-expansion-du-parc-dactivites-de-wadern\\\/\"},\"author\":{\"name\":\"roseburgard\",\"@id\":\"https:\\\/\\\/www.strukturholding.de\\\/#\\\/schema\\\/person\\\/6de28da221fc7edc231f999716e955c5\"},\"headline\":\"LEG Saar soutient la nouvelle expansion du parc d&rsquo;activit\u00e9s de Wadern\",\"datePublished\":\"2023-09-25T05:04:58+00:00\",\"dateModified\":\"2023-10-25T12:23:24+00:00\",\"mainEntityOfPage\":{\"@id\":\"https:\\\/\\\/www.strukturholding.de\\\/fr\\\/leg-saar-soutient-la-nouvelle-expansion-du-parc-dactivites-de-wadern\\\/\"},\"wordCount\":311,\"articleSection\":[\"G\u00e9n\u00e9ral\"],\"inLanguage\":\"fr-FR\"},{\"@type\":\"WebPage\",\"@id\":\"https:\\\/\\\/www.strukturholding.de\\\/fr\\\/leg-saar-soutient-la-nouvelle-expansion-du-parc-dactivites-de-wadern\\\/\",\"url\":\"https:\\\/\\\/www.strukturholding.de\\\/fr\\\/leg-saar-soutient-la-nouvelle-expansion-du-parc-dactivites-de-wadern\\\/\",\"name\":\"LEG Saar soutient la nouvelle expansion du parc d'activit\u00e9s de Wadern - SHS | Strukturholding Saar\",\"isPartOf\":{\"@id\":\"https:\\\/\\\/www.strukturholding.de\\\/#website\"},\"datePublished\":\"2023-09-25T05:04:58+00:00\",\"dateModified\":\"2023-10-25T12:23:24+00:00\",\"author\":{\"@id\":\"https:\\\/\\\/www.strukturholding.de\\\/#\\\/schema\\\/person\\\/6de28da221fc7edc231f999716e955c5\"},\"breadcrumb\":{\"@id\":\"https:\\\/\\\/www.strukturholding.de\\\/fr\\\/leg-saar-soutient-la-nouvelle-expansion-du-parc-dactivites-de-wadern\\\/#breadcrumb\"},\"inLanguage\":\"fr-FR\",\"potentialAction\":[{\"@type\":\"ReadAction\",\"target\":[\"https:\\\/\\\/www.strukturholding.de\\\/fr\\\/leg-saar-soutient-la-nouvelle-expansion-du-parc-dactivites-de-wadern\\\/\"]}]},{\"@type\":\"BreadcrumbList\",\"@id\":\"https:\\\/\\\/www.strukturholding.de\\\/fr\\\/leg-saar-soutient-la-nouvelle-expansion-du-parc-dactivites-de-wadern\\\/#breadcrumb\",\"itemListElement\":[{\"@type\":\"ListItem\",\"position\":1,\"name\":\"Startseite\",\"item\":\"https:\\\/\\\/www.strukturholding.de\\\/fr\\\/\"},{\"@type\":\"ListItem\",\"position\":2,\"name\":\"LEG Saar soutient la nouvelle expansion du parc d&#8217;activit\u00e9s de Wadern\"}]},{\"@type\":\"WebSite\",\"@id\":\"https:\\\/\\\/www.strukturholding.de\\\/#website\",\"url\":\"https:\\\/\\\/www.strukturholding.de\\\/\",\"name\":\"SHS | Strukturholding Saar\",\"description\":\"\",\"potentialAction\":[{\"@type\":\"SearchAction\",\"target\":{\"@type\":\"EntryPoint\",\"urlTemplate\":\"https:\\\/\\\/www.strukturholding.de\\\/?s={search_term_string}\"},\"query-input\":{\"@type\":\"PropertyValueSpecification\",\"valueRequired\":true,\"valueName\":\"search_term_string\"}}],\"inLanguage\":\"fr-FR\"},{\"@type\":\"Person\",\"@id\":\"https:\\\/\\\/www.strukturholding.de\\\/#\\\/schema\\\/person\\\/6de28da221fc7edc231f999716e955c5\",\"name\":\"roseburgard\",\"url\":\"https:\\\/\\\/www.strukturholding.de\\\/fr\\\/author\\\/rose\\\/\"}]}<\/script>\n<!-- \/ Yoast SEO plugin. -->","yoast_head_json":{"title":"LEG Saar soutient la nouvelle expansion du parc d'activit\u00e9s de Wadern - SHS | Strukturholding Saar","robots":{"index":"index","follow":"follow","max-snippet":"max-snippet:-1","max-image-preview":"max-image-preview:large","max-video-preview":"max-video-preview:-1"},"canonical":"https:\/\/www.strukturholding.de\/fr\/leg-saar-soutient-la-nouvelle-expansion-du-parc-dactivites-de-wadern\/","og_locale":"fr_FR","og_type":"article","og_title":"LEG Saar soutient la nouvelle expansion du parc d'activit\u00e9s de Wadern - SHS | Strukturholding Saar","og_description":"LEG Saar soutient la nouvelle expansion du parc d&rsquo;activit\u00e9s de Wadern Apr\u00e8s la commercialisation r\u00e9ussie","og_url":"https:\/\/www.strukturholding.de\/fr\/leg-saar-soutient-la-nouvelle-expansion-du-parc-dactivites-de-wadern\/","og_site_name":"SHS | Strukturholding Saar","article_published_time":"2023-09-25T05:04:58+00:00","article_modified_time":"2023-10-25T12:23:24+00:00","og_image":[{"width":1200,"height":630,"url":"https:\/\/www.strukturholding.de\/wp-content\/uploads\/2016\/10\/og_image_strukturholding.jpg","type":"image\/jpeg"}],"author":"roseburgard","twitter_misc":{"\u00c9crit par":"roseburgard","Dur\u00e9e de lecture estim\u00e9e":"2 minutes"},"schema":{"@context":"https:\/\/schema.org","@graph":[{"@type":"Article","@id":"https:\/\/www.strukturholding.de\/fr\/leg-saar-soutient-la-nouvelle-expansion-du-parc-dactivites-de-wadern\/#article","isPartOf":{"@id":"https:\/\/www.strukturholding.de\/fr\/leg-saar-soutient-la-nouvelle-expansion-du-parc-dactivites-de-wadern\/"},"author":{"name":"roseburgard","@id":"https:\/\/www.strukturholding.de\/#\/schema\/person\/6de28da221fc7edc231f999716e955c5"},"headline":"LEG Saar soutient la nouvelle expansion du parc d&rsquo;activit\u00e9s de Wadern","datePublished":"2023-09-25T05:04:58+00:00","dateModified":"2023-10-25T12:23:24+00:00","mainEntityOfPage":{"@id":"https:\/\/www.strukturholding.de\/fr\/leg-saar-soutient-la-nouvelle-expansion-du-parc-dactivites-de-wadern\/"},"wordCount":311,"articleSection":["G\u00e9n\u00e9ral"],"inLanguage":"fr-FR"},{"@type":"WebPage","@id":"https:\/\/www.strukturholding.de\/fr\/leg-saar-soutient-la-nouvelle-expansion-du-parc-dactivites-de-wadern\/","url":"https:\/\/www.strukturholding.de\/fr\/leg-saar-soutient-la-nouvelle-expansion-du-parc-dactivites-de-wadern\/","name":"LEG Saar soutient la nouvelle expansion du parc d'activit\u00e9s de Wadern - SHS | Strukturholding Saar","isPartOf":{"@id":"https:\/\/www.strukturholding.de\/#website"},"datePublished":"2023-09-25T05:04:58+00:00","dateModified":"2023-10-25T12:23:24+00:00","author":{"@id":"https:\/\/www.strukturholding.de\/#\/schema\/person\/6de28da221fc7edc231f999716e955c5"},"breadcrumb":{"@id":"https:\/\/www.strukturholding.de\/fr\/leg-saar-soutient-la-nouvelle-expansion-du-parc-dactivites-de-wadern\/#breadcrumb"},"inLanguage":"fr-FR","potentialAction":[{"@type":"ReadAction","target":["https:\/\/www.strukturholding.de\/fr\/leg-saar-soutient-la-nouvelle-expansion-du-parc-dactivites-de-wadern\/"]}]},{"@type":"BreadcrumbList","@id":"https:\/\/www.strukturholding.de\/fr\/leg-saar-soutient-la-nouvelle-expansion-du-parc-dactivites-de-wadern\/#breadcrumb","itemListElement":[{"@type":"ListItem","position":1,"name":"Startseite","item":"https:\/\/www.strukturholding.de\/fr\/"},{"@type":"ListItem","position":2,"name":"LEG Saar soutient la nouvelle expansion du parc d&#8217;activit\u00e9s de Wadern"}]},{"@type":"WebSite","@id":"https:\/\/www.strukturholding.de\/#website","url":"https:\/\/www.strukturholding.de\/","name":"SHS | Strukturholding Saar","description":"","potentialAction":[{"@type":"SearchAction","target":{"@type":"EntryPoint","urlTemplate":"https:\/\/www.strukturholding.de\/?s={search_term_string}"},"query-input":{"@type":"PropertyValueSpecification","valueRequired":true,"valueName":"search_term_string"}}],"inLanguage":"fr-FR"},{"@type":"Person","@id":"https:\/\/www.strukturholding.de\/#\/schema\/person\/6de28da221fc7edc231f999716e955c5","name":"roseburgard","url":"https:\/\/www.strukturholding.de\/fr\/author\/rose\/"}]}},"_links":{"self":[{"href":"https:\/\/www.strukturholding.de\/fr\/wp-json\/wp\/v2\/posts\/22951","targetHints":{"allow":["GET"]}}],"collection":[{"href":"https:\/\/www.strukturholding.de\/fr\/wp-json\/wp\/v2\/posts"}],"about":[{"href":"https:\/\/www.strukturholding.de\/fr\/wp-json\/wp\/v2\/types\/post"}],"author":[{"embeddable":true,"href":"https:\/\/www.strukturholding.de\/fr\/wp-json\/wp\/v2\/users\/7"}],"replies":[{"embeddable":true,"href":"https:\/\/www.strukturholding.de\/fr\/wp-json\/wp\/v2\/comments?post=22951"}],"version-history":[{"count":2,"href":"https:\/\/www.strukturholding.de\/fr\/wp-json\/wp\/v2\/posts\/22951\/revisions"}],"predecessor-version":[{"id":22974,"href":"https:\/\/www.strukturholding.de\/fr\/wp-json\/wp\/v2\/posts\/22951\/revisions\/22974"}],"wp:attachment":[{"href":"https:\/\/www.strukturholding.de\/fr\/wp-json\/wp\/v2\/media?parent=22951"}],"wp:term":[{"taxonomy":"category","embeddable":true,"href":"https:\/\/www.strukturholding.de\/fr\/wp-json\/wp\/v2\/categories?post=22951"},{"taxonomy":"post_tag","embeddable":true,"href":"https:\/\/www.strukturholding.de\/fr\/wp-json\/wp\/v2\/tags?post=22951"}],"curies":[{"name":"wp","href":"https:\/\/api.w.org\/{rel}","templated":true}]}}