{"id":19963,"date":"2022-03-25T13:08:45","date_gmt":"2022-03-25T12:08:45","guid":{"rendered":"https:\/\/www.strukturholding.de\/?p=19963"},"modified":"2022-04-04T10:00:47","modified_gmt":"2022-04-04T08:00:47","slug":"la-leg-saar-et-le-ministere-de-la-justice-une-cooperation-dans-le-justice-durable","status":"publish","type":"post","link":"https:\/\/www.strukturholding.de\/fr\/la-leg-saar-et-le-ministere-de-la-justice-une-cooperation-dans-le-justice-durable\/","title":{"rendered":"La LEG Saar et le minist\u00e8re de la Justice &#8211; une coop\u00e9ration dans le \u00ab\u00a0Justice durable\u00a0\u00bb"},"content":{"rendered":"<h1><strong>La LEG Saar et le minist\u00e8re de la Justice nouent une coop\u00e9ration dans le long terme \u00ab\u00a0Justice durable\u00a0\u00bb<\/strong><\/h1>\n<p>Le secteur de la justice en Sarre doit \u00eatre plus respectueux du climat dans le long terme. Pour atteindre cet objectif, Roland Theis, secr\u00e9taire d\u2019\u00c9tat au minist\u00e8re de la Justice, et Valentin Holzer, g\u00e9rant de la LEG Saar, ont sign\u00e9 le 17\u00a0mars\u00a02022 un accord de coop\u00e9ration pour la mise au point d\u2019un plan d\u2019intervention et d\u2019action \u00ab\u00a0Justice durable\u00a0\u00bb.<\/p>\n<p>La lettre d\u2019intention (Letter of Intent &#8211; LOI) qu\u2019ils viennent de signer porte sur l\u2019assainissement \u00e9nerg\u00e9tique de 30\u00a0propri\u00e9t\u00e9s qui englobent plus de 50\u00a0b\u00e2timents. La surface totale s\u2019\u00e9l\u00e8ve \u00e0 plus de 113\u00a0170,95\u00a0m\u00b2. La consommation d\u2019\u00e9nergie est de l\u2019ordre de 1\u00a0409\u00a0887,07 kwh, celle d\u2019eau de 85\u00a0107,16\u00a0m\u00b3. Le projet consiste \u00e0 introduire un controlling \u00e9nerg\u00e9tique continu et syst\u00e9matique pour toutes les propri\u00e9t\u00e9s, \u00e0 optimiser les installations de chauffage existantes moyennant des mesures de r\u00e9f\u00e9rence modernes, \u00e0 proc\u00e9der \u00e0 une \u00e9valuation \u00e9nerg\u00e9tique d\u00e9taill\u00e9e des b\u00e2timents et, sur cette base, \u00e0 \u00e9laborer des concepts concrets d\u2019assainissement \u00e9nerg\u00e9tique ainsi que des \u00e9tudes de faisabilit\u00e9 et de r\u00e9alisation. Pour ce faire, l\u2019ARGE Solar a d\u00e9j\u00e0 commenc\u00e9 \u00e0 dresser un \u00e9tat des lieux d\u00e9taill\u00e9.<\/p>\n<p>\u00ab\u00a0\u00c0 la fin, nous disposerons d\u2019une feuille de route pour l\u2019assainissement des propri\u00e9t\u00e9s appartenant au secteur de la justice en Sarre. Cette feuille de route doit permettre d\u2019ajuster de mani\u00e8re optimale, autant en termes de temps qu\u2019en termes de contenu, toutes les mesures individuelles envisageables et cibl\u00e9es et pr\u00e9senter de mani\u00e8re transparente et claire un cadre d\u2019action s\u2019inscrivant dans le long terme pour la voie \u00e0 suivre, en concertation avec l\u2019autorit\u00e9 publique en charge du b\u00e2timent, afin d\u2019obtenir \u00e0 l\u2019horizon\u00a02045 un parc immobilier neutre en carbone, y compris les investissements n\u00e9cessaires pour ce faire\u00a0\u00bb, a d\u00e9clar\u00e9 Roland Theis, secr\u00e9taire d\u2019\u00c9tat. Le secr\u00e9taire d\u2019\u00c9tat a formul\u00e9 l\u2019objectif ambitieux visant \u00e0 \u00ab\u00a0faire de la justice sarroise le premier secteur de la justice neutre en carbone en Allemagne en faisant preuve de circonspection, de cr\u00e9ativit\u00e9, de courage et de d\u00e9termination\u00a0\u00bb. La LEG Saar, qui dispose d\u2019une expertise approfondie dans ce domaine, est le partenaire id\u00e9al, a ajout\u00e9 Theis.<\/p>\n<p>Valentin Holzer, g\u00e9rant de la soci\u00e9t\u00e9 LEG Saar GmbH\u00a0: \u00ab\u00a0Notre coop\u00e9ration sert l\u2019objectif fa\u00eetier d\u2019avoir \u00e0 l\u2019horizon\u00a02045 un parc immobilier neutre en carbone dans le secteur de la justice. Comme le montre la crise actuelle, cela contribue \u00e9galement \u00e0 une politique financi\u00e8re durable car l\u2019efficacit\u00e9 climatique d\u00e9bouche sur une consommation moindre de ressources fossiles, ce qui, \u00e0 son tour, r\u00e9duit les d\u00e9penses des pouvoirs publics. Pour ce faire, il convient, sur la base d\u2019analyses d\u00e9taill\u00e9es des propri\u00e9t\u00e9s, de r\u00e9aliser des mesures concr\u00e8tes, par exemple l\u2019utilisation d\u2019\u00e9nergies renouvelables telles que la photovolta\u00efque ou encore l\u2019exploitation du potentiel d\u2019efficacit\u00e9 \u00e9nerg\u00e9tique.\u00a0\u00bb Holzer a soulign\u00e9 que la LEG Saar pouvait compter sur toutes les comp\u00e9tences du groupe holding en mati\u00e8re de construction et de gestion de projets immobiliers complexes et proposer elle-m\u00eame toutes les solutions en impliquant seulement quelques interlocuteurs.<\/p>\n<p>Ralph Schmidt, architecte et g\u00e9rant de l\u2019ARGE Solar, a pris comme exemple le b\u00e2timent de la Cour d\u2019appel sarroise et du Tribunal de Grande Instance de Sarrebruck dans la Franz-Josef-R\u00f6der-Stra\u00dfe\u00a015 et a expliqu\u00e9 comment pouvait prendre forme et r\u00e9ussir la transformation durable du secteur de la justice en Sarre. Il a mentionn\u00e9 des mesures ambitieuses comme la construction d\u2019installations photovolta\u00efques, mais a soulign\u00e9 que l\u2019on pouvait tr\u00e8s rapidement afficher des r\u00e9sultats mesurables en r\u00e9alisant un tr\u00e8s grand nombre de petites mesures. L\u2019ARGE Solar se r\u00e9jouit de cette t\u00e2che captivante et de pouvoir partager son expertise dans le cadre de ce projet de d\u00e9veloppement durable.<\/p>\n<p>Au minist\u00e8re de la Justice, on ne commence pas \u00e0 z\u00e9ro en termes de d\u00e9veloppement durable. Des mesures sur la production et l\u2019utilisation d\u2019\u00e9nergies renouvelables, la mobilit\u00e9, la biodiversit\u00e9 et l\u2019alimentation sont d\u00e9j\u00e0 en cours de r\u00e9alisation dans le secteur de la justice sarroise. Ainsi, le secteur de la justice en Sarre rejoindra au printemps, en tant que partenaire, le projet de la LEG Saar \u00ab\u00a0Saarland Artenreich\u00a0\u00bb (Biorichesse de la Sarre) qui s\u2019est donn\u00e9 comme objectif, pour prot\u00e9ger les insectes, de pr\u00e9server et de cr\u00e9er des biotopes pour les esp\u00e8ces animales menac\u00e9es le long de la Sarre.<br \/>\nL\u2019\u00e9tablissement p\u00e9nitentiaire d\u2019Ottweiler dispose d\u00e9j\u00e0 d\u2019une installation photovolta\u00efque sur l\u2019une de ses prisons. Une autre installation est pr\u00e9vue pour un b\u00e2timent modulaire de l\u2019\u00e9tablissement p\u00e9nitentiaire d\u2019Ottweiler, en cours de planification. Par ailleurs, le secteur de la justice en Sarre dispose d\u00e9j\u00e0 de v\u00e9hicules \u00e9lectriques et, depuis peu, de v\u00e9los \u00e9lectriques sur plusieurs sites, par exemple au Tribunal d\u2019Instance de Sarrebruck, au Tribunal d\u2019Instance de Homburg et au minist\u00e8re de la Justice, utilis\u00e9s pour les d\u00e9placements de service.<\/p>\n<p>Dans le cadre du projet \u00ab\u00a0Produits r\u00e9gionaux dans le milieu p\u00e9nitentiaire\u00a0\u00bb, le secteur de la justice en Sarre s\u2019occupe \u00e9galement de l\u2019approvisionnement durable. Pour la premi\u00e8re fois, il est pr\u00e9vu de tester sur une p\u00e9riode de deux ans le renforcement des achats r\u00e9gionaux de produits alimentaires dans les \u00e9tablissements p\u00e9nitentiaires, qui devrait apporter une plus-value \u00e9cologique, sanitaire et, finalement, \u00e9conomique sous l\u2019angle r\u00e9gional. Selon ce principe, il est pr\u00e9vu de privil\u00e9gier fondamentalement les produits r\u00e9gionaux dans le cadre de l\u2019approvisionnement.<\/p>\n<p>&nbsp;<\/p>\n","protected":false},"excerpt":{"rendered":"<p>La LEG Saar et le minist\u00e8re de la Justice nouent une coop\u00e9ration dans le long<\/p>\n","protected":false},"author":7,"featured_media":0,"comment_status":"closed","ping_status":"closed","sticky":false,"template":"","format":"standard","meta":{"_acf_changed":false,"footnotes":""},"categories":[3],"tags":[],"class_list":["post-19963","post","type-post","status-publish","format-standard","hentry","category-generale"],"acf":[],"yoast_head":"<!-- This site is optimized with the Yoast SEO plugin v27.4 - https:\/\/yoast.com\/product\/yoast-seo-wordpress\/ -->\n<title>La LEG Saar et le minist\u00e8re de la Justice - une coop\u00e9ration dans le \u00ab\u00a0Justice durable\u00a0\u00bb - SHS | Strukturholding Saar<\/title>\n<meta name=\"robots\" content=\"index, follow, max-snippet:-1, max-image-preview:large, max-video-preview:-1\" \/>\n<link rel=\"canonical\" href=\"https:\/\/www.strukturholding.de\/fr\/la-leg-saar-et-le-ministere-de-la-justice-une-cooperation-dans-le-justice-durable\/\" \/>\n<meta property=\"og:locale\" content=\"fr_FR\" \/>\n<meta property=\"og:type\" content=\"article\" \/>\n<meta property=\"og:title\" content=\"La LEG Saar et le minist\u00e8re de la Justice - une coop\u00e9ration dans le \u00ab\u00a0Justice durable\u00a0\u00bb - SHS | Strukturholding Saar\" \/>\n<meta property=\"og:description\" content=\"La LEG Saar et le minist\u00e8re de la Justice nouent une coop\u00e9ration dans le long\" \/>\n<meta property=\"og:url\" content=\"https:\/\/www.strukturholding.de\/fr\/la-leg-saar-et-le-ministere-de-la-justice-une-cooperation-dans-le-justice-durable\/\" \/>\n<meta property=\"og:site_name\" content=\"SHS | Strukturholding Saar\" \/>\n<meta property=\"article:published_time\" content=\"2022-03-25T12:08:45+00:00\" \/>\n<meta property=\"article:modified_time\" content=\"2022-04-04T08:00:47+00:00\" \/>\n<meta property=\"og:image\" content=\"https:\/\/www.strukturholding.de\/wp-content\/uploads\/2016\/10\/og_image_strukturholding.jpg\" \/>\n\t<meta property=\"og:image:width\" content=\"1200\" \/>\n\t<meta property=\"og:image:height\" content=\"630\" \/>\n\t<meta property=\"og:image:type\" content=\"image\/jpeg\" \/>\n<meta name=\"author\" content=\"roseburgard\" \/>\n<meta name=\"twitter:label1\" content=\"\u00c9crit par\" \/>\n\t<meta name=\"twitter:data1\" content=\"roseburgard\" \/>\n\t<meta name=\"twitter:label2\" content=\"Dur\u00e9e de lecture estim\u00e9e\" \/>\n\t<meta name=\"twitter:data2\" content=\"4 minutes\" \/>\n<script type=\"application\/ld+json\" class=\"yoast-schema-graph\">{\"@context\":\"https:\\\/\\\/schema.org\",\"@graph\":[{\"@type\":\"Article\",\"@id\":\"https:\\\/\\\/www.strukturholding.de\\\/fr\\\/la-leg-saar-et-le-ministere-de-la-justice-une-cooperation-dans-le-justice-durable\\\/#article\",\"isPartOf\":{\"@id\":\"https:\\\/\\\/www.strukturholding.de\\\/fr\\\/la-leg-saar-et-le-ministere-de-la-justice-une-cooperation-dans-le-justice-durable\\\/\"},\"author\":{\"name\":\"roseburgard\",\"@id\":\"https:\\\/\\\/www.strukturholding.de\\\/#\\\/schema\\\/person\\\/6de28da221fc7edc231f999716e955c5\"},\"headline\":\"La LEG Saar et le minist\u00e8re de la Justice &#8211; une coop\u00e9ration dans le \u00ab\u00a0Justice durable\u00a0\u00bb\",\"datePublished\":\"2022-03-25T12:08:45+00:00\",\"dateModified\":\"2022-04-04T08:00:47+00:00\",\"mainEntityOfPage\":{\"@id\":\"https:\\\/\\\/www.strukturholding.de\\\/fr\\\/la-leg-saar-et-le-ministere-de-la-justice-une-cooperation-dans-le-justice-durable\\\/\"},\"wordCount\":1005,\"articleSection\":[\"G\u00e9n\u00e9ral\"],\"inLanguage\":\"fr-FR\"},{\"@type\":\"WebPage\",\"@id\":\"https:\\\/\\\/www.strukturholding.de\\\/fr\\\/la-leg-saar-et-le-ministere-de-la-justice-une-cooperation-dans-le-justice-durable\\\/\",\"url\":\"https:\\\/\\\/www.strukturholding.de\\\/fr\\\/la-leg-saar-et-le-ministere-de-la-justice-une-cooperation-dans-le-justice-durable\\\/\",\"name\":\"La LEG Saar et le minist\u00e8re de la Justice - une coop\u00e9ration dans le \u00ab\u00a0Justice durable\u00a0\u00bb - SHS | Strukturholding Saar\",\"isPartOf\":{\"@id\":\"https:\\\/\\\/www.strukturholding.de\\\/#website\"},\"datePublished\":\"2022-03-25T12:08:45+00:00\",\"dateModified\":\"2022-04-04T08:00:47+00:00\",\"author\":{\"@id\":\"https:\\\/\\\/www.strukturholding.de\\\/#\\\/schema\\\/person\\\/6de28da221fc7edc231f999716e955c5\"},\"breadcrumb\":{\"@id\":\"https:\\\/\\\/www.strukturholding.de\\\/fr\\\/la-leg-saar-et-le-ministere-de-la-justice-une-cooperation-dans-le-justice-durable\\\/#breadcrumb\"},\"inLanguage\":\"fr-FR\",\"potentialAction\":[{\"@type\":\"ReadAction\",\"target\":[\"https:\\\/\\\/www.strukturholding.de\\\/fr\\\/la-leg-saar-et-le-ministere-de-la-justice-une-cooperation-dans-le-justice-durable\\\/\"]}]},{\"@type\":\"BreadcrumbList\",\"@id\":\"https:\\\/\\\/www.strukturholding.de\\\/fr\\\/la-leg-saar-et-le-ministere-de-la-justice-une-cooperation-dans-le-justice-durable\\\/#breadcrumb\",\"itemListElement\":[{\"@type\":\"ListItem\",\"position\":1,\"name\":\"Startseite\",\"item\":\"https:\\\/\\\/www.strukturholding.de\\\/fr\\\/\"},{\"@type\":\"ListItem\",\"position\":2,\"name\":\"La LEG Saar et le minist\u00e8re de la Justice &#8211; une coop\u00e9ration dans le \u00ab\u00a0Justice durable\u00a0\u00bb\"}]},{\"@type\":\"WebSite\",\"@id\":\"https:\\\/\\\/www.strukturholding.de\\\/#website\",\"url\":\"https:\\\/\\\/www.strukturholding.de\\\/\",\"name\":\"SHS | Strukturholding Saar\",\"description\":\"\",\"potentialAction\":[{\"@type\":\"SearchAction\",\"target\":{\"@type\":\"EntryPoint\",\"urlTemplate\":\"https:\\\/\\\/www.strukturholding.de\\\/?s={search_term_string}\"},\"query-input\":{\"@type\":\"PropertyValueSpecification\",\"valueRequired\":true,\"valueName\":\"search_term_string\"}}],\"inLanguage\":\"fr-FR\"},{\"@type\":\"Person\",\"@id\":\"https:\\\/\\\/www.strukturholding.de\\\/#\\\/schema\\\/person\\\/6de28da221fc7edc231f999716e955c5\",\"name\":\"roseburgard\",\"url\":\"https:\\\/\\\/www.strukturholding.de\\\/fr\\\/author\\\/rose\\\/\"}]}<\/script>\n<!-- \/ Yoast SEO plugin. -->","yoast_head_json":{"title":"La LEG Saar et le minist\u00e8re de la Justice - une coop\u00e9ration dans le \u00ab\u00a0Justice durable\u00a0\u00bb - SHS | Strukturholding Saar","robots":{"index":"index","follow":"follow","max-snippet":"max-snippet:-1","max-image-preview":"max-image-preview:large","max-video-preview":"max-video-preview:-1"},"canonical":"https:\/\/www.strukturholding.de\/fr\/la-leg-saar-et-le-ministere-de-la-justice-une-cooperation-dans-le-justice-durable\/","og_locale":"fr_FR","og_type":"article","og_title":"La LEG Saar et le minist\u00e8re de la Justice - une coop\u00e9ration dans le \u00ab\u00a0Justice durable\u00a0\u00bb - SHS | Strukturholding Saar","og_description":"La LEG Saar et le minist\u00e8re de la Justice nouent une coop\u00e9ration dans le long","og_url":"https:\/\/www.strukturholding.de\/fr\/la-leg-saar-et-le-ministere-de-la-justice-une-cooperation-dans-le-justice-durable\/","og_site_name":"SHS | Strukturholding Saar","article_published_time":"2022-03-25T12:08:45+00:00","article_modified_time":"2022-04-04T08:00:47+00:00","og_image":[{"width":1200,"height":630,"url":"https:\/\/www.strukturholding.de\/wp-content\/uploads\/2016\/10\/og_image_strukturholding.jpg","type":"image\/jpeg"}],"author":"roseburgard","twitter_misc":{"\u00c9crit par":"roseburgard","Dur\u00e9e de lecture estim\u00e9e":"4 minutes"},"schema":{"@context":"https:\/\/schema.org","@graph":[{"@type":"Article","@id":"https:\/\/www.strukturholding.de\/fr\/la-leg-saar-et-le-ministere-de-la-justice-une-cooperation-dans-le-justice-durable\/#article","isPartOf":{"@id":"https:\/\/www.strukturholding.de\/fr\/la-leg-saar-et-le-ministere-de-la-justice-une-cooperation-dans-le-justice-durable\/"},"author":{"name":"roseburgard","@id":"https:\/\/www.strukturholding.de\/#\/schema\/person\/6de28da221fc7edc231f999716e955c5"},"headline":"La LEG Saar et le minist\u00e8re de la Justice &#8211; une coop\u00e9ration dans le \u00ab\u00a0Justice durable\u00a0\u00bb","datePublished":"2022-03-25T12:08:45+00:00","dateModified":"2022-04-04T08:00:47+00:00","mainEntityOfPage":{"@id":"https:\/\/www.strukturholding.de\/fr\/la-leg-saar-et-le-ministere-de-la-justice-une-cooperation-dans-le-justice-durable\/"},"wordCount":1005,"articleSection":["G\u00e9n\u00e9ral"],"inLanguage":"fr-FR"},{"@type":"WebPage","@id":"https:\/\/www.strukturholding.de\/fr\/la-leg-saar-et-le-ministere-de-la-justice-une-cooperation-dans-le-justice-durable\/","url":"https:\/\/www.strukturholding.de\/fr\/la-leg-saar-et-le-ministere-de-la-justice-une-cooperation-dans-le-justice-durable\/","name":"La LEG Saar et le minist\u00e8re de la Justice - une coop\u00e9ration dans le \u00ab\u00a0Justice durable\u00a0\u00bb - SHS | Strukturholding Saar","isPartOf":{"@id":"https:\/\/www.strukturholding.de\/#website"},"datePublished":"2022-03-25T12:08:45+00:00","dateModified":"2022-04-04T08:00:47+00:00","author":{"@id":"https:\/\/www.strukturholding.de\/#\/schema\/person\/6de28da221fc7edc231f999716e955c5"},"breadcrumb":{"@id":"https:\/\/www.strukturholding.de\/fr\/la-leg-saar-et-le-ministere-de-la-justice-une-cooperation-dans-le-justice-durable\/#breadcrumb"},"inLanguage":"fr-FR","potentialAction":[{"@type":"ReadAction","target":["https:\/\/www.strukturholding.de\/fr\/la-leg-saar-et-le-ministere-de-la-justice-une-cooperation-dans-le-justice-durable\/"]}]},{"@type":"BreadcrumbList","@id":"https:\/\/www.strukturholding.de\/fr\/la-leg-saar-et-le-ministere-de-la-justice-une-cooperation-dans-le-justice-durable\/#breadcrumb","itemListElement":[{"@type":"ListItem","position":1,"name":"Startseite","item":"https:\/\/www.strukturholding.de\/fr\/"},{"@type":"ListItem","position":2,"name":"La LEG Saar et le minist\u00e8re de la Justice &#8211; une coop\u00e9ration dans le \u00ab\u00a0Justice durable\u00a0\u00bb"}]},{"@type":"WebSite","@id":"https:\/\/www.strukturholding.de\/#website","url":"https:\/\/www.strukturholding.de\/","name":"SHS | Strukturholding Saar","description":"","potentialAction":[{"@type":"SearchAction","target":{"@type":"EntryPoint","urlTemplate":"https:\/\/www.strukturholding.de\/?s={search_term_string}"},"query-input":{"@type":"PropertyValueSpecification","valueRequired":true,"valueName":"search_term_string"}}],"inLanguage":"fr-FR"},{"@type":"Person","@id":"https:\/\/www.strukturholding.de\/#\/schema\/person\/6de28da221fc7edc231f999716e955c5","name":"roseburgard","url":"https:\/\/www.strukturholding.de\/fr\/author\/rose\/"}]}},"_links":{"self":[{"href":"https:\/\/www.strukturholding.de\/fr\/wp-json\/wp\/v2\/posts\/19963","targetHints":{"allow":["GET"]}}],"collection":[{"href":"https:\/\/www.strukturholding.de\/fr\/wp-json\/wp\/v2\/posts"}],"about":[{"href":"https:\/\/www.strukturholding.de\/fr\/wp-json\/wp\/v2\/types\/post"}],"author":[{"embeddable":true,"href":"https:\/\/www.strukturholding.de\/fr\/wp-json\/wp\/v2\/users\/7"}],"replies":[{"embeddable":true,"href":"https:\/\/www.strukturholding.de\/fr\/wp-json\/wp\/v2\/comments?post=19963"}],"version-history":[{"count":6,"href":"https:\/\/www.strukturholding.de\/fr\/wp-json\/wp\/v2\/posts\/19963\/revisions"}],"predecessor-version":[{"id":20025,"href":"https:\/\/www.strukturholding.de\/fr\/wp-json\/wp\/v2\/posts\/19963\/revisions\/20025"}],"wp:attachment":[{"href":"https:\/\/www.strukturholding.de\/fr\/wp-json\/wp\/v2\/media?parent=19963"}],"wp:term":[{"taxonomy":"category","embeddable":true,"href":"https:\/\/www.strukturholding.de\/fr\/wp-json\/wp\/v2\/categories?post=19963"},{"taxonomy":"post_tag","embeddable":true,"href":"https:\/\/www.strukturholding.de\/fr\/wp-json\/wp\/v2\/tags?post=19963"}],"curies":[{"name":"wp","href":"https:\/\/api.w.org\/{rel}","templated":true}]}}