{"id":18528,"date":"2021-07-15T10:12:21","date_gmt":"2021-07-15T08:12:21","guid":{"rendered":"https:\/\/www.strukturholding.de\/?p=18528"},"modified":"2021-07-15T10:12:21","modified_gmt":"2021-07-15T08:12:21","slug":"extension-de-la-zone-dactivites-waellerichen-avec-la-societe-leg-saar","status":"publish","type":"post","link":"https:\/\/www.strukturholding.de\/fr\/extension-de-la-zone-dactivites-waellerichen-avec-la-societe-leg-saar\/","title":{"rendered":"Extension de la zone d\u2019activit\u00e9s \u00ab\u00a0W\u00e4llerichen\u00a0\u00bb avec la soci\u00e9t\u00e9 LEG Saar"},"content":{"rendered":"<h1><strong>Extension de la zone d\u2019activit\u00e9s \u00ab\u00a0W\u00e4llerichen\u00a0\u00bb <\/strong><strong>avec la soci\u00e9t\u00e9 LEG Saar <\/strong><\/h1>\n<p>Les travaux d\u2019extension de la zone d\u2019activit\u00e9s \u00ab\u00a0W\u00e4llerichen\u00a0\u00bb ont \u00e9t\u00e9 lanc\u00e9s le 8 juillet avec le premier coup de pioche symbolique, en pr\u00e9sence d\u2019Anke Rehlinger, ministre de l\u2019\u00c9conomie. La soci\u00e9t\u00e9 LEG Saar Landesentwicklungsgesellschaft Saarland soutient la commune dans le cadre de l\u2019extension de la zone \u00e0 Hasborn-Dautweiler. Par ailleurs, la filiale SHS se charge de la gestion technique du projet.<\/p>\n<p>Une partie du terrain \u00ab\u00a0W\u00e4llerichen\u00a0\u00bb a d\u00e9j\u00e0 \u00e9t\u00e9 viabilis\u00e9e il y a quelques ann\u00e9es. Plusieurs entreprises de taille moyenne s\u2019y sont entre-temps implant\u00e9es. Cette zone d\u2019activit\u00e9s est \u00e9galement proche de l\u2019autoroute A1 et donc tr\u00e8s attrayante du point de vue de la logistique des entreprises sur place.<br \/>\nIl s\u2019agit \u00e0 pr\u00e9sent d\u2019une surface utile dont la taille est comparable \u00e0 celle d\u2019un terrain de football. Conform\u00e9ment au plan d\u2019urbanisme de l\u2019actuel projet sur env.\u00a09\u00a0000\u00a0m\u00e8tres carr\u00e9s, des travaux ont \u00e9t\u00e9 effectu\u00e9s sur la canalisation des eaux us\u00e9es et le terrassement pour viabiliser la zone.<\/p>\n<p>La mesure de construction, dont l\u2019enveloppe financi\u00e8re globale est d\u2019env.\u00a02,2\u00a0millions d\u2019euros, est r\u00e9alis\u00e9e via un compte fiduciaire g\u00e9r\u00e9 par la LEG Saar. Le minist\u00e8re de l\u2019\u00c9conomie subventionnera la mesure de construction \u00e0 raison de 95\u00a0pour cent du d\u00e9ficit \u00e9ligible de la mesure.<br \/>\nLes travaux de construction prendront probablement fin \u00e0 l\u2019\u00e9t\u00e9 2022 et seront suivis de plantations \u00e0 l\u2019automne suivant.<\/p>\n<p>&nbsp;<\/p>\n<p>Valentin Holzer, g\u00e9rant, est heureux que les travaux d\u00e9marrent \u00e0 Hasborn\u00a0: \u00ab\u00a0La LEG Saar, partenaire des communes sarroises, est ici aussi \u00e0 disposition avec sa gestion de projet performante. Nous faisons ainsi avancer en commun le d\u00e9veloppement de notre Land.\u00a0\u00bb<\/p>\n<p>&nbsp;<\/p>\n","protected":false},"excerpt":{"rendered":"<p>Extension de la zone d\u2019activit\u00e9s \u00ab\u00a0W\u00e4llerichen\u00a0\u00bb avec la soci\u00e9t\u00e9 LEG Saar Les travaux d\u2019extension de<\/p>\n","protected":false},"author":7,"featured_media":0,"comment_status":"closed","ping_status":"closed","sticky":false,"template":"","format":"standard","meta":{"_acf_changed":false,"footnotes":""},"categories":[3],"tags":[],"class_list":["post-18528","post","type-post","status-publish","format-standard","hentry","category-generale"],"acf":[],"yoast_head":"<!-- This site is optimized with the Yoast SEO plugin v27.4 - https:\/\/yoast.com\/product\/yoast-seo-wordpress\/ -->\n<title>Extension de la zone d\u2019activit\u00e9s \u00ab\u00a0W\u00e4llerichen\u00a0\u00bb avec la soci\u00e9t\u00e9 LEG Saar - SHS | Strukturholding Saar<\/title>\n<meta name=\"robots\" content=\"index, follow, max-snippet:-1, max-image-preview:large, max-video-preview:-1\" \/>\n<link rel=\"canonical\" href=\"https:\/\/www.strukturholding.de\/fr\/extension-de-la-zone-dactivites-waellerichen-avec-la-societe-leg-saar\/\" \/>\n<meta property=\"og:locale\" content=\"fr_FR\" \/>\n<meta property=\"og:type\" content=\"article\" \/>\n<meta property=\"og:title\" content=\"Extension de la zone d\u2019activit\u00e9s \u00ab\u00a0W\u00e4llerichen\u00a0\u00bb avec la soci\u00e9t\u00e9 LEG Saar - SHS | Strukturholding Saar\" \/>\n<meta property=\"og:description\" content=\"Extension de la zone d\u2019activit\u00e9s \u00ab\u00a0W\u00e4llerichen\u00a0\u00bb avec la soci\u00e9t\u00e9 LEG Saar Les travaux d\u2019extension de\" \/>\n<meta property=\"og:url\" content=\"https:\/\/www.strukturholding.de\/fr\/extension-de-la-zone-dactivites-waellerichen-avec-la-societe-leg-saar\/\" \/>\n<meta property=\"og:site_name\" content=\"SHS | Strukturholding Saar\" \/>\n<meta property=\"article:published_time\" content=\"2021-07-15T08:12:21+00:00\" \/>\n<meta property=\"og:image\" content=\"https:\/\/www.strukturholding.de\/wp-content\/uploads\/2016\/10\/og_image_strukturholding.jpg\" \/>\n\t<meta property=\"og:image:width\" content=\"1200\" \/>\n\t<meta property=\"og:image:height\" content=\"630\" \/>\n\t<meta property=\"og:image:type\" content=\"image\/jpeg\" \/>\n<meta name=\"author\" content=\"roseburgard\" \/>\n<meta name=\"twitter:label1\" content=\"\u00c9crit par\" \/>\n\t<meta name=\"twitter:data1\" content=\"roseburgard\" \/>\n\t<meta name=\"twitter:label2\" content=\"Dur\u00e9e de lecture estim\u00e9e\" \/>\n\t<meta name=\"twitter:data2\" content=\"2 minutes\" \/>\n<script type=\"application\/ld+json\" class=\"yoast-schema-graph\">{\"@context\":\"https:\\\/\\\/schema.org\",\"@graph\":[{\"@type\":\"Article\",\"@id\":\"https:\\\/\\\/www.strukturholding.de\\\/fr\\\/extension-de-la-zone-dactivites-waellerichen-avec-la-societe-leg-saar\\\/#article\",\"isPartOf\":{\"@id\":\"https:\\\/\\\/www.strukturholding.de\\\/fr\\\/extension-de-la-zone-dactivites-waellerichen-avec-la-societe-leg-saar\\\/\"},\"author\":{\"name\":\"roseburgard\",\"@id\":\"https:\\\/\\\/www.strukturholding.de\\\/#\\\/schema\\\/person\\\/6de28da221fc7edc231f999716e955c5\"},\"headline\":\"Extension de la zone d\u2019activit\u00e9s \u00ab\u00a0W\u00e4llerichen\u00a0\u00bb avec la soci\u00e9t\u00e9 LEG Saar\",\"datePublished\":\"2021-07-15T08:12:21+00:00\",\"mainEntityOfPage\":{\"@id\":\"https:\\\/\\\/www.strukturholding.de\\\/fr\\\/extension-de-la-zone-dactivites-waellerichen-avec-la-societe-leg-saar\\\/\"},\"wordCount\":323,\"articleSection\":[\"G\u00e9n\u00e9ral\"],\"inLanguage\":\"fr-FR\"},{\"@type\":\"WebPage\",\"@id\":\"https:\\\/\\\/www.strukturholding.de\\\/fr\\\/extension-de-la-zone-dactivites-waellerichen-avec-la-societe-leg-saar\\\/\",\"url\":\"https:\\\/\\\/www.strukturholding.de\\\/fr\\\/extension-de-la-zone-dactivites-waellerichen-avec-la-societe-leg-saar\\\/\",\"name\":\"Extension de la zone d\u2019activit\u00e9s \u00ab\u00a0W\u00e4llerichen\u00a0\u00bb avec la soci\u00e9t\u00e9 LEG Saar - SHS | Strukturholding Saar\",\"isPartOf\":{\"@id\":\"https:\\\/\\\/www.strukturholding.de\\\/#website\"},\"datePublished\":\"2021-07-15T08:12:21+00:00\",\"author\":{\"@id\":\"https:\\\/\\\/www.strukturholding.de\\\/#\\\/schema\\\/person\\\/6de28da221fc7edc231f999716e955c5\"},\"breadcrumb\":{\"@id\":\"https:\\\/\\\/www.strukturholding.de\\\/fr\\\/extension-de-la-zone-dactivites-waellerichen-avec-la-societe-leg-saar\\\/#breadcrumb\"},\"inLanguage\":\"fr-FR\",\"potentialAction\":[{\"@type\":\"ReadAction\",\"target\":[\"https:\\\/\\\/www.strukturholding.de\\\/fr\\\/extension-de-la-zone-dactivites-waellerichen-avec-la-societe-leg-saar\\\/\"]}]},{\"@type\":\"BreadcrumbList\",\"@id\":\"https:\\\/\\\/www.strukturholding.de\\\/fr\\\/extension-de-la-zone-dactivites-waellerichen-avec-la-societe-leg-saar\\\/#breadcrumb\",\"itemListElement\":[{\"@type\":\"ListItem\",\"position\":1,\"name\":\"Startseite\",\"item\":\"https:\\\/\\\/www.strukturholding.de\\\/fr\\\/\"},{\"@type\":\"ListItem\",\"position\":2,\"name\":\"Extension de la zone d\u2019activit\u00e9s \u00ab\u00a0W\u00e4llerichen\u00a0\u00bb avec la soci\u00e9t\u00e9 LEG Saar\"}]},{\"@type\":\"WebSite\",\"@id\":\"https:\\\/\\\/www.strukturholding.de\\\/#website\",\"url\":\"https:\\\/\\\/www.strukturholding.de\\\/\",\"name\":\"SHS | Strukturholding Saar\",\"description\":\"\",\"potentialAction\":[{\"@type\":\"SearchAction\",\"target\":{\"@type\":\"EntryPoint\",\"urlTemplate\":\"https:\\\/\\\/www.strukturholding.de\\\/?s={search_term_string}\"},\"query-input\":{\"@type\":\"PropertyValueSpecification\",\"valueRequired\":true,\"valueName\":\"search_term_string\"}}],\"inLanguage\":\"fr-FR\"},{\"@type\":\"Person\",\"@id\":\"https:\\\/\\\/www.strukturholding.de\\\/#\\\/schema\\\/person\\\/6de28da221fc7edc231f999716e955c5\",\"name\":\"roseburgard\",\"url\":\"https:\\\/\\\/www.strukturholding.de\\\/fr\\\/author\\\/rose\\\/\"}]}<\/script>\n<!-- \/ Yoast SEO plugin. -->","yoast_head_json":{"title":"Extension de la zone d\u2019activit\u00e9s \u00ab\u00a0W\u00e4llerichen\u00a0\u00bb avec la soci\u00e9t\u00e9 LEG Saar - SHS | Strukturholding Saar","robots":{"index":"index","follow":"follow","max-snippet":"max-snippet:-1","max-image-preview":"max-image-preview:large","max-video-preview":"max-video-preview:-1"},"canonical":"https:\/\/www.strukturholding.de\/fr\/extension-de-la-zone-dactivites-waellerichen-avec-la-societe-leg-saar\/","og_locale":"fr_FR","og_type":"article","og_title":"Extension de la zone d\u2019activit\u00e9s \u00ab\u00a0W\u00e4llerichen\u00a0\u00bb avec la soci\u00e9t\u00e9 LEG Saar - SHS | Strukturholding Saar","og_description":"Extension de la zone d\u2019activit\u00e9s \u00ab\u00a0W\u00e4llerichen\u00a0\u00bb avec la soci\u00e9t\u00e9 LEG Saar Les travaux d\u2019extension de","og_url":"https:\/\/www.strukturholding.de\/fr\/extension-de-la-zone-dactivites-waellerichen-avec-la-societe-leg-saar\/","og_site_name":"SHS | Strukturholding Saar","article_published_time":"2021-07-15T08:12:21+00:00","og_image":[{"width":1200,"height":630,"url":"https:\/\/www.strukturholding.de\/wp-content\/uploads\/2016\/10\/og_image_strukturholding.jpg","type":"image\/jpeg"}],"author":"roseburgard","twitter_misc":{"\u00c9crit par":"roseburgard","Dur\u00e9e de lecture estim\u00e9e":"2 minutes"},"schema":{"@context":"https:\/\/schema.org","@graph":[{"@type":"Article","@id":"https:\/\/www.strukturholding.de\/fr\/extension-de-la-zone-dactivites-waellerichen-avec-la-societe-leg-saar\/#article","isPartOf":{"@id":"https:\/\/www.strukturholding.de\/fr\/extension-de-la-zone-dactivites-waellerichen-avec-la-societe-leg-saar\/"},"author":{"name":"roseburgard","@id":"https:\/\/www.strukturholding.de\/#\/schema\/person\/6de28da221fc7edc231f999716e955c5"},"headline":"Extension de la zone d\u2019activit\u00e9s \u00ab\u00a0W\u00e4llerichen\u00a0\u00bb avec la soci\u00e9t\u00e9 LEG Saar","datePublished":"2021-07-15T08:12:21+00:00","mainEntityOfPage":{"@id":"https:\/\/www.strukturholding.de\/fr\/extension-de-la-zone-dactivites-waellerichen-avec-la-societe-leg-saar\/"},"wordCount":323,"articleSection":["G\u00e9n\u00e9ral"],"inLanguage":"fr-FR"},{"@type":"WebPage","@id":"https:\/\/www.strukturholding.de\/fr\/extension-de-la-zone-dactivites-waellerichen-avec-la-societe-leg-saar\/","url":"https:\/\/www.strukturholding.de\/fr\/extension-de-la-zone-dactivites-waellerichen-avec-la-societe-leg-saar\/","name":"Extension de la zone d\u2019activit\u00e9s \u00ab\u00a0W\u00e4llerichen\u00a0\u00bb avec la soci\u00e9t\u00e9 LEG Saar - SHS | Strukturholding Saar","isPartOf":{"@id":"https:\/\/www.strukturholding.de\/#website"},"datePublished":"2021-07-15T08:12:21+00:00","author":{"@id":"https:\/\/www.strukturholding.de\/#\/schema\/person\/6de28da221fc7edc231f999716e955c5"},"breadcrumb":{"@id":"https:\/\/www.strukturholding.de\/fr\/extension-de-la-zone-dactivites-waellerichen-avec-la-societe-leg-saar\/#breadcrumb"},"inLanguage":"fr-FR","potentialAction":[{"@type":"ReadAction","target":["https:\/\/www.strukturholding.de\/fr\/extension-de-la-zone-dactivites-waellerichen-avec-la-societe-leg-saar\/"]}]},{"@type":"BreadcrumbList","@id":"https:\/\/www.strukturholding.de\/fr\/extension-de-la-zone-dactivites-waellerichen-avec-la-societe-leg-saar\/#breadcrumb","itemListElement":[{"@type":"ListItem","position":1,"name":"Startseite","item":"https:\/\/www.strukturholding.de\/fr\/"},{"@type":"ListItem","position":2,"name":"Extension de la zone d\u2019activit\u00e9s \u00ab\u00a0W\u00e4llerichen\u00a0\u00bb avec la soci\u00e9t\u00e9 LEG Saar"}]},{"@type":"WebSite","@id":"https:\/\/www.strukturholding.de\/#website","url":"https:\/\/www.strukturholding.de\/","name":"SHS | Strukturholding Saar","description":"","potentialAction":[{"@type":"SearchAction","target":{"@type":"EntryPoint","urlTemplate":"https:\/\/www.strukturholding.de\/?s={search_term_string}"},"query-input":{"@type":"PropertyValueSpecification","valueRequired":true,"valueName":"search_term_string"}}],"inLanguage":"fr-FR"},{"@type":"Person","@id":"https:\/\/www.strukturholding.de\/#\/schema\/person\/6de28da221fc7edc231f999716e955c5","name":"roseburgard","url":"https:\/\/www.strukturholding.de\/fr\/author\/rose\/"}]}},"_links":{"self":[{"href":"https:\/\/www.strukturholding.de\/fr\/wp-json\/wp\/v2\/posts\/18528","targetHints":{"allow":["GET"]}}],"collection":[{"href":"https:\/\/www.strukturholding.de\/fr\/wp-json\/wp\/v2\/posts"}],"about":[{"href":"https:\/\/www.strukturholding.de\/fr\/wp-json\/wp\/v2\/types\/post"}],"author":[{"embeddable":true,"href":"https:\/\/www.strukturholding.de\/fr\/wp-json\/wp\/v2\/users\/7"}],"replies":[{"embeddable":true,"href":"https:\/\/www.strukturholding.de\/fr\/wp-json\/wp\/v2\/comments?post=18528"}],"version-history":[{"count":2,"href":"https:\/\/www.strukturholding.de\/fr\/wp-json\/wp\/v2\/posts\/18528\/revisions"}],"predecessor-version":[{"id":18530,"href":"https:\/\/www.strukturholding.de\/fr\/wp-json\/wp\/v2\/posts\/18528\/revisions\/18530"}],"wp:attachment":[{"href":"https:\/\/www.strukturholding.de\/fr\/wp-json\/wp\/v2\/media?parent=18528"}],"wp:term":[{"taxonomy":"category","embeddable":true,"href":"https:\/\/www.strukturholding.de\/fr\/wp-json\/wp\/v2\/categories?post=18528"},{"taxonomy":"post_tag","embeddable":true,"href":"https:\/\/www.strukturholding.de\/fr\/wp-json\/wp\/v2\/tags?post=18528"}],"curies":[{"name":"wp","href":"https:\/\/api.w.org\/{rel}","templated":true}]}}