{"id":15130,"date":"2020-05-14T15:30:16","date_gmt":"2020-05-14T13:30:16","guid":{"rendered":"https:\/\/www.strukturholding.de\/?p=15130"},"modified":"2020-05-14T15:30:16","modified_gmt":"2020-05-14T13:30:16","slug":"aeroport-de-sarrebruck-dat-reprendra-la-liaison-aerienne-vers-berlin-a-partir-du-2-juin","status":"publish","type":"post","link":"https:\/\/www.strukturholding.de\/fr\/aeroport-de-sarrebruck-dat-reprendra-la-liaison-aerienne-vers-berlin-a-partir-du-2-juin\/","title":{"rendered":"A\u00e9roport de Sarrebruck: DAT reprendra la liaison a\u00e9rienne vers Berlin \u00e0 partir du 2 juin"},"content":{"rendered":"<h1>A\u00e9roport de Sarrebruck: DAT reprendra la liaison a\u00e9rienne vers Berlin \u00e0 partir du 2 juin<\/h1>\n<p>Le 2 juin, la compagnie a\u00e9rienne DAT reprendra ses op\u00e9rations a\u00e9riennes sur la liaison Sarrebruck-Berlin. D&rsquo;abord, il y a un vol de retour par jour, du lundi au vendredi et le dimanche. Le vol d\u00e9colle de Sarrebruck \u00e0 7h30 du lundi au jeudi, et \u00e0 13h40 le vendredi et le dimanche. Ainsi, DAT et l&rsquo;a\u00e9roport r\u00e9pondent \u00e0 court terme \u00e0 la demande croissante de vols pour Berlin.<\/p>\n<p>L&rsquo;a\u00e9roport de Sarrebruck est pr\u00eat \u00e0 reprendre les op\u00e9rations a\u00e9riennes et a pris les mesures ad\u00e9quates conform\u00e9ment aux recommandations du RKI et des autorit\u00e9s a\u00e9ronautiques pour assurer une prise en charge s\u00fbre des passagers et des vols.<\/p>\n<p>&nbsp;<\/p>\n","protected":false},"excerpt":{"rendered":"<p>A\u00e9roport de Sarrebruck: DAT reprendra la liaison a\u00e9rienne vers Berlin \u00e0 partir du 2 juin<\/p>\n","protected":false},"author":8,"featured_media":0,"comment_status":"closed","ping_status":"closed","sticky":false,"template":"","format":"standard","meta":{"_acf_changed":false,"footnotes":""},"categories":[3],"tags":[],"class_list":["post-15130","post","type-post","status-publish","format-standard","hentry","category-generale"],"acf":[],"yoast_head":"<!-- This site is optimized with the Yoast SEO plugin v27.4 - https:\/\/yoast.com\/product\/yoast-seo-wordpress\/ -->\n<title>A\u00e9roport de Sarrebruck: DAT reprendra la liaison a\u00e9rienne vers Berlin \u00e0 partir du 2 juin - SHS | Strukturholding Saar<\/title>\n<meta name=\"robots\" content=\"index, follow, max-snippet:-1, max-image-preview:large, max-video-preview:-1\" \/>\n<link rel=\"canonical\" href=\"https:\/\/www.strukturholding.de\/fr\/aeroport-de-sarrebruck-dat-reprendra-la-liaison-aerienne-vers-berlin-a-partir-du-2-juin\/\" \/>\n<meta property=\"og:locale\" content=\"fr_FR\" \/>\n<meta property=\"og:type\" content=\"article\" \/>\n<meta property=\"og:title\" content=\"A\u00e9roport de Sarrebruck: DAT reprendra la liaison a\u00e9rienne vers Berlin \u00e0 partir du 2 juin - SHS | Strukturholding Saar\" \/>\n<meta property=\"og:description\" content=\"A\u00e9roport de Sarrebruck: DAT reprendra la liaison a\u00e9rienne vers Berlin \u00e0 partir du 2 juin\" \/>\n<meta property=\"og:url\" content=\"https:\/\/www.strukturholding.de\/fr\/aeroport-de-sarrebruck-dat-reprendra-la-liaison-aerienne-vers-berlin-a-partir-du-2-juin\/\" \/>\n<meta property=\"og:site_name\" content=\"SHS | Strukturholding Saar\" \/>\n<meta property=\"article:published_time\" content=\"2020-05-14T13:30:16+00:00\" \/>\n<meta property=\"og:image\" content=\"https:\/\/www.strukturholding.de\/wp-content\/uploads\/2016\/10\/og_image_strukturholding.jpg\" \/>\n\t<meta property=\"og:image:width\" content=\"1200\" \/>\n\t<meta property=\"og:image:height\" content=\"630\" \/>\n\t<meta property=\"og:image:type\" content=\"image\/jpeg\" \/>\n<meta name=\"author\" content=\"marcneuhardt\" \/>\n<meta name=\"twitter:label1\" content=\"\u00c9crit par\" \/>\n\t<meta name=\"twitter:data1\" content=\"marcneuhardt\" \/>\n\t<meta name=\"twitter:label2\" content=\"Dur\u00e9e de lecture estim\u00e9e\" \/>\n\t<meta name=\"twitter:data2\" content=\"1 minute\" \/>\n<script type=\"application\/ld+json\" class=\"yoast-schema-graph\">{\"@context\":\"https:\\\/\\\/schema.org\",\"@graph\":[{\"@type\":\"Article\",\"@id\":\"https:\\\/\\\/www.strukturholding.de\\\/fr\\\/aeroport-de-sarrebruck-dat-reprendra-la-liaison-aerienne-vers-berlin-a-partir-du-2-juin\\\/#article\",\"isPartOf\":{\"@id\":\"https:\\\/\\\/www.strukturholding.de\\\/fr\\\/aeroport-de-sarrebruck-dat-reprendra-la-liaison-aerienne-vers-berlin-a-partir-du-2-juin\\\/\"},\"author\":{\"name\":\"marcneuhardt\",\"@id\":\"https:\\\/\\\/www.strukturholding.de\\\/#\\\/schema\\\/person\\\/9a16d7201991ccc62960722ad53cac61\"},\"headline\":\"A\u00e9roport de Sarrebruck: DAT reprendra la liaison a\u00e9rienne vers Berlin \u00e0 partir du 2 juin\",\"datePublished\":\"2020-05-14T13:30:16+00:00\",\"mainEntityOfPage\":{\"@id\":\"https:\\\/\\\/www.strukturholding.de\\\/fr\\\/aeroport-de-sarrebruck-dat-reprendra-la-liaison-aerienne-vers-berlin-a-partir-du-2-juin\\\/\"},\"wordCount\":144,\"articleSection\":[\"G\u00e9n\u00e9ral\"],\"inLanguage\":\"fr-FR\"},{\"@type\":\"WebPage\",\"@id\":\"https:\\\/\\\/www.strukturholding.de\\\/fr\\\/aeroport-de-sarrebruck-dat-reprendra-la-liaison-aerienne-vers-berlin-a-partir-du-2-juin\\\/\",\"url\":\"https:\\\/\\\/www.strukturholding.de\\\/fr\\\/aeroport-de-sarrebruck-dat-reprendra-la-liaison-aerienne-vers-berlin-a-partir-du-2-juin\\\/\",\"name\":\"A\u00e9roport de Sarrebruck: DAT reprendra la liaison a\u00e9rienne vers Berlin \u00e0 partir du 2 juin - SHS | Strukturholding Saar\",\"isPartOf\":{\"@id\":\"https:\\\/\\\/www.strukturholding.de\\\/#website\"},\"datePublished\":\"2020-05-14T13:30:16+00:00\",\"author\":{\"@id\":\"https:\\\/\\\/www.strukturholding.de\\\/#\\\/schema\\\/person\\\/9a16d7201991ccc62960722ad53cac61\"},\"breadcrumb\":{\"@id\":\"https:\\\/\\\/www.strukturholding.de\\\/fr\\\/aeroport-de-sarrebruck-dat-reprendra-la-liaison-aerienne-vers-berlin-a-partir-du-2-juin\\\/#breadcrumb\"},\"inLanguage\":\"fr-FR\",\"potentialAction\":[{\"@type\":\"ReadAction\",\"target\":[\"https:\\\/\\\/www.strukturholding.de\\\/fr\\\/aeroport-de-sarrebruck-dat-reprendra-la-liaison-aerienne-vers-berlin-a-partir-du-2-juin\\\/\"]}]},{\"@type\":\"BreadcrumbList\",\"@id\":\"https:\\\/\\\/www.strukturholding.de\\\/fr\\\/aeroport-de-sarrebruck-dat-reprendra-la-liaison-aerienne-vers-berlin-a-partir-du-2-juin\\\/#breadcrumb\",\"itemListElement\":[{\"@type\":\"ListItem\",\"position\":1,\"name\":\"Startseite\",\"item\":\"https:\\\/\\\/www.strukturholding.de\\\/fr\\\/\"},{\"@type\":\"ListItem\",\"position\":2,\"name\":\"A\u00e9roport de Sarrebruck: DAT reprendra la liaison a\u00e9rienne vers Berlin \u00e0 partir du 2 juin\"}]},{\"@type\":\"WebSite\",\"@id\":\"https:\\\/\\\/www.strukturholding.de\\\/#website\",\"url\":\"https:\\\/\\\/www.strukturholding.de\\\/\",\"name\":\"SHS | Strukturholding Saar\",\"description\":\"\",\"potentialAction\":[{\"@type\":\"SearchAction\",\"target\":{\"@type\":\"EntryPoint\",\"urlTemplate\":\"https:\\\/\\\/www.strukturholding.de\\\/?s={search_term_string}\"},\"query-input\":{\"@type\":\"PropertyValueSpecification\",\"valueRequired\":true,\"valueName\":\"search_term_string\"}}],\"inLanguage\":\"fr-FR\"},{\"@type\":\"Person\",\"@id\":\"https:\\\/\\\/www.strukturholding.de\\\/#\\\/schema\\\/person\\\/9a16d7201991ccc62960722ad53cac61\",\"name\":\"marcneuhardt\",\"url\":\"https:\\\/\\\/www.strukturholding.de\\\/fr\\\/author\\\/marc-neuhardt\\\/\"}]}<\/script>\n<!-- \/ Yoast SEO plugin. -->","yoast_head_json":{"title":"A\u00e9roport de Sarrebruck: DAT reprendra la liaison a\u00e9rienne vers Berlin \u00e0 partir du 2 juin - SHS | Strukturholding Saar","robots":{"index":"index","follow":"follow","max-snippet":"max-snippet:-1","max-image-preview":"max-image-preview:large","max-video-preview":"max-video-preview:-1"},"canonical":"https:\/\/www.strukturholding.de\/fr\/aeroport-de-sarrebruck-dat-reprendra-la-liaison-aerienne-vers-berlin-a-partir-du-2-juin\/","og_locale":"fr_FR","og_type":"article","og_title":"A\u00e9roport de Sarrebruck: DAT reprendra la liaison a\u00e9rienne vers Berlin \u00e0 partir du 2 juin - SHS | Strukturholding Saar","og_description":"A\u00e9roport de Sarrebruck: DAT reprendra la liaison a\u00e9rienne vers Berlin \u00e0 partir du 2 juin","og_url":"https:\/\/www.strukturholding.de\/fr\/aeroport-de-sarrebruck-dat-reprendra-la-liaison-aerienne-vers-berlin-a-partir-du-2-juin\/","og_site_name":"SHS | Strukturholding Saar","article_published_time":"2020-05-14T13:30:16+00:00","og_image":[{"width":1200,"height":630,"url":"https:\/\/www.strukturholding.de\/wp-content\/uploads\/2016\/10\/og_image_strukturholding.jpg","type":"image\/jpeg"}],"author":"marcneuhardt","twitter_misc":{"\u00c9crit par":"marcneuhardt","Dur\u00e9e de lecture estim\u00e9e":"1 minute"},"schema":{"@context":"https:\/\/schema.org","@graph":[{"@type":"Article","@id":"https:\/\/www.strukturholding.de\/fr\/aeroport-de-sarrebruck-dat-reprendra-la-liaison-aerienne-vers-berlin-a-partir-du-2-juin\/#article","isPartOf":{"@id":"https:\/\/www.strukturholding.de\/fr\/aeroport-de-sarrebruck-dat-reprendra-la-liaison-aerienne-vers-berlin-a-partir-du-2-juin\/"},"author":{"name":"marcneuhardt","@id":"https:\/\/www.strukturholding.de\/#\/schema\/person\/9a16d7201991ccc62960722ad53cac61"},"headline":"A\u00e9roport de Sarrebruck: DAT reprendra la liaison a\u00e9rienne vers Berlin \u00e0 partir du 2 juin","datePublished":"2020-05-14T13:30:16+00:00","mainEntityOfPage":{"@id":"https:\/\/www.strukturholding.de\/fr\/aeroport-de-sarrebruck-dat-reprendra-la-liaison-aerienne-vers-berlin-a-partir-du-2-juin\/"},"wordCount":144,"articleSection":["G\u00e9n\u00e9ral"],"inLanguage":"fr-FR"},{"@type":"WebPage","@id":"https:\/\/www.strukturholding.de\/fr\/aeroport-de-sarrebruck-dat-reprendra-la-liaison-aerienne-vers-berlin-a-partir-du-2-juin\/","url":"https:\/\/www.strukturholding.de\/fr\/aeroport-de-sarrebruck-dat-reprendra-la-liaison-aerienne-vers-berlin-a-partir-du-2-juin\/","name":"A\u00e9roport de Sarrebruck: DAT reprendra la liaison a\u00e9rienne vers Berlin \u00e0 partir du 2 juin - SHS | Strukturholding Saar","isPartOf":{"@id":"https:\/\/www.strukturholding.de\/#website"},"datePublished":"2020-05-14T13:30:16+00:00","author":{"@id":"https:\/\/www.strukturholding.de\/#\/schema\/person\/9a16d7201991ccc62960722ad53cac61"},"breadcrumb":{"@id":"https:\/\/www.strukturholding.de\/fr\/aeroport-de-sarrebruck-dat-reprendra-la-liaison-aerienne-vers-berlin-a-partir-du-2-juin\/#breadcrumb"},"inLanguage":"fr-FR","potentialAction":[{"@type":"ReadAction","target":["https:\/\/www.strukturholding.de\/fr\/aeroport-de-sarrebruck-dat-reprendra-la-liaison-aerienne-vers-berlin-a-partir-du-2-juin\/"]}]},{"@type":"BreadcrumbList","@id":"https:\/\/www.strukturholding.de\/fr\/aeroport-de-sarrebruck-dat-reprendra-la-liaison-aerienne-vers-berlin-a-partir-du-2-juin\/#breadcrumb","itemListElement":[{"@type":"ListItem","position":1,"name":"Startseite","item":"https:\/\/www.strukturholding.de\/fr\/"},{"@type":"ListItem","position":2,"name":"A\u00e9roport de Sarrebruck: DAT reprendra la liaison a\u00e9rienne vers Berlin \u00e0 partir du 2 juin"}]},{"@type":"WebSite","@id":"https:\/\/www.strukturholding.de\/#website","url":"https:\/\/www.strukturholding.de\/","name":"SHS | Strukturholding Saar","description":"","potentialAction":[{"@type":"SearchAction","target":{"@type":"EntryPoint","urlTemplate":"https:\/\/www.strukturholding.de\/?s={search_term_string}"},"query-input":{"@type":"PropertyValueSpecification","valueRequired":true,"valueName":"search_term_string"}}],"inLanguage":"fr-FR"},{"@type":"Person","@id":"https:\/\/www.strukturholding.de\/#\/schema\/person\/9a16d7201991ccc62960722ad53cac61","name":"marcneuhardt","url":"https:\/\/www.strukturholding.de\/fr\/author\/marc-neuhardt\/"}]}},"_links":{"self":[{"href":"https:\/\/www.strukturholding.de\/fr\/wp-json\/wp\/v2\/posts\/15130","targetHints":{"allow":["GET"]}}],"collection":[{"href":"https:\/\/www.strukturholding.de\/fr\/wp-json\/wp\/v2\/posts"}],"about":[{"href":"https:\/\/www.strukturholding.de\/fr\/wp-json\/wp\/v2\/types\/post"}],"author":[{"embeddable":true,"href":"https:\/\/www.strukturholding.de\/fr\/wp-json\/wp\/v2\/users\/8"}],"replies":[{"embeddable":true,"href":"https:\/\/www.strukturholding.de\/fr\/wp-json\/wp\/v2\/comments?post=15130"}],"version-history":[{"count":0,"href":"https:\/\/www.strukturholding.de\/fr\/wp-json\/wp\/v2\/posts\/15130\/revisions"}],"wp:attachment":[{"href":"https:\/\/www.strukturholding.de\/fr\/wp-json\/wp\/v2\/media?parent=15130"}],"wp:term":[{"taxonomy":"category","embeddable":true,"href":"https:\/\/www.strukturholding.de\/fr\/wp-json\/wp\/v2\/categories?post=15130"},{"taxonomy":"post_tag","embeddable":true,"href":"https:\/\/www.strukturholding.de\/fr\/wp-json\/wp\/v2\/tags?post=15130"}],"curies":[{"name":"wp","href":"https:\/\/api.w.org\/{rel}","templated":true}]}}