{"id":14570,"date":"2019-11-07T11:42:12","date_gmt":"2019-11-07T10:42:12","guid":{"rendered":"https:\/\/www.strukturholding.de\/?p=14570"},"modified":"2019-11-07T11:42:12","modified_gmt":"2019-11-07T10:42:12","slug":"creche-inclusive-presentee-par-woge-saar-et-gps","status":"publish","type":"post","link":"https:\/\/www.strukturholding.de\/fr\/creche-inclusive-presentee-par-woge-saar-et-gps\/","title":{"rendered":"Cr\u00e8che inclusive pr\u00e9sent\u00e9e par WOGE Saar et GPS"},"content":{"rendered":"<h1><strong>Un projet commun r\u00e9ussi de WOGE Saar et GPS<\/strong><\/h1>\n<h2><strong>La cr\u00e8che inclusive <em>KiTa Raabe<\/em> de Saarbr\u00fccken Burbach est pr\u00e9sent\u00e9e au public<\/strong><\/h2>\n<p>Lumineuse et accueillante: C\u2019est ainsi que la cr\u00e8che inclusive pour les enfants \u00e2g\u00e9es de 1 \u00e0 6 ans &#8211; ouverte en ao\u00fbt au Rabestra\u00dfe \u00e0 Sarrebruck &#8211; se montrait jeudi, lors de la pr\u00e9sentation officielle au public. Avec la construction d&rsquo;un jardin d&rsquo;enfants moderne, la Wohnungsgesellschaft Saarland mbH (WOGE Saar) a combl\u00e9 une lacune dans l&rsquo;offre de garde dans le quartier de Burbach \/ Malstatt<\/p>\n<p>J\u00fcrgen Barke, secr\u00e9taire d\u00b4\u00c9tat et pr\u00e9sident du conseil de surveillance de WOGE Saar, se r\u00e9jouit de cette impulsion au d\u00e9veloppement urbain de Burbach: `Nos investissements dans la <em>KiTa Raabe<\/em> sont des investissements dans l\u00b4avenir des enfants qui y vivent. De bonnes offres de soins sont la cl\u00e9 pour mieux concilier la vie professionnelle et la vie familiale.`<\/p>\n<p>Le partenaire comp\u00e9tent de WOGE Saar est la Gemeinn\u00fctzige Gesellschaft f\u00fcr Parit\u00e4tische Sozialarbeit mbH (GPS) en tant qu\u2019op\u00e9rateur de <em>KiTa Raabe<\/em>. Cette mise en \u0153uvre ambitieuse a \u00e9t\u00e9 rendue possible gr\u00e2ce \u00e0 un financement appropri\u00e9 de la part des minist\u00e8res de l\u2019\u00e9ducation et des affaires sociales, de l\u00b4association r\u00e9gionale et de la ville de Sarrebruck, capitale du Land. Ce n\u2019est qu\u2019alors que le projet de 2,5 millions d\u2019euros pouvait \u00eatre r\u00e9alis\u00e9.<\/p>\n<p>Le secr\u00e9taire d\u00b4\u00c9tat de l&rsquo;\u00e9ducation, Jan Benedyczuk, se montre heureux de l&rsquo;engagement de toutes les personnes impliqu\u00e9es dans la construction. `Surtout dans nos r\u00e9gions m\u00e9tropolitaines, les besoins en espace sont importants`, a d\u00e9clar\u00e9 Benedyczuk. \u00b4Je suis donc particuli\u00e8rement heureux que l\u00b4offre de soins \u00e0 Burbach soit encore am\u00e9lior\u00e9e par la construction de cette cr\u00e8che inclusive. Nous continuerons \u00e0 conduire la construction de cr\u00e8ches et \u00e0 utiliser les fonds du Gute-KiTa-Gesetz pour am\u00e9liorer la qualit\u00e9 de nos installations, r\u00e9duire sensiblement les contributions des parents et continuer \u00e0 investir dans le personnel. Chaque enfant devrait avoir la possibilit\u00e9 de fr\u00e9quenter une KiTa.`<\/p>\n<p>Le planning conjoint de WOGE Saar et de GPS se caract\u00e9risait par une coop\u00e9ration intensive et bas\u00e9e sur la confiance. Avec la r\u00e9alisation d\u2019un projet de logement int\u00e9gr\u00e9 \u00e0 Homburg, les deux entreprises avaient d\u00e9j\u00e0 montr\u00e9 qu\u2019elles peuvent travailler main dans la main. `Nous ne voulons pas seulement cr\u00e9er des logements pour tous les groupes de population`, a d\u00e9clar\u00e9 Rita Gindorf-Wagner, g\u00e9rante de WOGE Saar. `Un bon d\u00e9veloppement du quartier comprend \u00e9galement des installations de soins d&rsquo;int\u00e9gration adapt\u00e9es \u00e0 tous les enfants. C&rsquo;est pourquoi cela s&rsquo;inscrit dans notre philosophie de travailler ensemble avec une association sociale.`<\/p>\n<p>La <em>KiTa Raabe<\/em> a \u00e9t\u00e9 con\u00e7ue pour une prise en charge inclusive \u00e0 base du concept \u00e9ducatif invent\u00e9 par Maria Montessori. La g\u00e9rante du GPS, Bernadette Hiery-Spaniol, est convaincue de la KiTa commune inclusive: `Nous pouvons cr\u00e9er ici un espace de vie commun qui donne une affiliation \u00e9motionnelle et offre d\u00b4individuelles opportunit\u00e9s de d\u00e9veloppement pour tous les enfants, de tous les pays, avec ou sans handicap, conform\u00e9ment aux principes de la p\u00e9dagogie Montessori et aux principes directeurs d&rsquo;une vie v\u00e9cue. La devise de Maria Montessori &#8211; <em>Aidez-moi \u00e0 le faire moi-m\u00eame!<\/em> &#8211; on la remarque imm\u00e9diatement, d\u00e8s qu\u00b4on rencontre les enfants et les adultes de <em>KiTa Raabe<\/em>. Un projet commun de beaucoup d\u00b4esprits cr\u00e9atifs vraiment couronn\u00e9 de succ\u00e8s.`<\/p>\n<p>Anne Wetzel est la t\u00eate de <em>KiTa Raabe<\/em>. Elle cumule de nombreuses ann\u00e9es d\u2019exp\u00e9rience en tant qu\u2019enseignante dipl\u00f4m\u00e9e de la conception Montessori, qui a \u00e9t\u00e9 mise au point par un groupe de projet commun lors d\u2019une phase pr\u00e9paratoire intensive.<\/p>\n<p>Con\u00e7ue et ex\u00e9cut\u00e9e par le cabinet d&rsquo;architecture Monzel de Heusweiler, <em>KiTa Raabe<\/em> se pr\u00e9sente comme un bijou, \u00e0 la fois en termes de construction et de concept. M\u00eame de l&rsquo;ext\u00e9rieur, le b\u00e2timent de deux \u00e9tages a l&rsquo;air compact et attrayant et s&rsquo;adapte \u00e0 l&rsquo;environnement urbain. L&rsquo;atrium inond\u00e9 de lumi\u00e8re et l&rsquo;espace ext\u00e9rieur adapt\u00e9 aux besoins inclusifs offrent d\u00b4espace pour le d\u00e9veloppement des enfants.<\/p>\n<p>L\u00b4\u00e9quipement spatial et technique, ainsi que la conception de la <em>KiTa Raabe<\/em>, sont bas\u00e9s sur les besoins sp\u00e9cifiques des enfants handicap\u00e9s, sur le programme spatial des cr\u00e8ches et sur le concept p\u00e9dagogique \u00e9labor\u00e9 par Maria Montessori. Le nouveau jardin d&rsquo;enfants devrait non seulement \u00eatre un lieu de r\u00e9sidence, mais aussi un lieu d&rsquo;identification pour les enfants. Ici, des termes importants tels que architecture, design, environnement, \u00e9nergie et durabilit\u00e9 sont consid\u00e9r\u00e9s comme des \u00e9l\u00e9ments essentiels de leur vie future.<\/p>\n<p>L&rsquo;interaction quotidienne des enfants handicap\u00e9s et non handicap\u00e9s et l&rsquo;implication des parents et du voisinage jouent un r\u00f4le majeur. Les premi\u00e8res exp\u00e9riences sont positives: les enfants s\u2019approchent ouvertement, l\u2019ensemble se caract\u00e9rise par l\u00b4appr\u00e9ciation et l\u00b4acceptation mutuelle de l\u2019alt\u00e9rit\u00e9.<\/p>\n<p>La cr\u00e8che dispose de 48 places r\u00e9parties sur 4 groupes, dont 14 pour les enfants handicap\u00e9s. Dans chacun des deux groupes de garderie, 8 enfants \u00e2g\u00e9s de un \u00e0 trois ans sont pris en charge, et dans les groupes de maternelle, 16 enfants de trois \u00e0 six ans sont pris en charge.<\/p>\n<p>En tout, reparti sur deux \u00e9tages, l\u2019\u00e9tablissement comprend 4 salles de groupe, 1 bistro, 1 salle polyvalente et plusieurs salles de th\u00e9rapie sur un total de 800 m<sup>2<\/sup> d\u2019espace g\u00e9n\u00e9reux pour 48 enfants et une \u00e9quipe de 20 professionnels de l\u2019\u00e9ducation.<\/p>\n<p>Toutes les photos: Dirk Guldner<\/p>\n<p>&nbsp;<\/p>\n","protected":false},"excerpt":{"rendered":"<p>Un projet commun r\u00e9ussi de WOGE Saar et GPS La cr\u00e8che inclusive KiTa Raabe de<\/p>\n","protected":false},"author":7,"featured_media":0,"comment_status":"closed","ping_status":"closed","sticky":false,"template":"","format":"standard","meta":{"_acf_changed":false,"footnotes":""},"categories":[3],"tags":[],"class_list":["post-14570","post","type-post","status-publish","format-standard","hentry","category-generale"],"acf":[],"yoast_head":"<!-- This site is optimized with the Yoast SEO plugin v27.4 - https:\/\/yoast.com\/product\/yoast-seo-wordpress\/ -->\n<title>Cr\u00e8che inclusive pr\u00e9sent\u00e9e par WOGE Saar et GPS - SHS | Strukturholding Saar<\/title>\n<meta name=\"robots\" content=\"index, follow, max-snippet:-1, max-image-preview:large, max-video-preview:-1\" \/>\n<link rel=\"canonical\" href=\"https:\/\/www.strukturholding.de\/fr\/creche-inclusive-presentee-par-woge-saar-et-gps\/\" \/>\n<meta property=\"og:locale\" content=\"fr_FR\" \/>\n<meta property=\"og:type\" content=\"article\" \/>\n<meta property=\"og:title\" content=\"Cr\u00e8che inclusive pr\u00e9sent\u00e9e par WOGE Saar et GPS - SHS | Strukturholding Saar\" \/>\n<meta property=\"og:description\" content=\"Un projet commun r\u00e9ussi de WOGE Saar et GPS La cr\u00e8che inclusive KiTa Raabe de\" \/>\n<meta property=\"og:url\" content=\"https:\/\/www.strukturholding.de\/fr\/creche-inclusive-presentee-par-woge-saar-et-gps\/\" \/>\n<meta property=\"og:site_name\" content=\"SHS | Strukturholding Saar\" \/>\n<meta property=\"article:published_time\" content=\"2019-11-07T10:42:12+00:00\" \/>\n<meta property=\"og:image\" content=\"https:\/\/www.strukturholding.de\/wp-content\/uploads\/2016\/10\/og_image_strukturholding.jpg\" \/>\n\t<meta property=\"og:image:width\" content=\"1200\" \/>\n\t<meta property=\"og:image:height\" content=\"630\" \/>\n\t<meta property=\"og:image:type\" content=\"image\/jpeg\" \/>\n<meta name=\"author\" content=\"roseburgard\" \/>\n<meta name=\"twitter:label1\" content=\"\u00c9crit par\" \/>\n\t<meta name=\"twitter:data1\" content=\"roseburgard\" \/>\n\t<meta name=\"twitter:label2\" content=\"Dur\u00e9e de lecture estim\u00e9e\" \/>\n\t<meta name=\"twitter:data2\" content=\"5 minutes\" \/>\n<script type=\"application\/ld+json\" class=\"yoast-schema-graph\">{\"@context\":\"https:\\\/\\\/schema.org\",\"@graph\":[{\"@type\":\"Article\",\"@id\":\"https:\\\/\\\/www.strukturholding.de\\\/fr\\\/creche-inclusive-presentee-par-woge-saar-et-gps\\\/#article\",\"isPartOf\":{\"@id\":\"https:\\\/\\\/www.strukturholding.de\\\/fr\\\/creche-inclusive-presentee-par-woge-saar-et-gps\\\/\"},\"author\":{\"name\":\"roseburgard\",\"@id\":\"https:\\\/\\\/www.strukturholding.de\\\/#\\\/schema\\\/person\\\/6de28da221fc7edc231f999716e955c5\"},\"headline\":\"Cr\u00e8che inclusive pr\u00e9sent\u00e9e par WOGE Saar et GPS\",\"datePublished\":\"2019-11-07T10:42:12+00:00\",\"mainEntityOfPage\":{\"@id\":\"https:\\\/\\\/www.strukturholding.de\\\/fr\\\/creche-inclusive-presentee-par-woge-saar-et-gps\\\/\"},\"wordCount\":958,\"articleSection\":[\"G\u00e9n\u00e9ral\"],\"inLanguage\":\"fr-FR\"},{\"@type\":\"WebPage\",\"@id\":\"https:\\\/\\\/www.strukturholding.de\\\/fr\\\/creche-inclusive-presentee-par-woge-saar-et-gps\\\/\",\"url\":\"https:\\\/\\\/www.strukturholding.de\\\/fr\\\/creche-inclusive-presentee-par-woge-saar-et-gps\\\/\",\"name\":\"Cr\u00e8che inclusive pr\u00e9sent\u00e9e par WOGE Saar et GPS - SHS | Strukturholding Saar\",\"isPartOf\":{\"@id\":\"https:\\\/\\\/www.strukturholding.de\\\/#website\"},\"datePublished\":\"2019-11-07T10:42:12+00:00\",\"author\":{\"@id\":\"https:\\\/\\\/www.strukturholding.de\\\/#\\\/schema\\\/person\\\/6de28da221fc7edc231f999716e955c5\"},\"breadcrumb\":{\"@id\":\"https:\\\/\\\/www.strukturholding.de\\\/fr\\\/creche-inclusive-presentee-par-woge-saar-et-gps\\\/#breadcrumb\"},\"inLanguage\":\"fr-FR\",\"potentialAction\":[{\"@type\":\"ReadAction\",\"target\":[\"https:\\\/\\\/www.strukturholding.de\\\/fr\\\/creche-inclusive-presentee-par-woge-saar-et-gps\\\/\"]}]},{\"@type\":\"BreadcrumbList\",\"@id\":\"https:\\\/\\\/www.strukturholding.de\\\/fr\\\/creche-inclusive-presentee-par-woge-saar-et-gps\\\/#breadcrumb\",\"itemListElement\":[{\"@type\":\"ListItem\",\"position\":1,\"name\":\"Startseite\",\"item\":\"https:\\\/\\\/www.strukturholding.de\\\/fr\\\/\"},{\"@type\":\"ListItem\",\"position\":2,\"name\":\"Cr\u00e8che inclusive pr\u00e9sent\u00e9e par WOGE Saar et GPS\"}]},{\"@type\":\"WebSite\",\"@id\":\"https:\\\/\\\/www.strukturholding.de\\\/#website\",\"url\":\"https:\\\/\\\/www.strukturholding.de\\\/\",\"name\":\"SHS | Strukturholding Saar\",\"description\":\"\",\"potentialAction\":[{\"@type\":\"SearchAction\",\"target\":{\"@type\":\"EntryPoint\",\"urlTemplate\":\"https:\\\/\\\/www.strukturholding.de\\\/?s={search_term_string}\"},\"query-input\":{\"@type\":\"PropertyValueSpecification\",\"valueRequired\":true,\"valueName\":\"search_term_string\"}}],\"inLanguage\":\"fr-FR\"},{\"@type\":\"Person\",\"@id\":\"https:\\\/\\\/www.strukturholding.de\\\/#\\\/schema\\\/person\\\/6de28da221fc7edc231f999716e955c5\",\"name\":\"roseburgard\",\"url\":\"https:\\\/\\\/www.strukturholding.de\\\/fr\\\/author\\\/rose\\\/\"}]}<\/script>\n<!-- \/ Yoast SEO plugin. -->","yoast_head_json":{"title":"Cr\u00e8che inclusive pr\u00e9sent\u00e9e par WOGE Saar et GPS - SHS | Strukturholding Saar","robots":{"index":"index","follow":"follow","max-snippet":"max-snippet:-1","max-image-preview":"max-image-preview:large","max-video-preview":"max-video-preview:-1"},"canonical":"https:\/\/www.strukturholding.de\/fr\/creche-inclusive-presentee-par-woge-saar-et-gps\/","og_locale":"fr_FR","og_type":"article","og_title":"Cr\u00e8che inclusive pr\u00e9sent\u00e9e par WOGE Saar et GPS - SHS | Strukturholding Saar","og_description":"Un projet commun r\u00e9ussi de WOGE Saar et GPS La cr\u00e8che inclusive KiTa Raabe de","og_url":"https:\/\/www.strukturholding.de\/fr\/creche-inclusive-presentee-par-woge-saar-et-gps\/","og_site_name":"SHS | Strukturholding Saar","article_published_time":"2019-11-07T10:42:12+00:00","og_image":[{"width":1200,"height":630,"url":"https:\/\/www.strukturholding.de\/wp-content\/uploads\/2016\/10\/og_image_strukturholding.jpg","type":"image\/jpeg"}],"author":"roseburgard","twitter_misc":{"\u00c9crit par":"roseburgard","Dur\u00e9e de lecture estim\u00e9e":"5 minutes"},"schema":{"@context":"https:\/\/schema.org","@graph":[{"@type":"Article","@id":"https:\/\/www.strukturholding.de\/fr\/creche-inclusive-presentee-par-woge-saar-et-gps\/#article","isPartOf":{"@id":"https:\/\/www.strukturholding.de\/fr\/creche-inclusive-presentee-par-woge-saar-et-gps\/"},"author":{"name":"roseburgard","@id":"https:\/\/www.strukturholding.de\/#\/schema\/person\/6de28da221fc7edc231f999716e955c5"},"headline":"Cr\u00e8che inclusive pr\u00e9sent\u00e9e par WOGE Saar et GPS","datePublished":"2019-11-07T10:42:12+00:00","mainEntityOfPage":{"@id":"https:\/\/www.strukturholding.de\/fr\/creche-inclusive-presentee-par-woge-saar-et-gps\/"},"wordCount":958,"articleSection":["G\u00e9n\u00e9ral"],"inLanguage":"fr-FR"},{"@type":"WebPage","@id":"https:\/\/www.strukturholding.de\/fr\/creche-inclusive-presentee-par-woge-saar-et-gps\/","url":"https:\/\/www.strukturholding.de\/fr\/creche-inclusive-presentee-par-woge-saar-et-gps\/","name":"Cr\u00e8che inclusive pr\u00e9sent\u00e9e par WOGE Saar et GPS - SHS | Strukturholding Saar","isPartOf":{"@id":"https:\/\/www.strukturholding.de\/#website"},"datePublished":"2019-11-07T10:42:12+00:00","author":{"@id":"https:\/\/www.strukturholding.de\/#\/schema\/person\/6de28da221fc7edc231f999716e955c5"},"breadcrumb":{"@id":"https:\/\/www.strukturholding.de\/fr\/creche-inclusive-presentee-par-woge-saar-et-gps\/#breadcrumb"},"inLanguage":"fr-FR","potentialAction":[{"@type":"ReadAction","target":["https:\/\/www.strukturholding.de\/fr\/creche-inclusive-presentee-par-woge-saar-et-gps\/"]}]},{"@type":"BreadcrumbList","@id":"https:\/\/www.strukturholding.de\/fr\/creche-inclusive-presentee-par-woge-saar-et-gps\/#breadcrumb","itemListElement":[{"@type":"ListItem","position":1,"name":"Startseite","item":"https:\/\/www.strukturholding.de\/fr\/"},{"@type":"ListItem","position":2,"name":"Cr\u00e8che inclusive pr\u00e9sent\u00e9e par WOGE Saar et GPS"}]},{"@type":"WebSite","@id":"https:\/\/www.strukturholding.de\/#website","url":"https:\/\/www.strukturholding.de\/","name":"SHS | Strukturholding Saar","description":"","potentialAction":[{"@type":"SearchAction","target":{"@type":"EntryPoint","urlTemplate":"https:\/\/www.strukturholding.de\/?s={search_term_string}"},"query-input":{"@type":"PropertyValueSpecification","valueRequired":true,"valueName":"search_term_string"}}],"inLanguage":"fr-FR"},{"@type":"Person","@id":"https:\/\/www.strukturholding.de\/#\/schema\/person\/6de28da221fc7edc231f999716e955c5","name":"roseburgard","url":"https:\/\/www.strukturholding.de\/fr\/author\/rose\/"}]}},"_links":{"self":[{"href":"https:\/\/www.strukturholding.de\/fr\/wp-json\/wp\/v2\/posts\/14570","targetHints":{"allow":["GET"]}}],"collection":[{"href":"https:\/\/www.strukturholding.de\/fr\/wp-json\/wp\/v2\/posts"}],"about":[{"href":"https:\/\/www.strukturholding.de\/fr\/wp-json\/wp\/v2\/types\/post"}],"author":[{"embeddable":true,"href":"https:\/\/www.strukturholding.de\/fr\/wp-json\/wp\/v2\/users\/7"}],"replies":[{"embeddable":true,"href":"https:\/\/www.strukturholding.de\/fr\/wp-json\/wp\/v2\/comments?post=14570"}],"version-history":[{"count":0,"href":"https:\/\/www.strukturholding.de\/fr\/wp-json\/wp\/v2\/posts\/14570\/revisions"}],"wp:attachment":[{"href":"https:\/\/www.strukturholding.de\/fr\/wp-json\/wp\/v2\/media?parent=14570"}],"wp:term":[{"taxonomy":"category","embeddable":true,"href":"https:\/\/www.strukturholding.de\/fr\/wp-json\/wp\/v2\/categories?post=14570"},{"taxonomy":"post_tag","embeddable":true,"href":"https:\/\/www.strukturholding.de\/fr\/wp-json\/wp\/v2\/tags?post=14570"}],"curies":[{"name":"wp","href":"https:\/\/api.w.org\/{rel}","templated":true}]}}