{"id":13811,"date":"2019-05-09T16:15:26","date_gmt":"2019-05-09T14:15:26","guid":{"rendered":"https:\/\/www.strukturholding.de\/?p=13811"},"modified":"2019-05-09T16:15:26","modified_gmt":"2019-05-09T14:15:26","slug":"logistik-dialog-paris","status":"publish","type":"post","link":"https:\/\/www.strukturholding.de\/fr\/logistik-dialog-paris\/","title":{"rendered":"Logistik Dialog Paris"},"content":{"rendered":"<h1>Logistik Dialog Paris<\/h1>\n<p>Une invitation commune avait \u00e9t\u00e9 envoy\u00e9e au Minist\u00e8re de l\u2019\u00c9conomie, du Travail, de l\u2019\u00c9nergie et des Transports de la Sarre ainsi qu\u2019\u00e0 la gwSaar pour participer \u00e0 une table ronde au sein du Bureau de la Sarre \u00e0 Paris. Une table ronde principalement consacr\u00e9e \u00e0 l\u2019avenir de la logistique entre la Sarre et la France. C\u2019est ainsi que s\u2019est tenu, pour la premi\u00e8re fois, l\u2019\u00e9v\u00e9nement <em>Logistik Dialog<\/em> <em>Paris<\/em>, le vendredi 3\u00a0mai dernier dans les locaux du Bureau de la Sarre. Quels sont les futurs enjeux, mais \u00e9galement les potentiels en mati\u00e8re de logistique dans le cadre de la circulation transfrontali\u00e8re des marchandises, au vu de l\u2019importance grandissante de la d\u00e9mat\u00e9rialisation\u00a0? Ce sont ces th\u00e9matiques qu\u2019ont abord\u00e9es, \u00e0 Paris, des entrepreneurs du secteur logistique de la Sarre avec leurs partenaires fran\u00e7ais.<\/p>\n<p>Lors de son discours d\u2019ouverture, le secr\u00e9taire d\u2019\u00c9tat d\u00e9l\u00e9gu\u00e9 \u00e0 l\u2019\u00e9conomie, J\u00fcrgen Barke, a d\u00e9clar\u00e9\u00a0: \u00ab\u00a0L\u2019Allemagne et la France sont loin d\u2019avoir \u00e9puis\u00e9 leur potentiel en mati\u00e8re de coop\u00e9ration et de relations commerciales entre leurs secteurs logistiques. C\u2019est en particulier la d\u00e9mat\u00e9rialisation qui pourra nous permettre de renforcer notre collaboration. Nous devons mettre encore davantage \u00e0 profit les avantages g\u00e9ographiques de notre localisation optimale en Europe et les bonnes relations commerciales que nous entretenons avec nos voisins fran\u00e7ais. C\u2019est ainsi que nous pourrons, tous ensemble, fa\u00e7onner avec succ\u00e8s l\u2019avenir du secteur logistique au vu de la mutation num\u00e9rique qui s\u2019annonce. Je me r\u00e9jouis par avance que nous relevions ce d\u00e9fi main dans la main et que nous coop\u00e9rions tous ensemble dans le cadre de cet \u00e9v\u00e9nement.\u00a0\u00bb<\/p>\n<p><strong>Logistique dans la r\u00e9gion frontali\u00e8re<br \/>\n<\/strong>De par position g\u00e9ographique id\u00e9ale, ses liaisons avec les grands centres \u00e9conomiques europ\u00e9ens et sa fronti\u00e8re avec la France, la Sarre assume un r\u00f4le de lien \u00e9conomique et culturel entre ces territoires, mais est aussi et surtout une plaque tournante essentielle \u00e0 la circulation des marchandises. Toutefois, le secteur logistique, autour duquel tourne toute \u00e9conomie, doit maintenant faire face \u00e0 de nombreux d\u00e9fis, tels que la d\u00e9mat\u00e9rialisation ou encore les pr\u00e9parations d\u00e9j\u00e0 en cours pour un possible Brexit.<\/p>\n<p><strong>La n\u00e9cessit\u00e9 de partenariats forts<\/strong><br \/>\nLa Sarre et la France partagent plus qu\u2019une histoire commune et qu\u2019un partenariat traditionnel. La coop\u00e9ration entre les entreprises fran\u00e7aises et sarroises est, elle aussi, tr\u00e8s forte. C\u2019est pourquoi les repr\u00e9sentants de diff\u00e9rentes soci\u00e9t\u00e9s, comme le prestataire logistique fran\u00e7ais Volupal et son partenaire sarrois Bliestal Logistik, ainsi que l\u2019op\u00e9rateur fran\u00e7ais de fret ferroviaire Europorte, se sont retrouv\u00e9s \u00e0 Paris. Parmi les autres participants de la r\u00e9union au sein du Bureau de la Sarre : LVS, Landesverband Verkehrsgewerbe Saarland, htw saar, Transports Da Soler, BahnLog, BahnLog France et Mosolf France.<\/p>\n<p>Avant la table ronde, le docteur Oliver Gausmann, \u00e9conomiste et managing partner de l\u2019entreprise Convios Consulting GmbH, a abord\u00e9 la th\u00e9matique \u00ab\u00a0Transformation num\u00e9rique du secteur logistique \u2013 la coop\u00e9ration, cl\u00e9 de la r\u00e9ussite\u00a0\u00bb. L\u2019intervention suivante a \u00e9t\u00e9 celle de Christian Schmidt, directeur du d\u00e9veloppement hardware au sein de la Qbing Industrial Solutions GmbH, une jeune entreprise bas\u00e9e sur l\u2019InnovationsCampus de Sarrebruck. Sa th\u00e9matique\u00a0: \u00ab\u00a0RFID Tracking in an in- and outbound supply chain\u00a0\u00bb, une technologie permettant d\u2019identifier et de localiser les objets automatiquement et \u00e0 distance.<\/p>\n<p>Les deux intervenants ont lanc\u00e9 de nombreux sujets de discussion, animant ainsi les d\u00e9bats de la table ronde, et nombreuses sont les entreprises \u00e0 souhaiter poursuivre la discussion au-del\u00e0 de cet \u00e9v\u00e9nement. Elles r\u00e9fl\u00e9chissent \u00e9galement \u00e0 renforcer encore davantage leur collaboration. De tr\u00e8s beaux r\u00e9sultats pour la toute premi\u00e8re r\u00e9union de ce type entre la France et la Sarre.<\/p>\n<p><strong>\u00a0<\/strong><\/p>\n<p><strong>Le Bureau de la Sarre \u00e0 Paris<br \/>\n<\/strong>L\u2019objectif du Bureau de la Sarre \u00e0 Paris est de pr\u00e9senter la Sarre comme centre de comp\u00e9tences franco-allemand dans la capitale fran\u00e7aise. La Sarre souhaite, d\u2019une part, \u00e9tablir un pont avec l\u2019Allemagne et repr\u00e9senter, pour ce faire, une plate-forme de discussion politique pour le gouvernement fran\u00e7ais. D\u2019autre part, la Sarre souhaite \u00eatre une porte vers la France. Au cours des derni\u00e8res ann\u00e9es, de nombreuses manifestations ont permis d\u2019\u00e9tablir un vaste r\u00e9seau sur le terrain. Suite \u00e0 la r\u00e9ussite de la phase exp\u00e9rimentale, les activit\u00e9s du bureau de Paris ont \u00e9t\u00e9 affirm\u00e9es et doivent \u00eatre encore renforc\u00e9es \u00e0 l\u2019avenir. Car, c\u2019est bien connu, les petits ruisseaux font les grandes rivi\u00e8res (\u00ab\u00a0<em>Gro\u00dfes entsteht immer im Kleinen\u00a0<\/em>\u00bb, devise du Land). Seule repr\u00e9sentation d\u2019un Land allemand \u00e0 Paris, le Bureau de la Sarre est devenu un lieu de coop\u00e9ration franco-allemande au sein de la capitale fran\u00e7aise.\u00a0\u00a0 <a href=\"http:\/\/www.facebook.com\/bureaudelasarre\/\">www.facebook.com\/bureaudelasarre\/<\/a><\/p>\n<h6>rb<\/h6>\n<p>&nbsp;<\/p>\n","protected":false},"excerpt":{"rendered":"<p>Logistik Dialog Paris Une invitation commune avait \u00e9t\u00e9 envoy\u00e9e au Minist\u00e8re de l\u2019\u00c9conomie, du Travail,<\/p>\n","protected":false},"author":7,"featured_media":0,"comment_status":"closed","ping_status":"closed","sticky":false,"template":"","format":"standard","meta":{"_acf_changed":false,"footnotes":""},"categories":[3],"tags":[],"class_list":["post-13811","post","type-post","status-publish","format-standard","hentry","category-generale"],"acf":[],"yoast_head":"<!-- This site is optimized with the Yoast SEO plugin v27.4 - https:\/\/yoast.com\/product\/yoast-seo-wordpress\/ -->\n<title>Logistik Dialog Paris - SHS | Strukturholding Saar<\/title>\n<meta name=\"robots\" content=\"index, follow, max-snippet:-1, max-image-preview:large, max-video-preview:-1\" \/>\n<link rel=\"canonical\" href=\"https:\/\/www.strukturholding.de\/fr\/logistik-dialog-paris\/\" \/>\n<meta property=\"og:locale\" content=\"fr_FR\" \/>\n<meta property=\"og:type\" content=\"article\" \/>\n<meta property=\"og:title\" content=\"Logistik Dialog Paris - SHS | Strukturholding Saar\" \/>\n<meta property=\"og:description\" content=\"Logistik Dialog Paris Une invitation commune avait \u00e9t\u00e9 envoy\u00e9e au Minist\u00e8re de l\u2019\u00c9conomie, du Travail,\" \/>\n<meta property=\"og:url\" content=\"https:\/\/www.strukturholding.de\/fr\/logistik-dialog-paris\/\" \/>\n<meta property=\"og:site_name\" content=\"SHS | Strukturholding Saar\" \/>\n<meta property=\"article:published_time\" content=\"2019-05-09T14:15:26+00:00\" \/>\n<meta property=\"og:image\" content=\"https:\/\/www.strukturholding.de\/wp-content\/uploads\/2016\/10\/og_image_strukturholding.jpg\" \/>\n\t<meta property=\"og:image:width\" content=\"1200\" \/>\n\t<meta property=\"og:image:height\" content=\"630\" \/>\n\t<meta property=\"og:image:type\" content=\"image\/jpeg\" \/>\n<meta name=\"author\" content=\"roseburgard\" \/>\n<meta name=\"twitter:label1\" content=\"\u00c9crit par\" \/>\n\t<meta name=\"twitter:data1\" content=\"roseburgard\" \/>\n\t<meta name=\"twitter:label2\" content=\"Dur\u00e9e de lecture estim\u00e9e\" \/>\n\t<meta name=\"twitter:data2\" content=\"4 minutes\" \/>\n<script type=\"application\/ld+json\" class=\"yoast-schema-graph\">{\"@context\":\"https:\\\/\\\/schema.org\",\"@graph\":[{\"@type\":\"Article\",\"@id\":\"https:\\\/\\\/www.strukturholding.de\\\/fr\\\/logistik-dialog-paris\\\/#article\",\"isPartOf\":{\"@id\":\"https:\\\/\\\/www.strukturholding.de\\\/fr\\\/logistik-dialog-paris\\\/\"},\"author\":{\"name\":\"roseburgard\",\"@id\":\"https:\\\/\\\/www.strukturholding.de\\\/#\\\/schema\\\/person\\\/6de28da221fc7edc231f999716e955c5\"},\"headline\":\"Logistik Dialog Paris\",\"datePublished\":\"2019-05-09T14:15:26+00:00\",\"mainEntityOfPage\":{\"@id\":\"https:\\\/\\\/www.strukturholding.de\\\/fr\\\/logistik-dialog-paris\\\/\"},\"wordCount\":840,\"articleSection\":[\"G\u00e9n\u00e9ral\"],\"inLanguage\":\"fr-FR\"},{\"@type\":\"WebPage\",\"@id\":\"https:\\\/\\\/www.strukturholding.de\\\/fr\\\/logistik-dialog-paris\\\/\",\"url\":\"https:\\\/\\\/www.strukturholding.de\\\/fr\\\/logistik-dialog-paris\\\/\",\"name\":\"Logistik Dialog Paris - SHS | Strukturholding Saar\",\"isPartOf\":{\"@id\":\"https:\\\/\\\/www.strukturholding.de\\\/#website\"},\"datePublished\":\"2019-05-09T14:15:26+00:00\",\"author\":{\"@id\":\"https:\\\/\\\/www.strukturholding.de\\\/#\\\/schema\\\/person\\\/6de28da221fc7edc231f999716e955c5\"},\"breadcrumb\":{\"@id\":\"https:\\\/\\\/www.strukturholding.de\\\/fr\\\/logistik-dialog-paris\\\/#breadcrumb\"},\"inLanguage\":\"fr-FR\",\"potentialAction\":[{\"@type\":\"ReadAction\",\"target\":[\"https:\\\/\\\/www.strukturholding.de\\\/fr\\\/logistik-dialog-paris\\\/\"]}]},{\"@type\":\"BreadcrumbList\",\"@id\":\"https:\\\/\\\/www.strukturholding.de\\\/fr\\\/logistik-dialog-paris\\\/#breadcrumb\",\"itemListElement\":[{\"@type\":\"ListItem\",\"position\":1,\"name\":\"Startseite\",\"item\":\"https:\\\/\\\/www.strukturholding.de\\\/fr\\\/\"},{\"@type\":\"ListItem\",\"position\":2,\"name\":\"Logistik Dialog Paris\"}]},{\"@type\":\"WebSite\",\"@id\":\"https:\\\/\\\/www.strukturholding.de\\\/#website\",\"url\":\"https:\\\/\\\/www.strukturholding.de\\\/\",\"name\":\"SHS | Strukturholding Saar\",\"description\":\"\",\"potentialAction\":[{\"@type\":\"SearchAction\",\"target\":{\"@type\":\"EntryPoint\",\"urlTemplate\":\"https:\\\/\\\/www.strukturholding.de\\\/?s={search_term_string}\"},\"query-input\":{\"@type\":\"PropertyValueSpecification\",\"valueRequired\":true,\"valueName\":\"search_term_string\"}}],\"inLanguage\":\"fr-FR\"},{\"@type\":\"Person\",\"@id\":\"https:\\\/\\\/www.strukturholding.de\\\/#\\\/schema\\\/person\\\/6de28da221fc7edc231f999716e955c5\",\"name\":\"roseburgard\",\"url\":\"https:\\\/\\\/www.strukturholding.de\\\/fr\\\/author\\\/rose\\\/\"}]}<\/script>\n<!-- \/ Yoast SEO plugin. -->","yoast_head_json":{"title":"Logistik Dialog Paris - SHS | Strukturholding Saar","robots":{"index":"index","follow":"follow","max-snippet":"max-snippet:-1","max-image-preview":"max-image-preview:large","max-video-preview":"max-video-preview:-1"},"canonical":"https:\/\/www.strukturholding.de\/fr\/logistik-dialog-paris\/","og_locale":"fr_FR","og_type":"article","og_title":"Logistik Dialog Paris - SHS | Strukturholding Saar","og_description":"Logistik Dialog Paris Une invitation commune avait \u00e9t\u00e9 envoy\u00e9e au Minist\u00e8re de l\u2019\u00c9conomie, du Travail,","og_url":"https:\/\/www.strukturholding.de\/fr\/logistik-dialog-paris\/","og_site_name":"SHS | Strukturholding Saar","article_published_time":"2019-05-09T14:15:26+00:00","og_image":[{"width":1200,"height":630,"url":"https:\/\/www.strukturholding.de\/wp-content\/uploads\/2016\/10\/og_image_strukturholding.jpg","type":"image\/jpeg"}],"author":"roseburgard","twitter_misc":{"\u00c9crit par":"roseburgard","Dur\u00e9e de lecture estim\u00e9e":"4 minutes"},"schema":{"@context":"https:\/\/schema.org","@graph":[{"@type":"Article","@id":"https:\/\/www.strukturholding.de\/fr\/logistik-dialog-paris\/#article","isPartOf":{"@id":"https:\/\/www.strukturholding.de\/fr\/logistik-dialog-paris\/"},"author":{"name":"roseburgard","@id":"https:\/\/www.strukturholding.de\/#\/schema\/person\/6de28da221fc7edc231f999716e955c5"},"headline":"Logistik Dialog Paris","datePublished":"2019-05-09T14:15:26+00:00","mainEntityOfPage":{"@id":"https:\/\/www.strukturholding.de\/fr\/logistik-dialog-paris\/"},"wordCount":840,"articleSection":["G\u00e9n\u00e9ral"],"inLanguage":"fr-FR"},{"@type":"WebPage","@id":"https:\/\/www.strukturholding.de\/fr\/logistik-dialog-paris\/","url":"https:\/\/www.strukturholding.de\/fr\/logistik-dialog-paris\/","name":"Logistik Dialog Paris - SHS | Strukturholding Saar","isPartOf":{"@id":"https:\/\/www.strukturholding.de\/#website"},"datePublished":"2019-05-09T14:15:26+00:00","author":{"@id":"https:\/\/www.strukturholding.de\/#\/schema\/person\/6de28da221fc7edc231f999716e955c5"},"breadcrumb":{"@id":"https:\/\/www.strukturholding.de\/fr\/logistik-dialog-paris\/#breadcrumb"},"inLanguage":"fr-FR","potentialAction":[{"@type":"ReadAction","target":["https:\/\/www.strukturholding.de\/fr\/logistik-dialog-paris\/"]}]},{"@type":"BreadcrumbList","@id":"https:\/\/www.strukturholding.de\/fr\/logistik-dialog-paris\/#breadcrumb","itemListElement":[{"@type":"ListItem","position":1,"name":"Startseite","item":"https:\/\/www.strukturholding.de\/fr\/"},{"@type":"ListItem","position":2,"name":"Logistik Dialog Paris"}]},{"@type":"WebSite","@id":"https:\/\/www.strukturholding.de\/#website","url":"https:\/\/www.strukturholding.de\/","name":"SHS | Strukturholding Saar","description":"","potentialAction":[{"@type":"SearchAction","target":{"@type":"EntryPoint","urlTemplate":"https:\/\/www.strukturholding.de\/?s={search_term_string}"},"query-input":{"@type":"PropertyValueSpecification","valueRequired":true,"valueName":"search_term_string"}}],"inLanguage":"fr-FR"},{"@type":"Person","@id":"https:\/\/www.strukturholding.de\/#\/schema\/person\/6de28da221fc7edc231f999716e955c5","name":"roseburgard","url":"https:\/\/www.strukturholding.de\/fr\/author\/rose\/"}]}},"_links":{"self":[{"href":"https:\/\/www.strukturholding.de\/fr\/wp-json\/wp\/v2\/posts\/13811","targetHints":{"allow":["GET"]}}],"collection":[{"href":"https:\/\/www.strukturholding.de\/fr\/wp-json\/wp\/v2\/posts"}],"about":[{"href":"https:\/\/www.strukturholding.de\/fr\/wp-json\/wp\/v2\/types\/post"}],"author":[{"embeddable":true,"href":"https:\/\/www.strukturholding.de\/fr\/wp-json\/wp\/v2\/users\/7"}],"replies":[{"embeddable":true,"href":"https:\/\/www.strukturholding.de\/fr\/wp-json\/wp\/v2\/comments?post=13811"}],"version-history":[{"count":0,"href":"https:\/\/www.strukturholding.de\/fr\/wp-json\/wp\/v2\/posts\/13811\/revisions"}],"wp:attachment":[{"href":"https:\/\/www.strukturholding.de\/fr\/wp-json\/wp\/v2\/media?parent=13811"}],"wp:term":[{"taxonomy":"category","embeddable":true,"href":"https:\/\/www.strukturholding.de\/fr\/wp-json\/wp\/v2\/categories?post=13811"},{"taxonomy":"post_tag","embeddable":true,"href":"https:\/\/www.strukturholding.de\/fr\/wp-json\/wp\/v2\/tags?post=13811"}],"curies":[{"name":"wp","href":"https:\/\/api.w.org\/{rel}","templated":true}]}}