{"id":10659,"date":"2017-10-28T09:54:16","date_gmt":"2017-10-28T07:54:16","guid":{"rendered":"https:\/\/www.strukturholding.de\/?p=10659"},"modified":"2017-11-22T10:18:09","modified_gmt":"2017-11-22T09:18:09","slug":"un-autre-centre-de-services-pour-la-sarre","status":"publish","type":"post","link":"https:\/\/www.strukturholding.de\/fr\/un-autre-centre-de-services-pour-la-sarre\/","title":{"rendered":"Un autre centre de services pour la Sarre"},"content":{"rendered":"<h1>Un autre centre de services pour la Sarre<\/h1>\n<p>Le 28 octobre, en pr\u00e9sence du Secr\u00e9taire d\u00b4\u00c9tat de l\u00b4\u00e9conomie J\u00fcrgen Barke, le centre de services SympaTel Telemarketing de Pirmasens s\u00b4est officiellement install\u00e9 dans ses nouveaux locaux sarrois \u00e0 Sarrebruck (dans la rue Neugrabenweg\/Union Center, c\u00b4est-\u00e0 dire dans l\u00b4ancien b\u00e2timent de T-Systems). Avec plus de 100 emplois qui seront cr\u00e9\u00e9s, ce nouvel \u00e9tablissement de l\u00b4entreprise sera une bouff\u00e9e d\u00b4air frais pour la branche et aussi pour le site de Sarre.<\/p>\n<p>&nbsp;<\/p>\n<p><strong>Vent en poupe pour les centres de services en Sarre!<br \/>\n<\/strong>Le Secr\u00e9taire d\u00b4\u00c9tat J\u00fcrgen Barke se r\u00e9jouit: `La Sarre comme site pour les centres de services a gagn\u00e9 un acteur reconnu du secteur du marketing de dialogue. Depuis 25 ans, SympaTel s\u00b4affirme sur le march\u00e9. Avec son large portefeuille, l\u00b4entreprise sert tous les march\u00e9s germanophones et a augment\u00e9 ses effectifs de 15 \u00e0 l\u00b4origine \u00e0 d\u00e9sormais 750. Maintenant, on s\u00b4est d\u00e9cid\u00e9 pour une implantation en Sarre, ce qui montre une fois de plus que les conditions ici sont id\u00e9ales. Et cela n\u00b4implique pas seulement l\u00b4emplacement id\u00e9al d\u00b4un point de vue sarrois autant que transfrontalier mais aussi la qualification \u00e9prouv\u00e9e du personnel par la CallCenter Akademie. Particuli\u00e8rement encourageant est que 100 nouveaux emplois seront cr\u00e9\u00e9s.`<\/p>\n<p>Pour symboliser un bon d\u00e9part du nouveau site en Sarre, le ruban rouge a \u00e9t\u00e9 coup\u00e9 par le Secr\u00e9taire d\u00b4\u00c9tat J\u00fcrgen Barke, le g\u00e9rant de SympaTel Marc Oestreicher et la directrice de site Kerstin Zeyer. Le g\u00e9rant Oestreicher se r\u00e9jouit du nouveau d\u00e9part \u00e0 Sarrebruck: `Vu l\u00b4appui de la gwSaar au d\u00e9marrage qui nous a facilit\u00e9 et, particuli\u00e8rement, acceler\u00e9 tous les processus en Sarre, nous pensons que l\u00b4avenir du nouvel site sera r\u00e9ussi. Dans les prochains ans, il nous faut trouver de nouveaux march\u00e9s de recrutement de personnel. Par cons\u00e9quent, notre choix de site en faveur de Sarrebruck est assez explicite donn\u00e9 son grand bassin \u00e9conomique et la proximit\u00e9 de la France, mais aussi le fait que Sarrebruck est une ville universitaire. Il devrait donc \u00eatre facile de trouver des int\u00e9rimaires ici.<\/p>\n<p>&nbsp;<\/p>\n<p><strong>Formation centre d\u00b4appels qualifi\u00e9e<br \/>\n<\/strong>En plus, le centre recrute des personnes qui &#8211; avant de reprendre leur travail au Neugrabenweg de Sarrebruck &#8211; recoivent actuellement une formation technique dans le domaine de la communication. Mis en \u0153uvre par l\u00b4interm\u00e9diaire de l\u00b4Agentur f\u00fcr Arbeit Saarland, ce projet de formation est une autre chance pour les jeunes professionnels. La bonne coop\u00e9ration des trois acteurs Arbeitsagentur, CallCenter Akademie et l\u00b4entreprise nouvellement \u00e9tablie est un v\u00e9ritable atout pour les apprentis, mais aussi pour SympaTel. En outre, les nouveaux employ\u00e9s \u00e0 Sarrebruck seront instruits en interne dans tous les contenus par la nouvelle direction du site, compos\u00e9e de sp\u00e9cialistes du si\u00e8ge principal \u00e0 Pirmasens.<\/p>\n<p>La surface lou\u00e9e par SympaTel est actuellement con\u00e7ue pour 42 places de travail, et pour 70 places dans la phase finale d\u00b4extension. \u00c9tant donn\u00e9 qu\u00b4on travaille en \u00e9quipes, les stations de travail seront, en cas d\u00b4usage optimale, occup\u00e9s environ deux fois par jour.<\/p>\n<p>&nbsp;<\/p>\n<p><strong>Le Service Center SympaTel Telemarketing <\/strong><strong><br \/>\n<\/strong>Depuis 25 ans, SympaTel s\u00b4impose avec succ\u00e8s sur le march\u00e9. Environ dix millions d\u00b4appels trait\u00e9s, plus que deux millions d\u00b4adresses outbound, \u00e0 peu pr\u00e8s 500.000 e-mails trait\u00e9s, plus que 10.000 contacts de messagerie instantan\u00e9e et aux r\u00e9seaux des m\u00e9dias sociaux font preuve de l\u00b4\u00e9volution positive de l\u00b4entreprise. L\u00b4agence de services focalise son expertise sur le marketing de dialogue et, en particulier, sur les domaines du service client par \u00e9crit et par t\u00e9l\u00e9phone. Parmi ses clients comptent des soci\u00e9t\u00e9s de vente par correspondance (p. ex. K-Mail Order (groupe Klingel), Peter Hahn, Bader) et des agences de voyage. Les quatre sites allemands de l\u00b4entreprise se trouvent \u00e0 Pirmasens (si\u00e8ge principal), Kaiserslautern, Nuremberg et Sarrebruck.<\/p>\n<p><a href=\"http:\/\/www.sympatel.de\">www.sympatel.de<\/a><\/p>\n<p>&nbsp;<\/p>\n<p>&nbsp;<\/p>\n<p>&nbsp;<\/p>\n","protected":false},"excerpt":{"rendered":"<p>Un autre centre de services pour la Sarre Le 28 octobre, en pr\u00e9sence du Secr\u00e9taire<\/p>\n","protected":false},"author":7,"featured_media":0,"comment_status":"closed","ping_status":"closed","sticky":false,"template":"","format":"standard","meta":{"_acf_changed":false,"footnotes":""},"categories":[3],"tags":[],"class_list":["post-10659","post","type-post","status-publish","format-standard","hentry","category-generale"],"acf":[],"yoast_head":"<!-- This site is optimized with the Yoast SEO plugin v27.4 - https:\/\/yoast.com\/product\/yoast-seo-wordpress\/ -->\n<title>Un autre centre de services pour la Sarre - SHS | Strukturholding Saar<\/title>\n<meta name=\"robots\" content=\"index, follow, max-snippet:-1, max-image-preview:large, max-video-preview:-1\" \/>\n<link rel=\"canonical\" href=\"https:\/\/www.strukturholding.de\/fr\/un-autre-centre-de-services-pour-la-sarre\/\" \/>\n<meta property=\"og:locale\" content=\"fr_FR\" \/>\n<meta property=\"og:type\" content=\"article\" \/>\n<meta property=\"og:title\" content=\"Un autre centre de services pour la Sarre - SHS | Strukturholding Saar\" \/>\n<meta property=\"og:description\" content=\"Un autre centre de services pour la Sarre Le 28 octobre, en pr\u00e9sence du Secr\u00e9taire\" \/>\n<meta property=\"og:url\" content=\"https:\/\/www.strukturholding.de\/fr\/un-autre-centre-de-services-pour-la-sarre\/\" \/>\n<meta property=\"og:site_name\" content=\"SHS | Strukturholding Saar\" \/>\n<meta property=\"article:published_time\" content=\"2017-10-28T07:54:16+00:00\" \/>\n<meta property=\"article:modified_time\" content=\"2017-11-22T09:18:09+00:00\" \/>\n<meta property=\"og:image\" content=\"https:\/\/www.strukturholding.de\/wp-content\/uploads\/2016\/10\/og_image_strukturholding.jpg\" \/>\n\t<meta property=\"og:image:width\" content=\"1200\" \/>\n\t<meta property=\"og:image:height\" content=\"630\" \/>\n\t<meta property=\"og:image:type\" content=\"image\/jpeg\" \/>\n<meta name=\"author\" content=\"roseburgard\" \/>\n<meta name=\"twitter:label1\" content=\"\u00c9crit par\" \/>\n\t<meta name=\"twitter:data1\" content=\"roseburgard\" \/>\n\t<meta name=\"twitter:label2\" content=\"Dur\u00e9e de lecture estim\u00e9e\" \/>\n\t<meta name=\"twitter:data2\" content=\"3 minutes\" \/>\n<script type=\"application\/ld+json\" class=\"yoast-schema-graph\">{\"@context\":\"https:\\\/\\\/schema.org\",\"@graph\":[{\"@type\":\"Article\",\"@id\":\"https:\\\/\\\/www.strukturholding.de\\\/fr\\\/un-autre-centre-de-services-pour-la-sarre\\\/#article\",\"isPartOf\":{\"@id\":\"https:\\\/\\\/www.strukturholding.de\\\/fr\\\/un-autre-centre-de-services-pour-la-sarre\\\/\"},\"author\":{\"name\":\"roseburgard\",\"@id\":\"https:\\\/\\\/www.strukturholding.de\\\/#\\\/schema\\\/person\\\/6de28da221fc7edc231f999716e955c5\"},\"headline\":\"Un autre centre de services pour la Sarre\",\"datePublished\":\"2017-10-28T07:54:16+00:00\",\"dateModified\":\"2017-11-22T09:18:09+00:00\",\"mainEntityOfPage\":{\"@id\":\"https:\\\/\\\/www.strukturholding.de\\\/fr\\\/un-autre-centre-de-services-pour-la-sarre\\\/\"},\"wordCount\":688,\"articleSection\":[\"G\u00e9n\u00e9ral\"],\"inLanguage\":\"fr-FR\"},{\"@type\":\"WebPage\",\"@id\":\"https:\\\/\\\/www.strukturholding.de\\\/fr\\\/un-autre-centre-de-services-pour-la-sarre\\\/\",\"url\":\"https:\\\/\\\/www.strukturholding.de\\\/fr\\\/un-autre-centre-de-services-pour-la-sarre\\\/\",\"name\":\"Un autre centre de services pour la Sarre - SHS | Strukturholding Saar\",\"isPartOf\":{\"@id\":\"https:\\\/\\\/www.strukturholding.de\\\/#website\"},\"datePublished\":\"2017-10-28T07:54:16+00:00\",\"dateModified\":\"2017-11-22T09:18:09+00:00\",\"author\":{\"@id\":\"https:\\\/\\\/www.strukturholding.de\\\/#\\\/schema\\\/person\\\/6de28da221fc7edc231f999716e955c5\"},\"breadcrumb\":{\"@id\":\"https:\\\/\\\/www.strukturholding.de\\\/fr\\\/un-autre-centre-de-services-pour-la-sarre\\\/#breadcrumb\"},\"inLanguage\":\"fr-FR\",\"potentialAction\":[{\"@type\":\"ReadAction\",\"target\":[\"https:\\\/\\\/www.strukturholding.de\\\/fr\\\/un-autre-centre-de-services-pour-la-sarre\\\/\"]}]},{\"@type\":\"BreadcrumbList\",\"@id\":\"https:\\\/\\\/www.strukturholding.de\\\/fr\\\/un-autre-centre-de-services-pour-la-sarre\\\/#breadcrumb\",\"itemListElement\":[{\"@type\":\"ListItem\",\"position\":1,\"name\":\"Startseite\",\"item\":\"https:\\\/\\\/www.strukturholding.de\\\/fr\\\/\"},{\"@type\":\"ListItem\",\"position\":2,\"name\":\"Un autre centre de services pour la Sarre\"}]},{\"@type\":\"WebSite\",\"@id\":\"https:\\\/\\\/www.strukturholding.de\\\/#website\",\"url\":\"https:\\\/\\\/www.strukturholding.de\\\/\",\"name\":\"SHS | Strukturholding Saar\",\"description\":\"\",\"potentialAction\":[{\"@type\":\"SearchAction\",\"target\":{\"@type\":\"EntryPoint\",\"urlTemplate\":\"https:\\\/\\\/www.strukturholding.de\\\/?s={search_term_string}\"},\"query-input\":{\"@type\":\"PropertyValueSpecification\",\"valueRequired\":true,\"valueName\":\"search_term_string\"}}],\"inLanguage\":\"fr-FR\"},{\"@type\":\"Person\",\"@id\":\"https:\\\/\\\/www.strukturholding.de\\\/#\\\/schema\\\/person\\\/6de28da221fc7edc231f999716e955c5\",\"name\":\"roseburgard\",\"url\":\"https:\\\/\\\/www.strukturholding.de\\\/fr\\\/author\\\/rose\\\/\"}]}<\/script>\n<!-- \/ Yoast SEO plugin. -->","yoast_head_json":{"title":"Un autre centre de services pour la Sarre - SHS | Strukturholding Saar","robots":{"index":"index","follow":"follow","max-snippet":"max-snippet:-1","max-image-preview":"max-image-preview:large","max-video-preview":"max-video-preview:-1"},"canonical":"https:\/\/www.strukturholding.de\/fr\/un-autre-centre-de-services-pour-la-sarre\/","og_locale":"fr_FR","og_type":"article","og_title":"Un autre centre de services pour la Sarre - SHS | Strukturholding Saar","og_description":"Un autre centre de services pour la Sarre Le 28 octobre, en pr\u00e9sence du Secr\u00e9taire","og_url":"https:\/\/www.strukturholding.de\/fr\/un-autre-centre-de-services-pour-la-sarre\/","og_site_name":"SHS | Strukturholding Saar","article_published_time":"2017-10-28T07:54:16+00:00","article_modified_time":"2017-11-22T09:18:09+00:00","og_image":[{"width":1200,"height":630,"url":"https:\/\/www.strukturholding.de\/wp-content\/uploads\/2016\/10\/og_image_strukturholding.jpg","type":"image\/jpeg"}],"author":"roseburgard","twitter_misc":{"\u00c9crit par":"roseburgard","Dur\u00e9e de lecture estim\u00e9e":"3 minutes"},"schema":{"@context":"https:\/\/schema.org","@graph":[{"@type":"Article","@id":"https:\/\/www.strukturholding.de\/fr\/un-autre-centre-de-services-pour-la-sarre\/#article","isPartOf":{"@id":"https:\/\/www.strukturholding.de\/fr\/un-autre-centre-de-services-pour-la-sarre\/"},"author":{"name":"roseburgard","@id":"https:\/\/www.strukturholding.de\/#\/schema\/person\/6de28da221fc7edc231f999716e955c5"},"headline":"Un autre centre de services pour la Sarre","datePublished":"2017-10-28T07:54:16+00:00","dateModified":"2017-11-22T09:18:09+00:00","mainEntityOfPage":{"@id":"https:\/\/www.strukturholding.de\/fr\/un-autre-centre-de-services-pour-la-sarre\/"},"wordCount":688,"articleSection":["G\u00e9n\u00e9ral"],"inLanguage":"fr-FR"},{"@type":"WebPage","@id":"https:\/\/www.strukturholding.de\/fr\/un-autre-centre-de-services-pour-la-sarre\/","url":"https:\/\/www.strukturholding.de\/fr\/un-autre-centre-de-services-pour-la-sarre\/","name":"Un autre centre de services pour la Sarre - SHS | Strukturholding Saar","isPartOf":{"@id":"https:\/\/www.strukturholding.de\/#website"},"datePublished":"2017-10-28T07:54:16+00:00","dateModified":"2017-11-22T09:18:09+00:00","author":{"@id":"https:\/\/www.strukturholding.de\/#\/schema\/person\/6de28da221fc7edc231f999716e955c5"},"breadcrumb":{"@id":"https:\/\/www.strukturholding.de\/fr\/un-autre-centre-de-services-pour-la-sarre\/#breadcrumb"},"inLanguage":"fr-FR","potentialAction":[{"@type":"ReadAction","target":["https:\/\/www.strukturholding.de\/fr\/un-autre-centre-de-services-pour-la-sarre\/"]}]},{"@type":"BreadcrumbList","@id":"https:\/\/www.strukturholding.de\/fr\/un-autre-centre-de-services-pour-la-sarre\/#breadcrumb","itemListElement":[{"@type":"ListItem","position":1,"name":"Startseite","item":"https:\/\/www.strukturholding.de\/fr\/"},{"@type":"ListItem","position":2,"name":"Un autre centre de services pour la Sarre"}]},{"@type":"WebSite","@id":"https:\/\/www.strukturholding.de\/#website","url":"https:\/\/www.strukturholding.de\/","name":"SHS | Strukturholding Saar","description":"","potentialAction":[{"@type":"SearchAction","target":{"@type":"EntryPoint","urlTemplate":"https:\/\/www.strukturholding.de\/?s={search_term_string}"},"query-input":{"@type":"PropertyValueSpecification","valueRequired":true,"valueName":"search_term_string"}}],"inLanguage":"fr-FR"},{"@type":"Person","@id":"https:\/\/www.strukturholding.de\/#\/schema\/person\/6de28da221fc7edc231f999716e955c5","name":"roseburgard","url":"https:\/\/www.strukturholding.de\/fr\/author\/rose\/"}]}},"_links":{"self":[{"href":"https:\/\/www.strukturholding.de\/fr\/wp-json\/wp\/v2\/posts\/10659","targetHints":{"allow":["GET"]}}],"collection":[{"href":"https:\/\/www.strukturholding.de\/fr\/wp-json\/wp\/v2\/posts"}],"about":[{"href":"https:\/\/www.strukturholding.de\/fr\/wp-json\/wp\/v2\/types\/post"}],"author":[{"embeddable":true,"href":"https:\/\/www.strukturholding.de\/fr\/wp-json\/wp\/v2\/users\/7"}],"replies":[{"embeddable":true,"href":"https:\/\/www.strukturholding.de\/fr\/wp-json\/wp\/v2\/comments?post=10659"}],"version-history":[{"count":0,"href":"https:\/\/www.strukturholding.de\/fr\/wp-json\/wp\/v2\/posts\/10659\/revisions"}],"wp:attachment":[{"href":"https:\/\/www.strukturholding.de\/fr\/wp-json\/wp\/v2\/media?parent=10659"}],"wp:term":[{"taxonomy":"category","embeddable":true,"href":"https:\/\/www.strukturholding.de\/fr\/wp-json\/wp\/v2\/categories?post=10659"},{"taxonomy":"post_tag","embeddable":true,"href":"https:\/\/www.strukturholding.de\/fr\/wp-json\/wp\/v2\/tags?post=10659"}],"curies":[{"name":"wp","href":"https:\/\/api.w.org\/{rel}","templated":true}]}}