{"id":10625,"date":"2017-11-15T14:15:57","date_gmt":"2017-11-15T13:15:57","guid":{"rendered":"https:\/\/www.strukturholding.de\/?p=10625"},"modified":"2017-11-15T14:17:14","modified_gmt":"2017-11-15T13:17:14","slug":"premier-vol-depuis-scn-a-destination-de-la-metropole-bavaroise","status":"publish","type":"post","link":"https:\/\/www.strukturholding.de\/fr\/premier-vol-depuis-scn-a-destination-de-la-metropole-bavaroise\/","title":{"rendered":"Premier vol depuis SCN \u00e0 destination de la m\u00e9tropole bavaroise"},"content":{"rendered":"<h1>Premier vol depuis SCN \u00e0 destination de la m\u00e9tropole bavaroise<\/h1>\n<p>Le premier vol de la compagnie a\u00e9rienne bmi regional (British Midland Regional) entre Sarrebruck et Munich a eu lieu le 6 novembre dernier. C\u2019est, il est vrai, avec une heure de retard \u00e0 cause d\u2019un fort brouillard que, pour la premi\u00e8re fois depuis longtemps, un avion venu de Munich a de nouveau atterri \u00e0 Sarrebruck le 6 novembre \u00e0 10 h 50, par une belle journ\u00e9e d\u2019automne. Il s\u2019agissait d\u2019un jet de type Embraer 145 de la compagnie a\u00e9rienne bmi regional. Et c\u2019est exactement 50 minutes plus tard qu\u2019il a red\u00e9coll\u00e9 avec 27 passagers en direction de la capitale bavaroise \u2013 un d\u00e9part en beaut\u00e9 pour le premier vol Sarrebruck-Munich.<\/p>\n<p>Comme il est de coutume pour un premier vol, les pompiers de l\u2019a\u00e9roport ont accueilli l\u2019avion sur son chemin vers sa position de stationnement, et aussi bien Monsieur J\u00fcrgen Barke, pr\u00e9sident du conseil de surveillance de SCN et ministre d\u00e9l\u00e9gu\u00e9 \u00e0 l\u2019\u00c9conomie, que Monsieur Thomas Schuck, PDG de SCN, n\u2019ont pas manqu\u00e9 de saluer l\u2019ensemble de l\u2019\u00e9quipage en m\u00eame temps que Monsieur Benjamin Caja et Monsieur Fabrice Binet, repr\u00e9sentants de bmi.<br \/>\nSelon Monsieur J\u00fcrgen Barke, pr\u00e9sident du conseil de surveillance du SCN, l\u2019a\u00e9roport de Sarrebruck est bien \u00e9quip\u00e9 pour affronter l\u2019avenir. Selon ses propres mots : \u00ab C\u2019est en particulier pour l\u2019\u00e9conomie sarroise que la connexion avec Munich, cette m\u00e9tropole informatique, est devenue tr\u00e8s importante. Avec Hambourg et le prolongement de la connexion vers Berlin, notre a\u00e9roport dispose d\u2019une tr\u00e8s bonne position \u2013 non seulement pour la Sarre en tant que site \u00e9conomique, mais aussi en ce qui concerne le tourisme \u00e9v\u00e8nementiel et de vill\u00e9giature. \u00bb<\/p>\n<p>La nouvelle connexion est propos\u00e9e deux fois par jour, du lundi au vendredi, ainsi que le samedi matin. Avec ses 49 places, le jet 145 Embraer d\u00e9colle \u00e0 8 h 50 \u00e0 Munich pour atterrir \u00e0 9 h 40 \u00e0 Sarrebruck. Le d\u00e9collage \u00e0 destination de MUC est \u00e0 10 h 20 ; arriv\u00e9e \u00e0 MUC \u00e0 11 h 05. Le vol en soir\u00e9e a lieu \u00e0 20 h 00 du lundi au jeudi \u00e0 Munich pour atterrir \u00e0 21 h 00 \u00e0 SCN. \u00c0 partir d\u2019ici, il retourne \u00e0 21 h 30 \u00e0 Munich avec arriv\u00e9e \u00e0 22 h 15. Le vendredi, le d\u00e9part \u00e0 Munich est \u00e0 17 h 55 ; le retour \u00e0 Munich \u00e0 19 h 25. Le temps de vol de Sarrebruck \u00e0 Munich est donc de 50 minutes \u2013 le slogan suivant s\u2019applique donc : \u00ab D\u00e9sormais, Munich est plus proche que Francfort \u00bb.<\/p>\n<p>bmi regional se d\u00e9veloppe fortement sur le march\u00e9 allemand et consolide ainsi des connexions \u00e9tablies avec l\u2019industrie. Sarrebruck convient parfaitement au mod\u00e8le d\u2019exploitation qui vise fortement la client\u00e8le professionnelle. Monsieur Jochen Schnadt, PDG de bmi regional, d\u2019ajouter : \u00ab La connexion Sarrebruck-Munich est maintenant la troisi\u00e8me du r\u00e9seau de bmi regional en Allemagne. La combinaison de notre flotte avec de petits jets confortables de 50 places, les horaires de vol bien adapt\u00e9s aux besoins de clients professionnels qui voyagent fr\u00e9quemment ainsi que notre mod\u00e8le de vente qui offre aux clients un service traditionnel tout compris, trouvent au sein de l\u2019espace allemand un \u00e9cho qui ne cesse de croitre. Ses caract\u00e9ristiques de march\u00e9 bien particuli\u00e8res font de Sarrebruck un compl\u00e9ment logique pour notre hub \u00e0 Munich et, du fait des temps de voyage avec des moyens de d\u00e9placement alternatifs, nous nous attendons \u00e0 ce que les vols de 50 minutes seulement qui ont lieu deux fois par jour entre Sarrebruck et Munich seront appr\u00e9ci\u00e9s des clients. \u00bb<\/p>\n<p>Pour Monsieur Thomas Schuck, qui dirige l\u2019a\u00e9roport de Sarrebruck, Munich est \u00e9galement int\u00e9ressant en tant que plaque tournante : \u00ab Les passagers atteignent la deuxi\u00e8me vague de correspondances et ont ainsi la possibilit\u00e9 de partir depuis Munich vers 70 destinations \u00e0 travers le monde. \u00bb Ce qui est int\u00e9ressant particuli\u00e8rement pour les clients professionnels aux connexions importantes avec l\u2019Extr\u00eame-Orient. Aujourd\u2019hui, explique Monsieur Schuck, des premiers partages de codes int\u00e9ressants ont \u00e9t\u00e9 conclus, par exemple avec Condor via Munich vers 13 destinations de vacances longues distances, notamment l\u2019ile Maurice ou le Mexique, ou avec Air Dolomiti vers cinq villes italiennes.<\/p>\n<p>&nbsp;<\/p>\n<p><strong>Info : bmi regional<\/strong><br \/>\nbmi regional dispose d\u2019une flotte d\u2019au total 20 avions, compos\u00e9e uniquement de jets :<br \/>\n16 des types 145 et 4 ERJ 135 Embraer. Annuellement, la ligne a\u00e9rienne m\u00e8ne plus de 400 lignes r\u00e9guli\u00e8res par semaine vers 42 destinations dans 11 pays europ\u00e9ens et elle emploie plus de 400 collaborateurs. bmi a re\u00e7u non seulement en 2015, mais aussi en septembre 2016, le Munich Exchange Award. Le r\u00e9seau de lignes du transporteur a\u00e9rien inclut Oslo et Stavanger en Norv\u00e8ge, Bruxelles en Belgique, Esbjerg au Danemark, Br\u00eame, Rostock, Francfort, Hambourg, D\u00fcsseldorf, Munich et Nuremberg, Sarrebruck et Stuttgart en Allemagne, Milan Bergame et Milan Malpensa en Italie, Graz en Autriche, Paris et Toulouse en France, Brno en R\u00e9publique tch\u00e8que ; Lublin en Pologne ; Norrk\u00f6ping, Karlstad, J\u00f6nk\u00f6ping et G\u00f6teborg en Su\u00e8de ainsi qu\u2019Aberdeen, Birmingham, Bristol, Derry, East Midlands, Newcastle, Norwich, Londres Stansted et Southampton en Grande-Bretagne. Il est par ailleurs possible, via un num\u00e9ro de vol BM, de r\u00e9server un vol vers une des destinations suivantes desservies par Air Dolomiti : Florence, Venise, V\u00e9rone, Bari et Bologne.<\/p>\n","protected":false},"excerpt":{"rendered":"<p>Premier vol depuis SCN \u00e0 destination de la m\u00e9tropole bavaroise Le premier vol de la<\/p>\n","protected":false},"author":9,"featured_media":0,"comment_status":"closed","ping_status":"closed","sticky":false,"template":"","format":"standard","meta":{"_acf_changed":false,"footnotes":""},"categories":[3],"tags":[],"class_list":["post-10625","post","type-post","status-publish","format-standard","hentry","category-generale"],"acf":[],"yoast_head":"<!-- This site is optimized with the Yoast SEO plugin v27.4 - https:\/\/yoast.com\/product\/yoast-seo-wordpress\/ -->\n<title>Premier vol depuis SCN \u00e0 destination de la m\u00e9tropole bavaroise - SHS | Strukturholding Saar<\/title>\n<meta name=\"robots\" content=\"index, follow, max-snippet:-1, max-image-preview:large, max-video-preview:-1\" \/>\n<link rel=\"canonical\" href=\"https:\/\/www.strukturholding.de\/fr\/premier-vol-depuis-scn-a-destination-de-la-metropole-bavaroise\/\" \/>\n<meta property=\"og:locale\" content=\"fr_FR\" \/>\n<meta property=\"og:type\" content=\"article\" \/>\n<meta property=\"og:title\" content=\"Premier vol depuis SCN \u00e0 destination de la m\u00e9tropole bavaroise - SHS | Strukturholding Saar\" \/>\n<meta property=\"og:description\" content=\"Premier vol depuis SCN \u00e0 destination de la m\u00e9tropole bavaroise Le premier vol de la\" \/>\n<meta property=\"og:url\" content=\"https:\/\/www.strukturholding.de\/fr\/premier-vol-depuis-scn-a-destination-de-la-metropole-bavaroise\/\" \/>\n<meta property=\"og:site_name\" content=\"SHS | Strukturholding Saar\" \/>\n<meta property=\"article:published_time\" content=\"2017-11-15T13:15:57+00:00\" \/>\n<meta property=\"article:modified_time\" content=\"2017-11-15T13:17:14+00:00\" \/>\n<meta property=\"og:image\" content=\"https:\/\/www.strukturholding.de\/wp-content\/uploads\/2016\/10\/og_image_strukturholding.jpg\" \/>\n\t<meta property=\"og:image:width\" content=\"1200\" \/>\n\t<meta property=\"og:image:height\" content=\"630\" \/>\n\t<meta property=\"og:image:type\" content=\"image\/jpeg\" \/>\n<meta name=\"author\" content=\"ninasepeur\" \/>\n<meta name=\"twitter:label1\" content=\"\u00c9crit par\" \/>\n\t<meta name=\"twitter:data1\" content=\"ninasepeur\" \/>\n\t<meta name=\"twitter:label2\" content=\"Dur\u00e9e de lecture estim\u00e9e\" \/>\n\t<meta name=\"twitter:data2\" content=\"4 minutes\" \/>\n<script type=\"application\/ld+json\" class=\"yoast-schema-graph\">{\"@context\":\"https:\\\/\\\/schema.org\",\"@graph\":[{\"@type\":\"Article\",\"@id\":\"https:\\\/\\\/www.strukturholding.de\\\/fr\\\/premier-vol-depuis-scn-a-destination-de-la-metropole-bavaroise\\\/#article\",\"isPartOf\":{\"@id\":\"https:\\\/\\\/www.strukturholding.de\\\/fr\\\/premier-vol-depuis-scn-a-destination-de-la-metropole-bavaroise\\\/\"},\"author\":{\"name\":\"ninasepeur\",\"@id\":\"https:\\\/\\\/www.strukturholding.de\\\/#\\\/schema\\\/person\\\/20a9b4d1969a54b6a42705722ee7f9ca\"},\"headline\":\"Premier vol depuis SCN \u00e0 destination de la m\u00e9tropole bavaroise\",\"datePublished\":\"2017-11-15T13:15:57+00:00\",\"dateModified\":\"2017-11-15T13:17:14+00:00\",\"mainEntityOfPage\":{\"@id\":\"https:\\\/\\\/www.strukturholding.de\\\/fr\\\/premier-vol-depuis-scn-a-destination-de-la-metropole-bavaroise\\\/\"},\"wordCount\":889,\"articleSection\":[\"G\u00e9n\u00e9ral\"],\"inLanguage\":\"fr-FR\"},{\"@type\":\"WebPage\",\"@id\":\"https:\\\/\\\/www.strukturholding.de\\\/fr\\\/premier-vol-depuis-scn-a-destination-de-la-metropole-bavaroise\\\/\",\"url\":\"https:\\\/\\\/www.strukturholding.de\\\/fr\\\/premier-vol-depuis-scn-a-destination-de-la-metropole-bavaroise\\\/\",\"name\":\"Premier vol depuis SCN \u00e0 destination de la m\u00e9tropole bavaroise - SHS | Strukturholding Saar\",\"isPartOf\":{\"@id\":\"https:\\\/\\\/www.strukturholding.de\\\/#website\"},\"datePublished\":\"2017-11-15T13:15:57+00:00\",\"dateModified\":\"2017-11-15T13:17:14+00:00\",\"author\":{\"@id\":\"https:\\\/\\\/www.strukturholding.de\\\/#\\\/schema\\\/person\\\/20a9b4d1969a54b6a42705722ee7f9ca\"},\"breadcrumb\":{\"@id\":\"https:\\\/\\\/www.strukturholding.de\\\/fr\\\/premier-vol-depuis-scn-a-destination-de-la-metropole-bavaroise\\\/#breadcrumb\"},\"inLanguage\":\"fr-FR\",\"potentialAction\":[{\"@type\":\"ReadAction\",\"target\":[\"https:\\\/\\\/www.strukturholding.de\\\/fr\\\/premier-vol-depuis-scn-a-destination-de-la-metropole-bavaroise\\\/\"]}]},{\"@type\":\"BreadcrumbList\",\"@id\":\"https:\\\/\\\/www.strukturholding.de\\\/fr\\\/premier-vol-depuis-scn-a-destination-de-la-metropole-bavaroise\\\/#breadcrumb\",\"itemListElement\":[{\"@type\":\"ListItem\",\"position\":1,\"name\":\"Startseite\",\"item\":\"https:\\\/\\\/www.strukturholding.de\\\/fr\\\/\"},{\"@type\":\"ListItem\",\"position\":2,\"name\":\"Premier vol depuis SCN \u00e0 destination de la m\u00e9tropole bavaroise\"}]},{\"@type\":\"WebSite\",\"@id\":\"https:\\\/\\\/www.strukturholding.de\\\/#website\",\"url\":\"https:\\\/\\\/www.strukturholding.de\\\/\",\"name\":\"SHS | Strukturholding Saar\",\"description\":\"\",\"potentialAction\":[{\"@type\":\"SearchAction\",\"target\":{\"@type\":\"EntryPoint\",\"urlTemplate\":\"https:\\\/\\\/www.strukturholding.de\\\/?s={search_term_string}\"},\"query-input\":{\"@type\":\"PropertyValueSpecification\",\"valueRequired\":true,\"valueName\":\"search_term_string\"}}],\"inLanguage\":\"fr-FR\"},{\"@type\":\"Person\",\"@id\":\"https:\\\/\\\/www.strukturholding.de\\\/#\\\/schema\\\/person\\\/20a9b4d1969a54b6a42705722ee7f9ca\",\"name\":\"ninasepeur\",\"url\":\"https:\\\/\\\/www.strukturholding.de\\\/fr\\\/author\\\/nina-sepeur\\\/\"}]}<\/script>\n<!-- \/ Yoast SEO plugin. -->","yoast_head_json":{"title":"Premier vol depuis SCN \u00e0 destination de la m\u00e9tropole bavaroise - SHS | Strukturholding Saar","robots":{"index":"index","follow":"follow","max-snippet":"max-snippet:-1","max-image-preview":"max-image-preview:large","max-video-preview":"max-video-preview:-1"},"canonical":"https:\/\/www.strukturholding.de\/fr\/premier-vol-depuis-scn-a-destination-de-la-metropole-bavaroise\/","og_locale":"fr_FR","og_type":"article","og_title":"Premier vol depuis SCN \u00e0 destination de la m\u00e9tropole bavaroise - SHS | Strukturholding Saar","og_description":"Premier vol depuis SCN \u00e0 destination de la m\u00e9tropole bavaroise Le premier vol de la","og_url":"https:\/\/www.strukturholding.de\/fr\/premier-vol-depuis-scn-a-destination-de-la-metropole-bavaroise\/","og_site_name":"SHS | Strukturholding Saar","article_published_time":"2017-11-15T13:15:57+00:00","article_modified_time":"2017-11-15T13:17:14+00:00","og_image":[{"width":1200,"height":630,"url":"https:\/\/www.strukturholding.de\/wp-content\/uploads\/2016\/10\/og_image_strukturholding.jpg","type":"image\/jpeg"}],"author":"ninasepeur","twitter_misc":{"\u00c9crit par":"ninasepeur","Dur\u00e9e de lecture estim\u00e9e":"4 minutes"},"schema":{"@context":"https:\/\/schema.org","@graph":[{"@type":"Article","@id":"https:\/\/www.strukturholding.de\/fr\/premier-vol-depuis-scn-a-destination-de-la-metropole-bavaroise\/#article","isPartOf":{"@id":"https:\/\/www.strukturholding.de\/fr\/premier-vol-depuis-scn-a-destination-de-la-metropole-bavaroise\/"},"author":{"name":"ninasepeur","@id":"https:\/\/www.strukturholding.de\/#\/schema\/person\/20a9b4d1969a54b6a42705722ee7f9ca"},"headline":"Premier vol depuis SCN \u00e0 destination de la m\u00e9tropole bavaroise","datePublished":"2017-11-15T13:15:57+00:00","dateModified":"2017-11-15T13:17:14+00:00","mainEntityOfPage":{"@id":"https:\/\/www.strukturholding.de\/fr\/premier-vol-depuis-scn-a-destination-de-la-metropole-bavaroise\/"},"wordCount":889,"articleSection":["G\u00e9n\u00e9ral"],"inLanguage":"fr-FR"},{"@type":"WebPage","@id":"https:\/\/www.strukturholding.de\/fr\/premier-vol-depuis-scn-a-destination-de-la-metropole-bavaroise\/","url":"https:\/\/www.strukturholding.de\/fr\/premier-vol-depuis-scn-a-destination-de-la-metropole-bavaroise\/","name":"Premier vol depuis SCN \u00e0 destination de la m\u00e9tropole bavaroise - SHS | Strukturholding Saar","isPartOf":{"@id":"https:\/\/www.strukturholding.de\/#website"},"datePublished":"2017-11-15T13:15:57+00:00","dateModified":"2017-11-15T13:17:14+00:00","author":{"@id":"https:\/\/www.strukturholding.de\/#\/schema\/person\/20a9b4d1969a54b6a42705722ee7f9ca"},"breadcrumb":{"@id":"https:\/\/www.strukturholding.de\/fr\/premier-vol-depuis-scn-a-destination-de-la-metropole-bavaroise\/#breadcrumb"},"inLanguage":"fr-FR","potentialAction":[{"@type":"ReadAction","target":["https:\/\/www.strukturholding.de\/fr\/premier-vol-depuis-scn-a-destination-de-la-metropole-bavaroise\/"]}]},{"@type":"BreadcrumbList","@id":"https:\/\/www.strukturholding.de\/fr\/premier-vol-depuis-scn-a-destination-de-la-metropole-bavaroise\/#breadcrumb","itemListElement":[{"@type":"ListItem","position":1,"name":"Startseite","item":"https:\/\/www.strukturholding.de\/fr\/"},{"@type":"ListItem","position":2,"name":"Premier vol depuis SCN \u00e0 destination de la m\u00e9tropole bavaroise"}]},{"@type":"WebSite","@id":"https:\/\/www.strukturholding.de\/#website","url":"https:\/\/www.strukturholding.de\/","name":"SHS | Strukturholding Saar","description":"","potentialAction":[{"@type":"SearchAction","target":{"@type":"EntryPoint","urlTemplate":"https:\/\/www.strukturholding.de\/?s={search_term_string}"},"query-input":{"@type":"PropertyValueSpecification","valueRequired":true,"valueName":"search_term_string"}}],"inLanguage":"fr-FR"},{"@type":"Person","@id":"https:\/\/www.strukturholding.de\/#\/schema\/person\/20a9b4d1969a54b6a42705722ee7f9ca","name":"ninasepeur","url":"https:\/\/www.strukturholding.de\/fr\/author\/nina-sepeur\/"}]}},"_links":{"self":[{"href":"https:\/\/www.strukturholding.de\/fr\/wp-json\/wp\/v2\/posts\/10625","targetHints":{"allow":["GET"]}}],"collection":[{"href":"https:\/\/www.strukturholding.de\/fr\/wp-json\/wp\/v2\/posts"}],"about":[{"href":"https:\/\/www.strukturholding.de\/fr\/wp-json\/wp\/v2\/types\/post"}],"author":[{"embeddable":true,"href":"https:\/\/www.strukturholding.de\/fr\/wp-json\/wp\/v2\/users\/9"}],"replies":[{"embeddable":true,"href":"https:\/\/www.strukturholding.de\/fr\/wp-json\/wp\/v2\/comments?post=10625"}],"version-history":[{"count":0,"href":"https:\/\/www.strukturholding.de\/fr\/wp-json\/wp\/v2\/posts\/10625\/revisions"}],"wp:attachment":[{"href":"https:\/\/www.strukturholding.de\/fr\/wp-json\/wp\/v2\/media?parent=10625"}],"wp:term":[{"taxonomy":"category","embeddable":true,"href":"https:\/\/www.strukturholding.de\/fr\/wp-json\/wp\/v2\/categories?post=10625"},{"taxonomy":"post_tag","embeddable":true,"href":"https:\/\/www.strukturholding.de\/fr\/wp-json\/wp\/v2\/tags?post=10625"}],"curies":[{"name":"wp","href":"https:\/\/api.w.org\/{rel}","templated":true}]}}