{"id":26235,"date":"2025-07-18T13:52:14","date_gmt":"2025-07-18T11:52:14","guid":{"rendered":"https:\/\/www.strukturholding.de\/?p=26235"},"modified":"2025-07-18T13:52:14","modified_gmt":"2025-07-18T11:52:14","slug":"minister-jung-visits-raabe-inclusive-daycare-in-burbach-a-joint-project-by-woge-saar-and-gps","status":"publish","type":"post","link":"https:\/\/www.strukturholding.de\/en\/minister-jung-visits-raabe-inclusive-daycare-in-burbach-a-joint-project-by-woge-saar-and-gps\/","title":{"rendered":"Minister Jung visits \u2018Raabe\u2019 inclusive daycare in Burbach \u2013 a joint project by WOGE Saar and GPS"},"content":{"rendered":"<h1>Minister Jung visits \u2018Raabe\u2019 inclusive daycare in Burbach \u2013 a joint project by WOGE Saar and GPS<\/h1>\n<p>On 9 July, Magnus Jung, Minister of Labour, Social Affairs, Women and Health, visited the GPS (Gemeinn\u00fctzige Gesellschaft f\u00fcr Parit\u00e4tische Sozialarbeit) inclusive daycare \u2018Raabe\u2019 in Saarbr\u00fccken-Burbach as part of his summer tour. He was accompanied by Rita Gindorf-Wagner and Mirco Bertucci, CEOs of Wohnungsgesellschaft Saarland (WOGE Saar), who served as local cooperation partners and owners of the daycare building.<\/p>\n<p>The Minister\u2019s summer tour began in the Burbach district \u2013 an area with major social challenges, but also strong networks and lots of local engagement. The <a href=\"https:\/\/www.saarland.de\/masfg\/DE\/portale\/armut\/armutsbekaempfung_massnahmen\/quartiersbezogene_armutsbekaempfung\/perspektivquartier-burbach\">\u2018Saarbr\u00fccken-Burbach district with prospects\u2019<\/a> project by the Ministry specifically defined an area where the themes of poverty and socially subsidised housing sit front and centre.<br \/>\nWOGE Saar was also included in its role as a key player in the field of subsidised housing, and referenced measures previously implemented for socially subsidised housing projects. It also presented Flammstra\u00dfe \u2013 an area that is not directly part of the \u2018district with prospects\u2019, but sits right next to it. The aim is for increased investment to be made in social housing here in the coming years. The visit to the \u2018Raabe\u2019 daycare also sought to illustrate that WOGE\u2019s commitment is not limited to creating housing space. Instead, it is also making targeted investment in district development, especially in social infrastructure and measures to increase districts\u2019 attractiveness.<\/p>\n<p>GPS&#8217;s CEO Bernadette Hiery-Spaniol and daycare director Ms. Wetzel-Serbedzija guided the twelve-person tour group through the facility\u2019s bright spaces, providing a vivid insight into everyday educational life. The daycare takes an inclusive approach and draws on the principles of Montessori education.<\/p>\n<p>It was first presented to the public in October 2019. <a href=\"https:\/\/www.strukturholding.de\/en\/woge-saar-and-gps-presenting-inclusive-child-daycare-center\/\">&gt;&gt; Find out more<\/a><\/p>\n<p>Mirco Bertucci was impressed: \u2018It was an inspiring insight into a facility where inclusion and early childhood education are combined in impressive form. GPS is a vital stakeholder in Burbach and is making a major contribution to society thanks to its commitment.\u2019<\/p>\n","protected":false},"excerpt":{"rendered":"<p>Minister Jung visits \u2018Raabe\u2019 inclusive daycare in Burbach \u2013 a joint project by WOGE Saar<\/p>\n","protected":false},"author":7,"featured_media":0,"comment_status":"closed","ping_status":"closed","sticky":false,"template":"","format":"standard","meta":{"_acf_changed":false,"footnotes":""},"categories":[2],"tags":[],"class_list":["post-26235","post","type-post","status-publish","format-standard","hentry","category-general"],"acf":[],"yoast_head":"<!-- This site is optimized with the Yoast SEO plugin v27.4 - https:\/\/yoast.com\/product\/yoast-seo-wordpress\/ -->\n<title>Minister Jung visits \u2018Raabe\u2019 inclusive daycare in Burbach \u2013 a joint project by WOGE Saar and GPS - SHS | Strukturholding Saar<\/title>\n<meta name=\"robots\" content=\"index, follow, max-snippet:-1, max-image-preview:large, max-video-preview:-1\" \/>\n<link rel=\"canonical\" href=\"https:\/\/www.strukturholding.de\/en\/minister-jung-visits-raabe-inclusive-daycare-in-burbach-a-joint-project-by-woge-saar-and-gps\/\" \/>\n<meta property=\"og:locale\" content=\"en_US\" \/>\n<meta property=\"og:type\" content=\"article\" \/>\n<meta property=\"og:title\" content=\"Minister Jung visits \u2018Raabe\u2019 inclusive daycare in Burbach \u2013 a joint project by WOGE Saar and GPS - SHS | Strukturholding Saar\" \/>\n<meta property=\"og:description\" content=\"Minister Jung visits \u2018Raabe\u2019 inclusive daycare in Burbach \u2013 a joint project by WOGE Saar\" \/>\n<meta property=\"og:url\" content=\"https:\/\/www.strukturholding.de\/en\/minister-jung-visits-raabe-inclusive-daycare-in-burbach-a-joint-project-by-woge-saar-and-gps\/\" \/>\n<meta property=\"og:site_name\" content=\"SHS | Strukturholding Saar\" \/>\n<meta property=\"article:published_time\" content=\"2025-07-18T11:52:14+00:00\" \/>\n<meta property=\"og:image\" content=\"https:\/\/www.strukturholding.de\/wp-content\/uploads\/2016\/10\/og_image_strukturholding.jpg\" \/>\n\t<meta property=\"og:image:width\" content=\"1200\" \/>\n\t<meta property=\"og:image:height\" content=\"630\" \/>\n\t<meta property=\"og:image:type\" content=\"image\/jpeg\" \/>\n<meta name=\"author\" content=\"roseburgard\" \/>\n<meta name=\"twitter:label1\" content=\"Written by\" \/>\n\t<meta name=\"twitter:data1\" content=\"roseburgard\" \/>\n\t<meta name=\"twitter:label2\" content=\"Est. reading time\" \/>\n\t<meta name=\"twitter:data2\" content=\"2 minutes\" \/>\n<script type=\"application\/ld+json\" class=\"yoast-schema-graph\">{\"@context\":\"https:\\\/\\\/schema.org\",\"@graph\":[{\"@type\":\"Article\",\"@id\":\"https:\\\/\\\/www.strukturholding.de\\\/en\\\/minister-jung-visits-raabe-inclusive-daycare-in-burbach-a-joint-project-by-woge-saar-and-gps\\\/#article\",\"isPartOf\":{\"@id\":\"https:\\\/\\\/www.strukturholding.de\\\/en\\\/minister-jung-visits-raabe-inclusive-daycare-in-burbach-a-joint-project-by-woge-saar-and-gps\\\/\"},\"author\":{\"name\":\"roseburgard\",\"@id\":\"https:\\\/\\\/www.strukturholding.de\\\/#\\\/schema\\\/person\\\/6de28da221fc7edc231f999716e955c5\"},\"headline\":\"Minister Jung visits \u2018Raabe\u2019 inclusive daycare in Burbach \u2013 a joint project by WOGE Saar and GPS\",\"datePublished\":\"2025-07-18T11:52:14+00:00\",\"mainEntityOfPage\":{\"@id\":\"https:\\\/\\\/www.strukturholding.de\\\/en\\\/minister-jung-visits-raabe-inclusive-daycare-in-burbach-a-joint-project-by-woge-saar-and-gps\\\/\"},\"wordCount\":353,\"articleSection\":[\"General\"],\"inLanguage\":\"en-US\"},{\"@type\":\"WebPage\",\"@id\":\"https:\\\/\\\/www.strukturholding.de\\\/en\\\/minister-jung-visits-raabe-inclusive-daycare-in-burbach-a-joint-project-by-woge-saar-and-gps\\\/\",\"url\":\"https:\\\/\\\/www.strukturholding.de\\\/en\\\/minister-jung-visits-raabe-inclusive-daycare-in-burbach-a-joint-project-by-woge-saar-and-gps\\\/\",\"name\":\"Minister Jung visits \u2018Raabe\u2019 inclusive daycare in Burbach \u2013 a joint project by WOGE Saar and GPS - SHS | Strukturholding Saar\",\"isPartOf\":{\"@id\":\"https:\\\/\\\/www.strukturholding.de\\\/#website\"},\"datePublished\":\"2025-07-18T11:52:14+00:00\",\"author\":{\"@id\":\"https:\\\/\\\/www.strukturholding.de\\\/#\\\/schema\\\/person\\\/6de28da221fc7edc231f999716e955c5\"},\"breadcrumb\":{\"@id\":\"https:\\\/\\\/www.strukturholding.de\\\/en\\\/minister-jung-visits-raabe-inclusive-daycare-in-burbach-a-joint-project-by-woge-saar-and-gps\\\/#breadcrumb\"},\"inLanguage\":\"en-US\",\"potentialAction\":[{\"@type\":\"ReadAction\",\"target\":[\"https:\\\/\\\/www.strukturholding.de\\\/en\\\/minister-jung-visits-raabe-inclusive-daycare-in-burbach-a-joint-project-by-woge-saar-and-gps\\\/\"]}]},{\"@type\":\"BreadcrumbList\",\"@id\":\"https:\\\/\\\/www.strukturholding.de\\\/en\\\/minister-jung-visits-raabe-inclusive-daycare-in-burbach-a-joint-project-by-woge-saar-and-gps\\\/#breadcrumb\",\"itemListElement\":[{\"@type\":\"ListItem\",\"position\":1,\"name\":\"Startseite\",\"item\":\"https:\\\/\\\/www.strukturholding.de\\\/en\\\/\"},{\"@type\":\"ListItem\",\"position\":2,\"name\":\"Minister Jung visits \u2018Raabe\u2019 inclusive daycare in Burbach \u2013 a joint project by WOGE Saar and GPS\"}]},{\"@type\":\"WebSite\",\"@id\":\"https:\\\/\\\/www.strukturholding.de\\\/#website\",\"url\":\"https:\\\/\\\/www.strukturholding.de\\\/\",\"name\":\"SHS | Strukturholding Saar\",\"description\":\"\",\"potentialAction\":[{\"@type\":\"SearchAction\",\"target\":{\"@type\":\"EntryPoint\",\"urlTemplate\":\"https:\\\/\\\/www.strukturholding.de\\\/?s={search_term_string}\"},\"query-input\":{\"@type\":\"PropertyValueSpecification\",\"valueRequired\":true,\"valueName\":\"search_term_string\"}}],\"inLanguage\":\"en-US\"},{\"@type\":\"Person\",\"@id\":\"https:\\\/\\\/www.strukturholding.de\\\/#\\\/schema\\\/person\\\/6de28da221fc7edc231f999716e955c5\",\"name\":\"roseburgard\",\"url\":\"https:\\\/\\\/www.strukturholding.de\\\/en\\\/author\\\/rose\\\/\"}]}<\/script>\n<!-- \/ Yoast SEO plugin. -->","yoast_head_json":{"title":"Minister Jung visits \u2018Raabe\u2019 inclusive daycare in Burbach \u2013 a joint project by WOGE Saar and GPS - SHS | Strukturholding Saar","robots":{"index":"index","follow":"follow","max-snippet":"max-snippet:-1","max-image-preview":"max-image-preview:large","max-video-preview":"max-video-preview:-1"},"canonical":"https:\/\/www.strukturholding.de\/en\/minister-jung-visits-raabe-inclusive-daycare-in-burbach-a-joint-project-by-woge-saar-and-gps\/","og_locale":"en_US","og_type":"article","og_title":"Minister Jung visits \u2018Raabe\u2019 inclusive daycare in Burbach \u2013 a joint project by WOGE Saar and GPS - SHS | Strukturholding Saar","og_description":"Minister Jung visits \u2018Raabe\u2019 inclusive daycare in Burbach \u2013 a joint project by WOGE Saar","og_url":"https:\/\/www.strukturholding.de\/en\/minister-jung-visits-raabe-inclusive-daycare-in-burbach-a-joint-project-by-woge-saar-and-gps\/","og_site_name":"SHS | Strukturholding Saar","article_published_time":"2025-07-18T11:52:14+00:00","og_image":[{"width":1200,"height":630,"url":"https:\/\/www.strukturholding.de\/wp-content\/uploads\/2016\/10\/og_image_strukturholding.jpg","type":"image\/jpeg"}],"author":"roseburgard","twitter_misc":{"Written by":"roseburgard","Est. reading time":"2 minutes"},"schema":{"@context":"https:\/\/schema.org","@graph":[{"@type":"Article","@id":"https:\/\/www.strukturholding.de\/en\/minister-jung-visits-raabe-inclusive-daycare-in-burbach-a-joint-project-by-woge-saar-and-gps\/#article","isPartOf":{"@id":"https:\/\/www.strukturholding.de\/en\/minister-jung-visits-raabe-inclusive-daycare-in-burbach-a-joint-project-by-woge-saar-and-gps\/"},"author":{"name":"roseburgard","@id":"https:\/\/www.strukturholding.de\/#\/schema\/person\/6de28da221fc7edc231f999716e955c5"},"headline":"Minister Jung visits \u2018Raabe\u2019 inclusive daycare in Burbach \u2013 a joint project by WOGE Saar and GPS","datePublished":"2025-07-18T11:52:14+00:00","mainEntityOfPage":{"@id":"https:\/\/www.strukturholding.de\/en\/minister-jung-visits-raabe-inclusive-daycare-in-burbach-a-joint-project-by-woge-saar-and-gps\/"},"wordCount":353,"articleSection":["General"],"inLanguage":"en-US"},{"@type":"WebPage","@id":"https:\/\/www.strukturholding.de\/en\/minister-jung-visits-raabe-inclusive-daycare-in-burbach-a-joint-project-by-woge-saar-and-gps\/","url":"https:\/\/www.strukturholding.de\/en\/minister-jung-visits-raabe-inclusive-daycare-in-burbach-a-joint-project-by-woge-saar-and-gps\/","name":"Minister Jung visits \u2018Raabe\u2019 inclusive daycare in Burbach \u2013 a joint project by WOGE Saar and GPS - SHS | Strukturholding Saar","isPartOf":{"@id":"https:\/\/www.strukturholding.de\/#website"},"datePublished":"2025-07-18T11:52:14+00:00","author":{"@id":"https:\/\/www.strukturholding.de\/#\/schema\/person\/6de28da221fc7edc231f999716e955c5"},"breadcrumb":{"@id":"https:\/\/www.strukturholding.de\/en\/minister-jung-visits-raabe-inclusive-daycare-in-burbach-a-joint-project-by-woge-saar-and-gps\/#breadcrumb"},"inLanguage":"en-US","potentialAction":[{"@type":"ReadAction","target":["https:\/\/www.strukturholding.de\/en\/minister-jung-visits-raabe-inclusive-daycare-in-burbach-a-joint-project-by-woge-saar-and-gps\/"]}]},{"@type":"BreadcrumbList","@id":"https:\/\/www.strukturholding.de\/en\/minister-jung-visits-raabe-inclusive-daycare-in-burbach-a-joint-project-by-woge-saar-and-gps\/#breadcrumb","itemListElement":[{"@type":"ListItem","position":1,"name":"Startseite","item":"https:\/\/www.strukturholding.de\/en\/"},{"@type":"ListItem","position":2,"name":"Minister Jung visits \u2018Raabe\u2019 inclusive daycare in Burbach \u2013 a joint project by WOGE Saar and GPS"}]},{"@type":"WebSite","@id":"https:\/\/www.strukturholding.de\/#website","url":"https:\/\/www.strukturholding.de\/","name":"SHS | Strukturholding Saar","description":"","potentialAction":[{"@type":"SearchAction","target":{"@type":"EntryPoint","urlTemplate":"https:\/\/www.strukturholding.de\/?s={search_term_string}"},"query-input":{"@type":"PropertyValueSpecification","valueRequired":true,"valueName":"search_term_string"}}],"inLanguage":"en-US"},{"@type":"Person","@id":"https:\/\/www.strukturholding.de\/#\/schema\/person\/6de28da221fc7edc231f999716e955c5","name":"roseburgard","url":"https:\/\/www.strukturholding.de\/en\/author\/rose\/"}]}},"_links":{"self":[{"href":"https:\/\/www.strukturholding.de\/en\/wp-json\/wp\/v2\/posts\/26235","targetHints":{"allow":["GET"]}}],"collection":[{"href":"https:\/\/www.strukturholding.de\/en\/wp-json\/wp\/v2\/posts"}],"about":[{"href":"https:\/\/www.strukturholding.de\/en\/wp-json\/wp\/v2\/types\/post"}],"author":[{"embeddable":true,"href":"https:\/\/www.strukturholding.de\/en\/wp-json\/wp\/v2\/users\/7"}],"replies":[{"embeddable":true,"href":"https:\/\/www.strukturholding.de\/en\/wp-json\/wp\/v2\/comments?post=26235"}],"version-history":[{"count":3,"href":"https:\/\/www.strukturholding.de\/en\/wp-json\/wp\/v2\/posts\/26235\/revisions"}],"predecessor-version":[{"id":26238,"href":"https:\/\/www.strukturholding.de\/en\/wp-json\/wp\/v2\/posts\/26235\/revisions\/26238"}],"wp:attachment":[{"href":"https:\/\/www.strukturholding.de\/en\/wp-json\/wp\/v2\/media?parent=26235"}],"wp:term":[{"taxonomy":"category","embeddable":true,"href":"https:\/\/www.strukturholding.de\/en\/wp-json\/wp\/v2\/categories?post=26235"},{"taxonomy":"post_tag","embeddable":true,"href":"https:\/\/www.strukturholding.de\/en\/wp-json\/wp\/v2\/tags?post=26235"}],"curies":[{"name":"wp","href":"https:\/\/api.w.org\/{rel}","templated":true}]}}